{"id":16790,"date":"2025-10-22T17:37:03","date_gmt":"2025-10-22T17:37:03","guid":{"rendered":"https:\/\/www.firstlapf1.com\/?p=16790"},"modified":"2025-10-25T10:39:08","modified_gmt":"2025-10-25T10:39:08","slug":"oficial-joshua-durksen-enfrentara-2026-junto-a-invicta","status":"publish","type":"post","link":"https:\/\/www.firstlapf1.com\/en\/oficial-joshua-durksen-enfrentara-2026-junto-a-invicta\/","title":{"rendered":"OFICIAL: Joshua D\u00fcrksen enfrentar\u00e1 2026 junto a Invicta"},"content":{"rendered":"<h2 class=\"wp-block-heading\">El paraguayo Joshua D\u00fcrksen disputar\u00e1 su 3\u00b0 temporada en la F2 junto a Invicta. Es el primer piloto confirmado para los vigentes campeones<\/h2>\n\n\n\n<p>A esta campa\u00f1a 2025 de la F\u00f3rmula 2 le quedan dos fines de semana, y por ende las confirmaciones de los distintos equipos son m\u00e1s frecuentes. Invicta Racing, los vigentes campeones de equipos en la categor\u00eda, confirman el d\u00eda de hoy a su primer piloto para 2026, Joshua D\u00fcrksen, que estar\u00e1 en su tercera temporada en la categor\u00eda. Actualmente se encuentra en la P12 del campeonato, con 66 puntos, 4 podios y una victoria. <\/p>\n\n\n\n<h2 class=\"wp-block-heading has-normal-font-size\">Declaraciones <\/h2>\n\n\n\n<p>Joshua D\u00fcrksen:<\/p>\n\n\n\n<p><strong>\u00abEstoy incre\u00edblemente orgulloso de poder representar a Invicta Racing y a Paraguay para la temporada 2026 de F\u00f3rmula 2. El equipo ha demostrado durante a\u00f1os que es uno de los mejores en el campeonato, y estoy emocionado de aprovechar esta oportunidad. He aprendido mucho durante mi tiempo en la F2 hasta ahora, y me siento listo para luchar al frente cada fin de semana y para mostrar de lo que Paraguay es capaz. Tengo muchas ganas de comenzar a trabajar con todos en el equipo, y conf\u00edo en que podemos lograr grandes cosas juntos el pr\u00f3ximo a\u00f1o\u00bb.<\/strong><\/p>\n\n\n\n<p>James Robinson, jefe de equipo de Invicta Racing:<\/p>\n\n\n\n<p><strong>\u00abJoshua ha sido uno de los pilotos m\u00e1s destacados en la F\u00f3rmula 2 durante las \u00faltimas temporadas y estamos muy emocionados de darle la bienvenida a Invicta Racing para 2026. Es un ganador de carreras probado, con no solo la velocidad, sino tambi\u00e9n la mentalidad necesaria para competir en la parte delantera de la parrilla. La capacidad de Joshua para sacar el m\u00e1ximo rendimiento bajo presi\u00f3n y su compromiso con la mejora constante nos han impresionado de inmediato, y estoy seguro de que lograremos grandes resultados juntos el pr\u00f3ximo a\u00f1o\u00bb.<\/strong><\/p>\n\n\n\n<h2 class=\"wp-block-heading has-normal-font-size\">Trayectoria <\/h2>\n\n\n\n<p>De nacimiento paraguayo y alem\u00e1n por ascendencia de su bisabuelo, Joshua D\u00fcrksen tuvo un paso por el karting bastante discreto. De lo poco que se sabe es que particip\u00f3 por primera vez de manera internacional en la Rotax Max Challenge de 2017, donde se convirti\u00f3 en el primer paraguayo en llegar a la final. Ya en en 2019 inici\u00f3 su andadura en los monoplazas, luego de que no pudiese participar en la F4 Francesa.<\/p>\n\n\n\n<p>En la F\u00f3rmula 4 de los Emiratos \u00c1rabes Unidos  comenz\u00f3 por todo lo alto. Joshua se alz\u00f3 con su primera victoria en la primera ronda del campeonato en el Dubai Autodrome en la cuarta carrera, luego de 2 podios en la misma pista. A esta le seguir\u00edan 2 en Yas Marina (acompa\u00f1adas de un tercer puesto y un quinto), y otra en Dub\u00e1i. En la siguiente ronda de Abu Dhabi logr\u00f3 otro tercer puesto, pero ninguna victoria, y ya en la \u00faltima ronda logr\u00f3 otra victoria y podio, pero vendr\u00eda su primer retiro. Qued\u00f3 finalmente en segundo lugar detr\u00e1s de Matteo Nanini. Ese a\u00f1o disput\u00f3 F4 Italiana y la ADAC, en las que solo logr\u00f3 una victoria en Italia.<\/p>\n\n\n\n<p>Durante los pr\u00f3ximos a\u00f1os estuvo entre ambos campeonatos, Euroformula Open, FRECA y FRMEC, donde obtendr\u00eda un sexto lugar como mejor clasificaci\u00f3n final. En 2024, y al igual que Antonelli, subir\u00eda a la F2 junto a PHM AIX Racing (ahora AIX Racing), con quienes ha disputado estos 2 a\u00f1os, logrando tres victorias, y un P10 final en 2024.<\/p>\n\n\n\n<figure class=\"wp-block-image size-large\"><img loading=\"lazy\" decoding=\"async\" width=\"819\" height=\"1024\" src=\"https:\/\/www.firstlapf1.com\/wp-content\/uploads\/2025\/10\/1000063092-819x1024.jpg\" alt=\"\" class=\"wp-image-16796\" srcset=\"https:\/\/www.firstlapf1.com\/wp-content\/uploads\/2025\/10\/1000063092-819x1024.jpg 819w, https:\/\/www.firstlapf1.com\/wp-content\/uploads\/2025\/10\/1000063092-240x300.jpg 240w, https:\/\/www.firstlapf1.com\/wp-content\/uploads\/2025\/10\/1000063092-768x960.jpg 768w, https:\/\/www.firstlapf1.com\/wp-content\/uploads\/2025\/10\/1000063092-10x12.jpg 10w, https:\/\/www.firstlapf1.com\/wp-content\/uploads\/2025\/10\/1000063092.jpg 1080w\" sizes=\"auto, (max-width: 819px) 100vw, 819px\" \/><figcaption class=\"wp-element-caption\">Fuente: Invicta Racing en X (fuente portada: F2 en X)<\/figcaption><\/figure>","protected":false},"excerpt":{"rendered":"<p>El paraguayo Joshua D\u00fcrksen disputar\u00e1 su 3\u00b0 temporada en la F2 junto a Invicta. Es el primer piloto confirmado para los vigentes campeones &hellip; <span class=\"more-button\"><a href=\"https:\/\/www.firstlapf1.com\/en\/oficial-joshua-durksen-enfrentara-2026-junto-a-invicta\/\" class=\"more-link\">Continue reading<span class=\"screen-reader-text\">OFICIAL: Joshua D\u00fcrksen enfrentar\u00e1 2026 junto a Invicta<\/span><\/a><\/span><\/p>","protected":false},"author":42,"featured_media":16798,"comment_status":"closed","ping_status":"open","sticky":false,"template":"","format":"standard","meta":{"_jetpack_memberships_contains_paid_content":false,"footnotes":""},"categories":[60,9,59],"tags":[],"class_list":["post-16790","post","type-post","status-publish","format-standard","has-post-thumbnail","hentry","category-aix-racing","category-f2","category-invicta"],"yoast_head":"<!-- This site is optimized with the Yoast SEO plugin v27.0 - https:\/\/yoast.com\/product\/yoast-seo-wordpress\/ -->\n<title>OFICIAL: Joshua D\u00fcrksen enfrentar\u00e1 2026 junto a Invicta - Noticias F1 en espa\u00f1ol<\/title>\n<meta name=\"description\" content=\"El paraguayo Joshua D\u00fcrksen disputar\u00e1 su 3\u00b0 temporada en la F2 junto a Invicta. Es el primer piloto confirmado para los vigentes campeones\" \/>\n<meta name=\"robots\" content=\"index, follow, max-snippet:-1, max-image-preview:large, max-video-preview:-1\" \/>\n<link rel=\"canonical\" href=\"https:\/\/www.firstlapf1.com\/en\/oficial-joshua-durksen-enfrentara-2026-junto-a-invicta\/\" \/>\n<meta property=\"og:locale\" content=\"en_GB\" \/>\n<meta property=\"og:type\" content=\"article\" \/>\n<meta property=\"og:title\" content=\"OFICIAL: Joshua D\u00fcrksen enfrentar\u00e1 2026 junto a Invicta - Noticias F1 en espa\u00f1ol\" \/>\n<meta property=\"og:description\" content=\"El paraguayo Joshua D\u00fcrksen disputar\u00e1 su 3\u00b0 temporada en la F2 junto a Invicta. Es el primer piloto confirmado para los vigentes campeones\" \/>\n<meta property=\"og:url\" content=\"https:\/\/www.firstlapf1.com\/en\/oficial-joshua-durksen-enfrentara-2026-junto-a-invicta\/\" \/>\n<meta property=\"og:site_name\" content=\"Noticias F1 en espa\u00f1ol\" \/>\n<meta property=\"article:published_time\" content=\"2025-10-22T17:37:03+00:00\" \/>\n<meta property=\"article:modified_time\" content=\"2025-10-25T10:39:08+00:00\" \/>\n<meta property=\"og:image\" content=\"https:\/\/www.firstlapf1.com\/wp-content\/uploads\/2025\/10\/20251022_170858.jpg\" \/>\n\t<meta property=\"og:image:width\" content=\"1080\" \/>\n\t<meta property=\"og:image:height\" content=\"1350\" \/>\n\t<meta property=\"og:image:type\" content=\"image\/jpeg\" \/>\n<meta name=\"author\" content=\"C\u00e9sar L\u00f3pez\" \/>\n<meta name=\"twitter:card\" content=\"summary_large_image\" \/>\n<meta name=\"twitter:label1\" content=\"Written by\" \/>\n\t<meta name=\"twitter:data1\" content=\"C\u00e9sar L\u00f3pez\" \/>\n\t<meta name=\"twitter:label2\" content=\"Estimated reading time\" \/>\n\t<meta name=\"twitter:data2\" content=\"3 minutes\" \/>\n<script type=\"application\/ld+json\" class=\"yoast-schema-graph\">{\"@context\":\"https:\/\/schema.org\",\"@graph\":[{\"@type\":\"Article\",\"@id\":\"https:\/\/www.firstlapf1.com\/oficial-joshua-durksen-enfrentara-2026-junto-a-invicta\/#article\",\"isPartOf\":{\"@id\":\"https:\/\/www.firstlapf1.com\/oficial-joshua-durksen-enfrentara-2026-junto-a-invicta\/\"},\"author\":{\"name\":\"C\u00e9sar L\u00f3pez\",\"@id\":\"https:\/\/www.firstlapf1.com\/#\/schema\/person\/eeb9aab43fc76cf781e0033e511cce1e\"},\"headline\":\"OFICIAL: Joshua D\u00fcrksen enfrentar\u00e1 2026 junto a Invicta\",\"datePublished\":\"2025-10-22T17:37:03+00:00\",\"dateModified\":\"2025-10-25T10:39:08+00:00\",\"mainEntityOfPage\":{\"@id\":\"https:\/\/www.firstlapf1.com\/oficial-joshua-durksen-enfrentara-2026-junto-a-invicta\/\"},\"wordCount\":583,\"image\":{\"@id\":\"https:\/\/www.firstlapf1.com\/oficial-joshua-durksen-enfrentara-2026-junto-a-invicta\/#primaryimage\"},\"thumbnailUrl\":\"https:\/\/www.firstlapf1.com\/wp-content\/uploads\/2025\/10\/20251022_170858.jpg\",\"articleSection\":[\"AIX Racing (F2)\",\"F2\",\"Invicta Racing (F2)\"],\"inLanguage\":\"en-GB\"},{\"@type\":\"WebPage\",\"@id\":\"https:\/\/www.firstlapf1.com\/oficial-joshua-durksen-enfrentara-2026-junto-a-invicta\/\",\"url\":\"https:\/\/www.firstlapf1.com\/oficial-joshua-durksen-enfrentara-2026-junto-a-invicta\/\",\"name\":\"OFICIAL: Joshua D\u00fcrksen enfrentar\u00e1 2026 junto a Invicta - Noticias F1 en espa\u00f1ol\",\"isPartOf\":{\"@id\":\"https:\/\/www.firstlapf1.com\/#website\"},\"primaryImageOfPage\":{\"@id\":\"https:\/\/www.firstlapf1.com\/oficial-joshua-durksen-enfrentara-2026-junto-a-invicta\/#primaryimage\"},\"image\":{\"@id\":\"https:\/\/www.firstlapf1.com\/oficial-joshua-durksen-enfrentara-2026-junto-a-invicta\/#primaryimage\"},\"thumbnailUrl\":\"https:\/\/www.firstlapf1.com\/wp-content\/uploads\/2025\/10\/20251022_170858.jpg\",\"datePublished\":\"2025-10-22T17:37:03+00:00\",\"dateModified\":\"2025-10-25T10:39:08+00:00\",\"author\":{\"@id\":\"https:\/\/www.firstlapf1.com\/#\/schema\/person\/eeb9aab43fc76cf781e0033e511cce1e\"},\"description\":\"El paraguayo Joshua D\u00fcrksen disputar\u00e1 su 3\u00b0 temporada en la F2 junto a Invicta. Es el primer piloto confirmado para los vigentes campeones\",\"inLanguage\":\"en-GB\",\"potentialAction\":[{\"@type\":\"ReadAction\",\"target\":[\"https:\/\/www.firstlapf1.com\/oficial-joshua-durksen-enfrentara-2026-junto-a-invicta\/\"]}]},{\"@type\":\"ImageObject\",\"inLanguage\":\"en-GB\",\"@id\":\"https:\/\/www.firstlapf1.com\/oficial-joshua-durksen-enfrentara-2026-junto-a-invicta\/#primaryimage\",\"url\":\"https:\/\/www.firstlapf1.com\/wp-content\/uploads\/2025\/10\/20251022_170858.jpg\",\"contentUrl\":\"https:\/\/www.firstlapf1.com\/wp-content\/uploads\/2025\/10\/20251022_170858.jpg\",\"width\":1080,\"height\":1350},{\"@type\":\"WebSite\",\"@id\":\"https:\/\/www.firstlapf1.com\/#website\",\"url\":\"https:\/\/www.firstlapf1.com\/\",\"name\":\"Noticias F1 en espa\u00f1ol\",\"description\":\"Noticias F1 en espa\u00f1ol\",\"potentialAction\":[{\"@type\":\"SearchAction\",\"target\":{\"@type\":\"EntryPoint\",\"urlTemplate\":\"https:\/\/www.firstlapf1.com\/?s={search_term_string}\"},\"query-input\":{\"@type\":\"PropertyValueSpecification\",\"valueRequired\":true,\"valueName\":\"search_term_string\"}}],\"inLanguage\":\"en-GB\"},{\"@type\":\"Person\",\"@id\":\"https:\/\/www.firstlapf1.com\/#\/schema\/person\/eeb9aab43fc76cf781e0033e511cce1e\",\"name\":\"C\u00e9sar L\u00f3pez\",\"image\":{\"@type\":\"ImageObject\",\"inLanguage\":\"en-GB\",\"@id\":\"https:\/\/www.firstlapf1.com\/#\/schema\/person\/image\/\",\"url\":\"https:\/\/secure.gravatar.com\/avatar\/60cc29ae45b828887c2be3afc5bcfec0794c85b31daa8d44e4fe46c296c0873d?s=96&d=mm&r=g\",\"contentUrl\":\"https:\/\/secure.gravatar.com\/avatar\/60cc29ae45b828887c2be3afc5bcfec0794c85b31daa8d44e4fe46c296c0873d?s=96&d=mm&r=g\",\"caption\":\"C\u00e9sar L\u00f3pez\"},\"sameAs\":[\"http:\/\/www.firstlapf1.com\/\"],\"url\":\"https:\/\/www.firstlapf1.com\/en\/author\/ceslop\/\"}]}<\/script>\n<!-- \/ Yoast SEO plugin. -->","yoast_head_json":{"title":"OFICIAL: Joshua D\u00fcrksen enfrentar\u00e1 2026 junto a Invicta - Noticias F1 en espa\u00f1ol","description":"El paraguayo Joshua D\u00fcrksen disputar\u00e1 su 3\u00b0 temporada en la F2 junto a Invicta. Es el primer piloto confirmado para los vigentes campeones","robots":{"index":"index","follow":"follow","max-snippet":"max-snippet:-1","max-image-preview":"max-image-preview:large","max-video-preview":"max-video-preview:-1"},"canonical":"https:\/\/www.firstlapf1.com\/en\/oficial-joshua-durksen-enfrentara-2026-junto-a-invicta\/","og_locale":"en_GB","og_type":"article","og_title":"OFICIAL: Joshua D\u00fcrksen enfrentar\u00e1 2026 junto a Invicta - Noticias F1 en espa\u00f1ol","og_description":"El paraguayo Joshua D\u00fcrksen disputar\u00e1 su 3\u00b0 temporada en la F2 junto a Invicta. Es el primer piloto confirmado para los vigentes campeones","og_url":"https:\/\/www.firstlapf1.com\/en\/oficial-joshua-durksen-enfrentara-2026-junto-a-invicta\/","og_site_name":"Noticias F1 en espa\u00f1ol","article_published_time":"2025-10-22T17:37:03+00:00","article_modified_time":"2025-10-25T10:39:08+00:00","og_image":[{"width":1080,"height":1350,"url":"https:\/\/www.firstlapf1.com\/wp-content\/uploads\/2025\/10\/20251022_170858.jpg","type":"image\/jpeg"}],"author":"C\u00e9sar L\u00f3pez","twitter_card":"summary_large_image","twitter_misc":{"Written by":"C\u00e9sar L\u00f3pez","Estimated reading time":"3 minutes"},"schema":{"@context":"https:\/\/schema.org","@graph":[{"@type":"Article","@id":"https:\/\/www.firstlapf1.com\/oficial-joshua-durksen-enfrentara-2026-junto-a-invicta\/#article","isPartOf":{"@id":"https:\/\/www.firstlapf1.com\/oficial-joshua-durksen-enfrentara-2026-junto-a-invicta\/"},"author":{"name":"C\u00e9sar L\u00f3pez","@id":"https:\/\/www.firstlapf1.com\/#\/schema\/person\/eeb9aab43fc76cf781e0033e511cce1e"},"headline":"OFICIAL: Joshua D\u00fcrksen enfrentar\u00e1 2026 junto a Invicta","datePublished":"2025-10-22T17:37:03+00:00","dateModified":"2025-10-25T10:39:08+00:00","mainEntityOfPage":{"@id":"https:\/\/www.firstlapf1.com\/oficial-joshua-durksen-enfrentara-2026-junto-a-invicta\/"},"wordCount":583,"image":{"@id":"https:\/\/www.firstlapf1.com\/oficial-joshua-durksen-enfrentara-2026-junto-a-invicta\/#primaryimage"},"thumbnailUrl":"https:\/\/www.firstlapf1.com\/wp-content\/uploads\/2025\/10\/20251022_170858.jpg","articleSection":["AIX Racing (F2)","F2","Invicta Racing (F2)"],"inLanguage":"en-GB"},{"@type":"WebPage","@id":"https:\/\/www.firstlapf1.com\/oficial-joshua-durksen-enfrentara-2026-junto-a-invicta\/","url":"https:\/\/www.firstlapf1.com\/oficial-joshua-durksen-enfrentara-2026-junto-a-invicta\/","name":"OFICIAL: Joshua D\u00fcrksen enfrentar\u00e1 2026 junto a Invicta - Noticias F1 en espa\u00f1ol","isPartOf":{"@id":"https:\/\/www.firstlapf1.com\/#website"},"primaryImageOfPage":{"@id":"https:\/\/www.firstlapf1.com\/oficial-joshua-durksen-enfrentara-2026-junto-a-invicta\/#primaryimage"},"image":{"@id":"https:\/\/www.firstlapf1.com\/oficial-joshua-durksen-enfrentara-2026-junto-a-invicta\/#primaryimage"},"thumbnailUrl":"https:\/\/www.firstlapf1.com\/wp-content\/uploads\/2025\/10\/20251022_170858.jpg","datePublished":"2025-10-22T17:37:03+00:00","dateModified":"2025-10-25T10:39:08+00:00","author":{"@id":"https:\/\/www.firstlapf1.com\/#\/schema\/person\/eeb9aab43fc76cf781e0033e511cce1e"},"description":"El paraguayo Joshua D\u00fcrksen disputar\u00e1 su 3\u00b0 temporada en la F2 junto a Invicta. Es el primer piloto confirmado para los vigentes campeones","inLanguage":"en-GB","potentialAction":[{"@type":"ReadAction","target":["https:\/\/www.firstlapf1.com\/oficial-joshua-durksen-enfrentara-2026-junto-a-invicta\/"]}]},{"@type":"ImageObject","inLanguage":"en-GB","@id":"https:\/\/www.firstlapf1.com\/oficial-joshua-durksen-enfrentara-2026-junto-a-invicta\/#primaryimage","url":"https:\/\/www.firstlapf1.com\/wp-content\/uploads\/2025\/10\/20251022_170858.jpg","contentUrl":"https:\/\/www.firstlapf1.com\/wp-content\/uploads\/2025\/10\/20251022_170858.jpg","width":1080,"height":1350},{"@type":"WebSite","@id":"https:\/\/www.firstlapf1.com\/#website","url":"https:\/\/www.firstlapf1.com\/","name":"Noticias F1 en espa\u00f1ol","description":"Noticias F1 en espa\u00f1ol","potentialAction":[{"@type":"SearchAction","target":{"@type":"EntryPoint","urlTemplate":"https:\/\/www.firstlapf1.com\/?s={search_term_string}"},"query-input":{"@type":"PropertyValueSpecification","valueRequired":true,"valueName":"search_term_string"}}],"inLanguage":"en-GB"},{"@type":"Person","@id":"https:\/\/www.firstlapf1.com\/#\/schema\/person\/eeb9aab43fc76cf781e0033e511cce1e","name":"C\u00e9sar L\u00f3pez","image":{"@type":"ImageObject","inLanguage":"en-GB","@id":"https:\/\/www.firstlapf1.com\/#\/schema\/person\/image\/","url":"https:\/\/secure.gravatar.com\/avatar\/60cc29ae45b828887c2be3afc5bcfec0794c85b31daa8d44e4fe46c296c0873d?s=96&d=mm&r=g","contentUrl":"https:\/\/secure.gravatar.com\/avatar\/60cc29ae45b828887c2be3afc5bcfec0794c85b31daa8d44e4fe46c296c0873d?s=96&d=mm&r=g","caption":"C\u00e9sar L\u00f3pez"},"sameAs":["http:\/\/www.firstlapf1.com\/"],"url":"https:\/\/www.firstlapf1.com\/en\/author\/ceslop\/"}]}},"jetpack_featured_media_url":"https:\/\/www.firstlapf1.com\/wp-content\/uploads\/2025\/10\/20251022_170858.jpg","jetpack_sharing_enabled":true,"_links":{"self":[{"href":"https:\/\/www.firstlapf1.com\/en\/wp-json\/wp\/v2\/posts\/16790","targetHints":{"allow":["GET"]}}],"collection":[{"href":"https:\/\/www.firstlapf1.com\/en\/wp-json\/wp\/v2\/posts"}],"about":[{"href":"https:\/\/www.firstlapf1.com\/en\/wp-json\/wp\/v2\/types\/post"}],"author":[{"embeddable":true,"href":"https:\/\/www.firstlapf1.com\/en\/wp-json\/wp\/v2\/users\/42"}],"replies":[{"embeddable":true,"href":"https:\/\/www.firstlapf1.com\/en\/wp-json\/wp\/v2\/comments?post=16790"}],"version-history":[{"count":4,"href":"https:\/\/www.firstlapf1.com\/en\/wp-json\/wp\/v2\/posts\/16790\/revisions"}],"predecessor-version":[{"id":16799,"href":"https:\/\/www.firstlapf1.com\/en\/wp-json\/wp\/v2\/posts\/16790\/revisions\/16799"}],"wp:featuredmedia":[{"embeddable":true,"href":"https:\/\/www.firstlapf1.com\/en\/wp-json\/wp\/v2\/media\/16798"}],"wp:attachment":[{"href":"https:\/\/www.firstlapf1.com\/en\/wp-json\/wp\/v2\/media?parent=16790"}],"wp:term":[{"taxonomy":"category","embeddable":true,"href":"https:\/\/www.firstlapf1.com\/en\/wp-json\/wp\/v2\/categories?post=16790"},{"taxonomy":"post_tag","embeddable":true,"href":"https:\/\/www.firstlapf1.com\/en\/wp-json\/wp\/v2\/tags?post=16790"}],"curies":[{"name":"wp","href":"https:\/\/api.w.org\/{rel}","templated":true}]}}