{"id":16668,"date":"2025-10-16T14:18:24","date_gmt":"2025-10-16T14:18:24","guid":{"rendered":"https:\/\/www.firstlapf1.com\/?p=16668"},"modified":"2025-10-16T14:18:26","modified_gmt":"2025-10-16T14:18:26","slug":"oficial-alpine-y-mercado-libre-disenan-la-livery-para-la-gira-americana","status":"publish","type":"post","link":"https:\/\/www.firstlapf1.com\/en\/oficial-alpine-y-mercado-libre-disenan-la-livery-para-la-gira-americana\/","title":{"rendered":"OFICIAL: Alpine y Mercado Libre dise\u00f1an la livery para la gira americana"},"content":{"rendered":"<h2 class=\"wp-block-heading\">En asociaci\u00f3n con Mercado Libre, Alpine a\u00f1ade amarillo a su livery para los Grandes Premios de Estados Unidos, M\u00e9xico y Brasil<\/h2>\n\n\n\n<p>El apoyo que recibe Franco Colapinto en cada circuito es m\u00e1s que notorio. La afici\u00f3n argentina desea con ganas que su compatriota repita <a href=\"https:\/\/www.formula1.com\/\" target=\"_blank\" rel=\"noreferrer noopener\">asiento con Alpine<\/a>, algo que todav\u00eda est\u00e1 por confirmar. La empresa Mercado Libre, de la que Colapinto es embajador, llega a la escuder\u00eda de Enstone para organizar actividades en los pr\u00f3ximos tres circuitos, coincidiendo con las carreras m\u00e1s cercanas a Argentina. Mercado Libre ya estuvo presente en Williams el a\u00f1o pasado, cuando Colapinto pilotaba para la escuder\u00eda brit\u00e1nica.<\/p>\n\n\n\n<p>Atendiendo al dise\u00f1o de la livery de Alpine, el A525 es pr\u00e1cticamente igual. El azul y el rosa mantiene sus lugares, cambiando la parte final de la tapa motor, que incorpora el amarillo y el logo de Mercado Libre. Adem\u00e1s, los tapacubos adquieren una est\u00e9tica diferente, con diferentes tonos de azules y rosas, y la frase \u00bbModo Casino\u00bb.<\/p>\n\n\n\n<h2 class=\"wp-block-heading has-normal-font-size\">Declaraciones<\/h2>\n\n\n\n<p>Sean Summers, Director de Marketing de Mercado Libre:<\/p>\n\n\n\n<p><strong>\u00bbCompartimos con Alpine y Franco Colapinto la misma pasi\u00f3n por la velocidad y excelencia. Esta colaboraci\u00f3n nos permite trasladar nuestro esp\u00edritu de las entregas r\u00e1pidas a la cima del automovilismo mundial: la F\u00f3rmula 1.\u00bb<\/strong><\/p>\n\n\n\n<p>Guy Martin, Director de Marketing Global de Alpine:<\/p>\n\n\n\n<p><strong>\u00bbUnimos fuerzas con Mercado Libre como un plan estrat\u00e9gico para atraer nueva audiencia a la F1. Compartimos la visi\u00f3n de Mercado Libre de combinar innovaci\u00f3n, velocidad y equipo, y estamos encantados de llevar esta livery a <a href=\"https:\/\/www.firstlapf1.com\/en\/category\/eeuu\/\" target=\"_blank\" rel=\"noreferrer noopener\">COTA<\/a>, al Aut\u00f3dromo Hermanos Rodr\u00edguez y a Interlagos.\u00bb<\/strong><\/p>\n\n\n\n<p>Franco Colapinto, piloto de Alpine:<\/p>\n\n\n\n<p><strong>\u00bbCorrer con los colores de Mercado Libre es muy especial para m\u00ed. Significa llevar a la pista una marca que naci\u00f3 en mi pa\u00eds y que representa actualmente a millones de latinoamericanos por todo el mundo. Para cualquier piloto, la F1 es un sue\u00f1o y yo lo estoy viviendo con esfuerzo, dedicaci\u00f3n y el apoyo de un equipo incre\u00edble. El hecho de hacerlo junto a Mercado Libre, que me apoya y compartimos los mismos valores, lo hace m\u00e1s significativo.\u00bb<\/strong><\/p>\n\n\n\n<figure class=\"wp-block-image size-large\"><img loading=\"lazy\" decoding=\"async\" width=\"1024\" height=\"576\" src=\"https:\/\/www.firstlapf1.com\/wp-content\/uploads\/2025\/10\/1000062172-1024x576.jpg\" alt=\"\" class=\"wp-image-16670\" srcset=\"https:\/\/www.firstlapf1.com\/wp-content\/uploads\/2025\/10\/1000062172-1024x576.jpg 1024w, https:\/\/www.firstlapf1.com\/wp-content\/uploads\/2025\/10\/1000062172-300x169.jpg 300w, https:\/\/www.firstlapf1.com\/wp-content\/uploads\/2025\/10\/1000062172-768x432.jpg 768w, https:\/\/www.firstlapf1.com\/wp-content\/uploads\/2025\/10\/1000062172-1536x864.jpg 1536w, https:\/\/www.firstlapf1.com\/wp-content\/uploads\/2025\/10\/1000062172-2048x1152.jpg 2048w, https:\/\/www.firstlapf1.com\/wp-content\/uploads\/2025\/10\/1000062172-18x10.jpg 18w, https:\/\/www.firstlapf1.com\/wp-content\/uploads\/2025\/10\/1000062172-1920x1080.jpg 1920w, https:\/\/www.firstlapf1.com\/wp-content\/uploads\/2025\/10\/1000062172-190x107.jpg 190w\" sizes=\"auto, (max-width: 1024px) 100vw, 1024px\" \/><figcaption class=\"wp-element-caption\">Fuente: BWT Alpine F1 Team en X (fuente portada: BWT Alpine F1 Team en X)<\/figcaption><\/figure>","protected":false},"excerpt":{"rendered":"<p>En asociaci\u00f3n con Mercado Libre, Alpine a\u00f1ade amarillo al A525 para los Grandes Premios de Estados Unidos, M\u00e9xico y Brasil &hellip; <span class=\"more-button\"><a href=\"https:\/\/www.firstlapf1.com\/en\/oficial-alpine-y-mercado-libre-disenan-la-livery-para-la-gira-americana\/\" class=\"more-link\">Continue reading<span class=\"screen-reader-text\">OFICIAL: Alpine y Mercado Libre dise\u00f1an la livery para la gira americana<\/span><\/a><\/span><\/p>","protected":false},"author":2,"featured_media":16671,"comment_status":"closed","ping_status":"open","sticky":false,"template":"","format":"standard","meta":{"_jetpack_memberships_contains_paid_content":false,"footnotes":""},"categories":[5,17,20,28],"tags":[],"class_list":["post-16668","post","type-post","status-publish","format-standard","has-post-thumbnail","hentry","category-alpine","category-brasil","category-eeuu","category-mexico"],"yoast_head":"<!-- This site is optimized with the Yoast SEO plugin v27.0 - https:\/\/yoast.com\/product\/yoast-seo-wordpress\/ -->\n<title>OFICIAL: Alpine y Mercado Libre dise\u00f1an la livery para la gira americana - Noticias F1 en espa\u00f1ol<\/title>\n<meta name=\"description\" content=\"En asociaci\u00f3n con Mercado Libre, Alpine a\u00f1ade amarillo a su livery para los Grandes Premios de Estados Unidos, M\u00e9xico y Brasil\" \/>\n<meta name=\"robots\" content=\"index, follow, max-snippet:-1, max-image-preview:large, max-video-preview:-1\" \/>\n<link rel=\"canonical\" href=\"https:\/\/www.firstlapf1.com\/en\/oficial-alpine-y-mercado-libre-disenan-la-livery-para-la-gira-americana\/\" \/>\n<meta property=\"og:locale\" content=\"en_GB\" \/>\n<meta property=\"og:type\" content=\"article\" \/>\n<meta property=\"og:title\" content=\"OFICIAL: Alpine y Mercado Libre dise\u00f1an la livery para la gira americana - Noticias F1 en espa\u00f1ol\" \/>\n<meta property=\"og:description\" content=\"En asociaci\u00f3n con Mercado Libre, Alpine a\u00f1ade amarillo a su livery para los Grandes Premios de Estados Unidos, M\u00e9xico y Brasil\" \/>\n<meta property=\"og:url\" content=\"https:\/\/www.firstlapf1.com\/en\/oficial-alpine-y-mercado-libre-disenan-la-livery-para-la-gira-americana\/\" \/>\n<meta property=\"og:site_name\" content=\"Noticias F1 en espa\u00f1ol\" \/>\n<meta property=\"article:published_time\" content=\"2025-10-16T14:18:24+00:00\" \/>\n<meta property=\"article:modified_time\" content=\"2025-10-16T14:18:26+00:00\" \/>\n<meta property=\"og:image\" content=\"https:\/\/www.firstlapf1.com\/wp-content\/uploads\/2025\/10\/20251016_122256.jpg\" \/>\n\t<meta property=\"og:image:width\" content=\"1638\" \/>\n\t<meta property=\"og:image:height\" content=\"2048\" \/>\n\t<meta property=\"og:image:type\" content=\"image\/jpeg\" \/>\n<meta name=\"author\" content=\"Miguel Lora-Paquet\" \/>\n<meta name=\"twitter:card\" content=\"summary_large_image\" \/>\n<meta name=\"twitter:label1\" content=\"Written by\" \/>\n\t<meta name=\"twitter:data1\" content=\"Miguel Lora-Paquet\" \/>\n\t<meta name=\"twitter:label2\" content=\"Estimated reading time\" \/>\n\t<meta name=\"twitter:data2\" content=\"3 minutes\" \/>\n<script type=\"application\/ld+json\" class=\"yoast-schema-graph\">{\"@context\":\"https:\/\/schema.org\",\"@graph\":[{\"@type\":\"Article\",\"@id\":\"https:\/\/www.firstlapf1.com\/oficial-alpine-y-mercado-libre-disenan-la-livery-para-la-gira-americana\/#article\",\"isPartOf\":{\"@id\":\"https:\/\/www.firstlapf1.com\/oficial-alpine-y-mercado-libre-disenan-la-livery-para-la-gira-americana\/\"},\"author\":{\"name\":\"Miguel Lora-Paquet\",\"@id\":\"https:\/\/www.firstlapf1.com\/#\/schema\/person\/9eca09873eecb6d7836bc1a0bbd78250\"},\"headline\":\"OFICIAL: Alpine y Mercado Libre dise\u00f1an la livery para la gira americana\",\"datePublished\":\"2025-10-16T14:18:24+00:00\",\"dateModified\":\"2025-10-16T14:18:26+00:00\",\"mainEntityOfPage\":{\"@id\":\"https:\/\/www.firstlapf1.com\/oficial-alpine-y-mercado-libre-disenan-la-livery-para-la-gira-americana\/\"},\"wordCount\":400,\"image\":{\"@id\":\"https:\/\/www.firstlapf1.com\/oficial-alpine-y-mercado-libre-disenan-la-livery-para-la-gira-americana\/#primaryimage\"},\"thumbnailUrl\":\"https:\/\/www.firstlapf1.com\/wp-content\/uploads\/2025\/10\/20251016_122256.jpg\",\"articleSection\":[\"BWT Alpine Formula One Team\",\"GP Brasil (Interlagos)\",\"GP EEUU (COTA)\",\"GP M\u00e9xico (Aut\u00f3dromo Hermanos Rodr\u00edguez)\"],\"inLanguage\":\"en-GB\"},{\"@type\":\"WebPage\",\"@id\":\"https:\/\/www.firstlapf1.com\/oficial-alpine-y-mercado-libre-disenan-la-livery-para-la-gira-americana\/\",\"url\":\"https:\/\/www.firstlapf1.com\/oficial-alpine-y-mercado-libre-disenan-la-livery-para-la-gira-americana\/\",\"name\":\"OFICIAL: Alpine y Mercado Libre dise\u00f1an la livery para la gira americana - Noticias F1 en espa\u00f1ol\",\"isPartOf\":{\"@id\":\"https:\/\/www.firstlapf1.com\/#website\"},\"primaryImageOfPage\":{\"@id\":\"https:\/\/www.firstlapf1.com\/oficial-alpine-y-mercado-libre-disenan-la-livery-para-la-gira-americana\/#primaryimage\"},\"image\":{\"@id\":\"https:\/\/www.firstlapf1.com\/oficial-alpine-y-mercado-libre-disenan-la-livery-para-la-gira-americana\/#primaryimage\"},\"thumbnailUrl\":\"https:\/\/www.firstlapf1.com\/wp-content\/uploads\/2025\/10\/20251016_122256.jpg\",\"datePublished\":\"2025-10-16T14:18:24+00:00\",\"dateModified\":\"2025-10-16T14:18:26+00:00\",\"author\":{\"@id\":\"https:\/\/www.firstlapf1.com\/#\/schema\/person\/9eca09873eecb6d7836bc1a0bbd78250\"},\"description\":\"En asociaci\u00f3n con Mercado Libre, Alpine a\u00f1ade amarillo a su livery para los Grandes Premios de Estados Unidos, M\u00e9xico y Brasil\",\"inLanguage\":\"en-GB\",\"potentialAction\":[{\"@type\":\"ReadAction\",\"target\":[\"https:\/\/www.firstlapf1.com\/oficial-alpine-y-mercado-libre-disenan-la-livery-para-la-gira-americana\/\"]}]},{\"@type\":\"ImageObject\",\"inLanguage\":\"en-GB\",\"@id\":\"https:\/\/www.firstlapf1.com\/oficial-alpine-y-mercado-libre-disenan-la-livery-para-la-gira-americana\/#primaryimage\",\"url\":\"https:\/\/www.firstlapf1.com\/wp-content\/uploads\/2025\/10\/20251016_122256.jpg\",\"contentUrl\":\"https:\/\/www.firstlapf1.com\/wp-content\/uploads\/2025\/10\/20251016_122256.jpg\",\"width\":1638,\"height\":2048},{\"@type\":\"WebSite\",\"@id\":\"https:\/\/www.firstlapf1.com\/#website\",\"url\":\"https:\/\/www.firstlapf1.com\/\",\"name\":\"Noticias F1 en espa\u00f1ol\",\"description\":\"Noticias F1 en espa\u00f1ol\",\"potentialAction\":[{\"@type\":\"SearchAction\",\"target\":{\"@type\":\"EntryPoint\",\"urlTemplate\":\"https:\/\/www.firstlapf1.com\/?s={search_term_string}\"},\"query-input\":{\"@type\":\"PropertyValueSpecification\",\"valueRequired\":true,\"valueName\":\"search_term_string\"}}],\"inLanguage\":\"en-GB\"},{\"@type\":\"Person\",\"@id\":\"https:\/\/www.firstlapf1.com\/#\/schema\/person\/9eca09873eecb6d7836bc1a0bbd78250\",\"name\":\"Miguel Lora-Paquet\",\"image\":{\"@type\":\"ImageObject\",\"inLanguage\":\"en-GB\",\"@id\":\"https:\/\/www.firstlapf1.com\/#\/schema\/person\/image\/\",\"url\":\"https:\/\/www.firstlapf1.com\/wp-content\/uploads\/2022\/09\/7d393f41-126a-4a1e-bf1d-9d04e2ebc621.jpeg\",\"contentUrl\":\"https:\/\/www.firstlapf1.com\/wp-content\/uploads\/2022\/09\/7d393f41-126a-4a1e-bf1d-9d04e2ebc621.jpeg\",\"caption\":\"Miguel Lora-Paquet\"},\"url\":\"https:\/\/www.firstlapf1.com\/en\/author\/miguel\/\"}]}<\/script>\n<!-- \/ Yoast SEO plugin. -->","yoast_head_json":{"title":"OFICIAL: Alpine y Mercado Libre dise\u00f1an la livery para la gira americana - Noticias F1 en espa\u00f1ol","description":"En asociaci\u00f3n con Mercado Libre, Alpine a\u00f1ade amarillo a su livery para los Grandes Premios de Estados Unidos, M\u00e9xico y Brasil","robots":{"index":"index","follow":"follow","max-snippet":"max-snippet:-1","max-image-preview":"max-image-preview:large","max-video-preview":"max-video-preview:-1"},"canonical":"https:\/\/www.firstlapf1.com\/en\/oficial-alpine-y-mercado-libre-disenan-la-livery-para-la-gira-americana\/","og_locale":"en_GB","og_type":"article","og_title":"OFICIAL: Alpine y Mercado Libre dise\u00f1an la livery para la gira americana - Noticias F1 en espa\u00f1ol","og_description":"En asociaci\u00f3n con Mercado Libre, Alpine a\u00f1ade amarillo a su livery para los Grandes Premios de Estados Unidos, M\u00e9xico y Brasil","og_url":"https:\/\/www.firstlapf1.com\/en\/oficial-alpine-y-mercado-libre-disenan-la-livery-para-la-gira-americana\/","og_site_name":"Noticias F1 en espa\u00f1ol","article_published_time":"2025-10-16T14:18:24+00:00","article_modified_time":"2025-10-16T14:18:26+00:00","og_image":[{"width":1638,"height":2048,"url":"https:\/\/www.firstlapf1.com\/wp-content\/uploads\/2025\/10\/20251016_122256.jpg","type":"image\/jpeg"}],"author":"Miguel Lora-Paquet","twitter_card":"summary_large_image","twitter_misc":{"Written by":"Miguel Lora-Paquet","Estimated reading time":"3 minutes"},"schema":{"@context":"https:\/\/schema.org","@graph":[{"@type":"Article","@id":"https:\/\/www.firstlapf1.com\/oficial-alpine-y-mercado-libre-disenan-la-livery-para-la-gira-americana\/#article","isPartOf":{"@id":"https:\/\/www.firstlapf1.com\/oficial-alpine-y-mercado-libre-disenan-la-livery-para-la-gira-americana\/"},"author":{"name":"Miguel Lora-Paquet","@id":"https:\/\/www.firstlapf1.com\/#\/schema\/person\/9eca09873eecb6d7836bc1a0bbd78250"},"headline":"OFICIAL: Alpine y Mercado Libre dise\u00f1an la livery para la gira americana","datePublished":"2025-10-16T14:18:24+00:00","dateModified":"2025-10-16T14:18:26+00:00","mainEntityOfPage":{"@id":"https:\/\/www.firstlapf1.com\/oficial-alpine-y-mercado-libre-disenan-la-livery-para-la-gira-americana\/"},"wordCount":400,"image":{"@id":"https:\/\/www.firstlapf1.com\/oficial-alpine-y-mercado-libre-disenan-la-livery-para-la-gira-americana\/#primaryimage"},"thumbnailUrl":"https:\/\/www.firstlapf1.com\/wp-content\/uploads\/2025\/10\/20251016_122256.jpg","articleSection":["BWT Alpine Formula One Team","GP Brasil (Interlagos)","GP EEUU (COTA)","GP M\u00e9xico (Aut\u00f3dromo Hermanos Rodr\u00edguez)"],"inLanguage":"en-GB"},{"@type":"WebPage","@id":"https:\/\/www.firstlapf1.com\/oficial-alpine-y-mercado-libre-disenan-la-livery-para-la-gira-americana\/","url":"https:\/\/www.firstlapf1.com\/oficial-alpine-y-mercado-libre-disenan-la-livery-para-la-gira-americana\/","name":"OFICIAL: Alpine y Mercado Libre dise\u00f1an la livery para la gira americana - Noticias F1 en espa\u00f1ol","isPartOf":{"@id":"https:\/\/www.firstlapf1.com\/#website"},"primaryImageOfPage":{"@id":"https:\/\/www.firstlapf1.com\/oficial-alpine-y-mercado-libre-disenan-la-livery-para-la-gira-americana\/#primaryimage"},"image":{"@id":"https:\/\/www.firstlapf1.com\/oficial-alpine-y-mercado-libre-disenan-la-livery-para-la-gira-americana\/#primaryimage"},"thumbnailUrl":"https:\/\/www.firstlapf1.com\/wp-content\/uploads\/2025\/10\/20251016_122256.jpg","datePublished":"2025-10-16T14:18:24+00:00","dateModified":"2025-10-16T14:18:26+00:00","author":{"@id":"https:\/\/www.firstlapf1.com\/#\/schema\/person\/9eca09873eecb6d7836bc1a0bbd78250"},"description":"En asociaci\u00f3n con Mercado Libre, Alpine a\u00f1ade amarillo a su livery para los Grandes Premios de Estados Unidos, M\u00e9xico y Brasil","inLanguage":"en-GB","potentialAction":[{"@type":"ReadAction","target":["https:\/\/www.firstlapf1.com\/oficial-alpine-y-mercado-libre-disenan-la-livery-para-la-gira-americana\/"]}]},{"@type":"ImageObject","inLanguage":"en-GB","@id":"https:\/\/www.firstlapf1.com\/oficial-alpine-y-mercado-libre-disenan-la-livery-para-la-gira-americana\/#primaryimage","url":"https:\/\/www.firstlapf1.com\/wp-content\/uploads\/2025\/10\/20251016_122256.jpg","contentUrl":"https:\/\/www.firstlapf1.com\/wp-content\/uploads\/2025\/10\/20251016_122256.jpg","width":1638,"height":2048},{"@type":"WebSite","@id":"https:\/\/www.firstlapf1.com\/#website","url":"https:\/\/www.firstlapf1.com\/","name":"Noticias F1 en espa\u00f1ol","description":"Noticias F1 en espa\u00f1ol","potentialAction":[{"@type":"SearchAction","target":{"@type":"EntryPoint","urlTemplate":"https:\/\/www.firstlapf1.com\/?s={search_term_string}"},"query-input":{"@type":"PropertyValueSpecification","valueRequired":true,"valueName":"search_term_string"}}],"inLanguage":"en-GB"},{"@type":"Person","@id":"https:\/\/www.firstlapf1.com\/#\/schema\/person\/9eca09873eecb6d7836bc1a0bbd78250","name":"Miguel Lora-Paquet","image":{"@type":"ImageObject","inLanguage":"en-GB","@id":"https:\/\/www.firstlapf1.com\/#\/schema\/person\/image\/","url":"https:\/\/www.firstlapf1.com\/wp-content\/uploads\/2022\/09\/7d393f41-126a-4a1e-bf1d-9d04e2ebc621.jpeg","contentUrl":"https:\/\/www.firstlapf1.com\/wp-content\/uploads\/2022\/09\/7d393f41-126a-4a1e-bf1d-9d04e2ebc621.jpeg","caption":"Miguel Lora-Paquet"},"url":"https:\/\/www.firstlapf1.com\/en\/author\/miguel\/"}]}},"jetpack_featured_media_url":"https:\/\/www.firstlapf1.com\/wp-content\/uploads\/2025\/10\/20251016_122256.jpg","jetpack_sharing_enabled":true,"_links":{"self":[{"href":"https:\/\/www.firstlapf1.com\/en\/wp-json\/wp\/v2\/posts\/16668","targetHints":{"allow":["GET"]}}],"collection":[{"href":"https:\/\/www.firstlapf1.com\/en\/wp-json\/wp\/v2\/posts"}],"about":[{"href":"https:\/\/www.firstlapf1.com\/en\/wp-json\/wp\/v2\/types\/post"}],"author":[{"embeddable":true,"href":"https:\/\/www.firstlapf1.com\/en\/wp-json\/wp\/v2\/users\/2"}],"replies":[{"embeddable":true,"href":"https:\/\/www.firstlapf1.com\/en\/wp-json\/wp\/v2\/comments?post=16668"}],"version-history":[{"count":2,"href":"https:\/\/www.firstlapf1.com\/en\/wp-json\/wp\/v2\/posts\/16668\/revisions"}],"predecessor-version":[{"id":16673,"href":"https:\/\/www.firstlapf1.com\/en\/wp-json\/wp\/v2\/posts\/16668\/revisions\/16673"}],"wp:featuredmedia":[{"embeddable":true,"href":"https:\/\/www.firstlapf1.com\/en\/wp-json\/wp\/v2\/media\/16671"}],"wp:attachment":[{"href":"https:\/\/www.firstlapf1.com\/en\/wp-json\/wp\/v2\/media?parent=16668"}],"wp:term":[{"taxonomy":"category","embeddable":true,"href":"https:\/\/www.firstlapf1.com\/en\/wp-json\/wp\/v2\/categories?post=16668"},{"taxonomy":"post_tag","embeddable":true,"href":"https:\/\/www.firstlapf1.com\/en\/wp-json\/wp\/v2\/tags?post=16668"}],"curies":[{"name":"wp","href":"https:\/\/api.w.org\/{rel}","templated":true}]}}