{"id":16666,"date":"2026-01-30T13:07:02","date_gmt":"2026-01-30T13:07:02","guid":{"rendered":"https:\/\/www.firstlapf1.com\/?p=16666"},"modified":"2026-01-30T13:07:04","modified_gmt":"2026-01-30T13:07:04","slug":"oficial-gerrard-xie-pasara-a-pilotar-para-dams","status":"publish","type":"post","link":"https:\/\/www.firstlapf1.com\/en\/oficial-gerrard-xie-pasara-a-pilotar-para-dams\/","title":{"rendered":"OFICIAL: Gerrard Xie pasar\u00e1 a pilotar para DAMS"},"content":{"rendered":"<h2 class=\"wp-block-heading\">Tras una primera temporada como piloto de Hitech, el piloto chino Gerrard Xie cambia de aires de cara al pr\u00f3ximo a\u00f1o<\/h2>\n\n\n\n<p>Terminamos con las confirmaciones para la parrilla de F3 de 2026, y en este caso es DAMS anuncia a su \u00faltimo piloto para la nueva temporada. Gerrard Xie se unir\u00e1 a ellos para afrontar su segunda temporada en la categor\u00eda luego de una primera complicada. No ser\u00e1 su primera toma de contacto con el equipo, ya que recientemente ha estado disputando los test de pos-temporada con ellos.<\/p>\n\n\n\n<h2 class=\"wp-block-heading has-normal-font-size\">Declaraciones<\/h2>\n\n\n\n<p>Gerrard Xie:<\/p>\n\n\n\n<p><strong>\u00bbUnirme a DAMS es una gran oportunidad para m\u00ed. DAMS es un equipo respetado con una gran historia. Tengo ganas de trabajar con el equipo y dar lo mejor de m\u00ed durante toda la temporada.\u00bb<\/strong><\/p>\n\n\n\n<p>Charles Pic, Propietario de DAMS F3:<\/p>\n\n\n\n<p><strong>\u00bbEstamos encantados de dar la bienvenida a Gerrard Xie para la pr\u00f3xima temporada. Creemos que nuestro entorno y enfoque le ayudar\u00e1 a desarrollar el potencial que demostr\u00f3 la temporada pasada en la misma categor\u00eda.\u00bb<\/strong><\/p>\n\n\n\n<h2 class=\"wp-block-heading has-normal-font-size\">Trayectoria<\/h2>\n\n\n\n<p>Xie Yonglin, m\u00e1s conocido como Gerrard Xie naci\u00f3 en 2006 en Hong Kong, aunque radicado en Shenzhen, China. Entre 2018 y 2021 compiti\u00f3 en karting entre asia y europa, sin llegar a finalizar temporadas completas en el viejo continente. Como mejores resultados se quedan un 3r lugar en la IAME Asia Cup, categor\u00eda Junior, y dos primeros puestos en el Asian Karting Open Championship y China Karting Championship.<\/p>\n\n\n\n<p>Di\u00f3 el salto a los coches en 2022, con el equipo H-Star Racing, en la Formula Renault Super Challenge, en la segunda ronda hasta el final. Logr\u00f3 un debut muy efectivo: 4 victorias en las 4 carreras que hizo, 2 pole position y 120 puntos que le dieron su primer campeonato. Ese mismo a\u00f1o corri\u00f3 en la F4 China, donde domin\u00f3 a placer y se llev\u00f3 el campeonato. Adem\u00e1s, prob\u00f3 suerte en la dif\u00edcil carrera de Macao, donde fue segundo. De 2023 en adelante dio el salto a europa, donde no ha podido repetir sus \u00e9xitos en china. Pese a conseguir algunos podios y victorias, su mejor resultado fueron dos P7 en Formula Regional de Ocean\u00eda, y en la GB3. Ingres\u00f3 a Hitech (con quienes ya hab\u00eda competido en GB3 durante el 2024) para su primera temporada en F3. 1 solo punto en las 19 carreras disputadas para un 29no lugar final. <\/p>\n\n\n\n<figure class=\"wp-block-image size-large\"><img loading=\"lazy\" decoding=\"async\" width=\"819\" height=\"1024\" src=\"https:\/\/www.firstlapf1.com\/wp-content\/uploads\/2026\/01\/1000081126-819x1024.jpg\" alt=\"\" class=\"wp-image-17720\" srcset=\"https:\/\/www.firstlapf1.com\/wp-content\/uploads\/2026\/01\/1000081126-819x1024.jpg 819w, https:\/\/www.firstlapf1.com\/wp-content\/uploads\/2026\/01\/1000081126-240x300.jpg 240w, https:\/\/www.firstlapf1.com\/wp-content\/uploads\/2026\/01\/1000081126-768x960.jpg 768w, https:\/\/www.firstlapf1.com\/wp-content\/uploads\/2026\/01\/1000081126-10x12.jpg 10w, https:\/\/www.firstlapf1.com\/wp-content\/uploads\/2026\/01\/1000081126.jpg 1080w\" sizes=\"auto, (max-width: 819px) 100vw, 819px\" \/><figcaption class=\"wp-element-caption\">Fuente: DAMS Lucas Oil en X (fuente portada: F3 en X)<\/figcaption><\/figure>\n\n\n\n<p><\/p>","protected":false},"excerpt":{"rendered":"<p>Tras una primera temporada como piloto de Hitech, el piloto chino Gerrard Xie cambia de aires de cara al pr\u00f3ximo a\u00f1o &hellip; <span class=\"more-button\"><a href=\"https:\/\/www.firstlapf1.com\/en\/oficial-gerrard-xie-pasara-a-pilotar-para-dams\/\" class=\"more-link\">Continue reading<span class=\"screen-reader-text\">OFICIAL: Gerrard Xie pasar\u00e1 a pilotar para DAMS<\/span><\/a><\/span><\/p>","protected":false},"author":42,"featured_media":17721,"comment_status":"closed","ping_status":"open","sticky":false,"template":"","format":"standard","meta":{"_jetpack_memberships_contains_paid_content":false,"footnotes":""},"categories":[144,69,74],"tags":[],"class_list":["post-16666","post","type-post","status-publish","format-standard","has-post-thumbnail","hentry","category-dams-2","category-f3","category-hitech-2"],"yoast_head":"<!-- This site is optimized with the Yoast SEO plugin v27.0 - https:\/\/yoast.com\/product\/yoast-seo-wordpress\/ -->\n<title>OFICIAL: Gerrard Xie pasar\u00e1 a pilotar para DAMS - Noticias F1 en espa\u00f1ol<\/title>\n<meta name=\"description\" content=\"Tras una primera temporada como piloto de Hitech, el piloto chino Gerrard Xie cambia de aires de cara al pr\u00f3ximo a\u00f1o\" \/>\n<meta name=\"robots\" content=\"index, follow, max-snippet:-1, max-image-preview:large, max-video-preview:-1\" \/>\n<link rel=\"canonical\" href=\"https:\/\/www.firstlapf1.com\/en\/oficial-gerrard-xie-pasara-a-pilotar-para-dams\/\" \/>\n<meta property=\"og:locale\" content=\"en_GB\" \/>\n<meta property=\"og:type\" content=\"article\" \/>\n<meta property=\"og:title\" content=\"OFICIAL: Gerrard Xie pasar\u00e1 a pilotar para DAMS - Noticias F1 en espa\u00f1ol\" \/>\n<meta property=\"og:description\" content=\"Tras una primera temporada como piloto de Hitech, el piloto chino Gerrard Xie cambia de aires de cara al pr\u00f3ximo a\u00f1o\" \/>\n<meta property=\"og:url\" content=\"https:\/\/www.firstlapf1.com\/en\/oficial-gerrard-xie-pasara-a-pilotar-para-dams\/\" \/>\n<meta property=\"og:site_name\" content=\"Noticias F1 en espa\u00f1ol\" \/>\n<meta property=\"article:published_time\" content=\"2026-01-30T13:07:02+00:00\" \/>\n<meta property=\"article:modified_time\" content=\"2026-01-30T13:07:04+00:00\" \/>\n<meta property=\"og:image\" content=\"https:\/\/www.firstlapf1.com\/wp-content\/uploads\/2026\/01\/20260130_140453.jpg\" \/>\n\t<meta property=\"og:image:width\" content=\"1080\" \/>\n\t<meta property=\"og:image:height\" content=\"1350\" \/>\n\t<meta property=\"og:image:type\" content=\"image\/jpeg\" \/>\n<meta name=\"author\" content=\"C\u00e9sar L\u00f3pez\" \/>\n<meta name=\"twitter:card\" content=\"summary_large_image\" \/>\n<meta name=\"twitter:label1\" content=\"Written by\" \/>\n\t<meta name=\"twitter:data1\" content=\"C\u00e9sar L\u00f3pez\" \/>\n\t<meta name=\"twitter:label2\" content=\"Estimated reading time\" \/>\n\t<meta name=\"twitter:data2\" content=\"3 minutes\" \/>\n<script type=\"application\/ld+json\" class=\"yoast-schema-graph\">{\"@context\":\"https:\/\/schema.org\",\"@graph\":[{\"@type\":\"Article\",\"@id\":\"https:\/\/www.firstlapf1.com\/oficial-gerrard-xie-pasara-a-pilotar-para-dams\/#article\",\"isPartOf\":{\"@id\":\"https:\/\/www.firstlapf1.com\/oficial-gerrard-xie-pasara-a-pilotar-para-dams\/\"},\"author\":{\"name\":\"C\u00e9sar L\u00f3pez\",\"@id\":\"https:\/\/www.firstlapf1.com\/#\/schema\/person\/eeb9aab43fc76cf781e0033e511cce1e\"},\"headline\":\"OFICIAL: Gerrard Xie pasar\u00e1 a pilotar para DAMS\",\"datePublished\":\"2026-01-30T13:07:02+00:00\",\"dateModified\":\"2026-01-30T13:07:04+00:00\",\"mainEntityOfPage\":{\"@id\":\"https:\/\/www.firstlapf1.com\/oficial-gerrard-xie-pasara-a-pilotar-para-dams\/\"},\"wordCount\":405,\"image\":{\"@id\":\"https:\/\/www.firstlapf1.com\/oficial-gerrard-xie-pasara-a-pilotar-para-dams\/#primaryimage\"},\"thumbnailUrl\":\"https:\/\/www.firstlapf1.com\/wp-content\/uploads\/2026\/01\/20260130_140453.jpg\",\"articleSection\":[\"DAMS Lucas Oil (F3)\",\"F3\",\"Hitech TGR (F3)\"],\"inLanguage\":\"en-GB\"},{\"@type\":\"WebPage\",\"@id\":\"https:\/\/www.firstlapf1.com\/oficial-gerrard-xie-pasara-a-pilotar-para-dams\/\",\"url\":\"https:\/\/www.firstlapf1.com\/oficial-gerrard-xie-pasara-a-pilotar-para-dams\/\",\"name\":\"OFICIAL: Gerrard Xie pasar\u00e1 a pilotar para DAMS - Noticias F1 en espa\u00f1ol\",\"isPartOf\":{\"@id\":\"https:\/\/www.firstlapf1.com\/#website\"},\"primaryImageOfPage\":{\"@id\":\"https:\/\/www.firstlapf1.com\/oficial-gerrard-xie-pasara-a-pilotar-para-dams\/#primaryimage\"},\"image\":{\"@id\":\"https:\/\/www.firstlapf1.com\/oficial-gerrard-xie-pasara-a-pilotar-para-dams\/#primaryimage\"},\"thumbnailUrl\":\"https:\/\/www.firstlapf1.com\/wp-content\/uploads\/2026\/01\/20260130_140453.jpg\",\"datePublished\":\"2026-01-30T13:07:02+00:00\",\"dateModified\":\"2026-01-30T13:07:04+00:00\",\"author\":{\"@id\":\"https:\/\/www.firstlapf1.com\/#\/schema\/person\/eeb9aab43fc76cf781e0033e511cce1e\"},\"description\":\"Tras una primera temporada como piloto de Hitech, el piloto chino Gerrard Xie cambia de aires de cara al pr\u00f3ximo a\u00f1o\",\"inLanguage\":\"en-GB\",\"potentialAction\":[{\"@type\":\"ReadAction\",\"target\":[\"https:\/\/www.firstlapf1.com\/oficial-gerrard-xie-pasara-a-pilotar-para-dams\/\"]}]},{\"@type\":\"ImageObject\",\"inLanguage\":\"en-GB\",\"@id\":\"https:\/\/www.firstlapf1.com\/oficial-gerrard-xie-pasara-a-pilotar-para-dams\/#primaryimage\",\"url\":\"https:\/\/www.firstlapf1.com\/wp-content\/uploads\/2026\/01\/20260130_140453.jpg\",\"contentUrl\":\"https:\/\/www.firstlapf1.com\/wp-content\/uploads\/2026\/01\/20260130_140453.jpg\",\"width\":1080,\"height\":1350},{\"@type\":\"WebSite\",\"@id\":\"https:\/\/www.firstlapf1.com\/#website\",\"url\":\"https:\/\/www.firstlapf1.com\/\",\"name\":\"Noticias F1 en espa\u00f1ol\",\"description\":\"Noticias F1 en espa\u00f1ol\",\"potentialAction\":[{\"@type\":\"SearchAction\",\"target\":{\"@type\":\"EntryPoint\",\"urlTemplate\":\"https:\/\/www.firstlapf1.com\/?s={search_term_string}\"},\"query-input\":{\"@type\":\"PropertyValueSpecification\",\"valueRequired\":true,\"valueName\":\"search_term_string\"}}],\"inLanguage\":\"en-GB\"},{\"@type\":\"Person\",\"@id\":\"https:\/\/www.firstlapf1.com\/#\/schema\/person\/eeb9aab43fc76cf781e0033e511cce1e\",\"name\":\"C\u00e9sar L\u00f3pez\",\"image\":{\"@type\":\"ImageObject\",\"inLanguage\":\"en-GB\",\"@id\":\"https:\/\/www.firstlapf1.com\/#\/schema\/person\/image\/\",\"url\":\"https:\/\/secure.gravatar.com\/avatar\/60cc29ae45b828887c2be3afc5bcfec0794c85b31daa8d44e4fe46c296c0873d?s=96&d=mm&r=g\",\"contentUrl\":\"https:\/\/secure.gravatar.com\/avatar\/60cc29ae45b828887c2be3afc5bcfec0794c85b31daa8d44e4fe46c296c0873d?s=96&d=mm&r=g\",\"caption\":\"C\u00e9sar L\u00f3pez\"},\"sameAs\":[\"http:\/\/www.firstlapf1.com\/\"],\"url\":\"https:\/\/www.firstlapf1.com\/en\/author\/ceslop\/\"}]}<\/script>\n<!-- \/ Yoast SEO plugin. -->","yoast_head_json":{"title":"OFICIAL: Gerrard Xie pasar\u00e1 a pilotar para DAMS - Noticias F1 en espa\u00f1ol","description":"Tras una primera temporada como piloto de Hitech, el piloto chino Gerrard Xie cambia de aires de cara al pr\u00f3ximo a\u00f1o","robots":{"index":"index","follow":"follow","max-snippet":"max-snippet:-1","max-image-preview":"max-image-preview:large","max-video-preview":"max-video-preview:-1"},"canonical":"https:\/\/www.firstlapf1.com\/en\/oficial-gerrard-xie-pasara-a-pilotar-para-dams\/","og_locale":"en_GB","og_type":"article","og_title":"OFICIAL: Gerrard Xie pasar\u00e1 a pilotar para DAMS - Noticias F1 en espa\u00f1ol","og_description":"Tras una primera temporada como piloto de Hitech, el piloto chino Gerrard Xie cambia de aires de cara al pr\u00f3ximo a\u00f1o","og_url":"https:\/\/www.firstlapf1.com\/en\/oficial-gerrard-xie-pasara-a-pilotar-para-dams\/","og_site_name":"Noticias F1 en espa\u00f1ol","article_published_time":"2026-01-30T13:07:02+00:00","article_modified_time":"2026-01-30T13:07:04+00:00","og_image":[{"width":1080,"height":1350,"url":"https:\/\/www.firstlapf1.com\/wp-content\/uploads\/2026\/01\/20260130_140453.jpg","type":"image\/jpeg"}],"author":"C\u00e9sar L\u00f3pez","twitter_card":"summary_large_image","twitter_misc":{"Written by":"C\u00e9sar L\u00f3pez","Estimated reading time":"3 minutes"},"schema":{"@context":"https:\/\/schema.org","@graph":[{"@type":"Article","@id":"https:\/\/www.firstlapf1.com\/oficial-gerrard-xie-pasara-a-pilotar-para-dams\/#article","isPartOf":{"@id":"https:\/\/www.firstlapf1.com\/oficial-gerrard-xie-pasara-a-pilotar-para-dams\/"},"author":{"name":"C\u00e9sar L\u00f3pez","@id":"https:\/\/www.firstlapf1.com\/#\/schema\/person\/eeb9aab43fc76cf781e0033e511cce1e"},"headline":"OFICIAL: Gerrard Xie pasar\u00e1 a pilotar para DAMS","datePublished":"2026-01-30T13:07:02+00:00","dateModified":"2026-01-30T13:07:04+00:00","mainEntityOfPage":{"@id":"https:\/\/www.firstlapf1.com\/oficial-gerrard-xie-pasara-a-pilotar-para-dams\/"},"wordCount":405,"image":{"@id":"https:\/\/www.firstlapf1.com\/oficial-gerrard-xie-pasara-a-pilotar-para-dams\/#primaryimage"},"thumbnailUrl":"https:\/\/www.firstlapf1.com\/wp-content\/uploads\/2026\/01\/20260130_140453.jpg","articleSection":["DAMS Lucas Oil (F3)","F3","Hitech TGR (F3)"],"inLanguage":"en-GB"},{"@type":"WebPage","@id":"https:\/\/www.firstlapf1.com\/oficial-gerrard-xie-pasara-a-pilotar-para-dams\/","url":"https:\/\/www.firstlapf1.com\/oficial-gerrard-xie-pasara-a-pilotar-para-dams\/","name":"OFICIAL: Gerrard Xie pasar\u00e1 a pilotar para DAMS - Noticias F1 en espa\u00f1ol","isPartOf":{"@id":"https:\/\/www.firstlapf1.com\/#website"},"primaryImageOfPage":{"@id":"https:\/\/www.firstlapf1.com\/oficial-gerrard-xie-pasara-a-pilotar-para-dams\/#primaryimage"},"image":{"@id":"https:\/\/www.firstlapf1.com\/oficial-gerrard-xie-pasara-a-pilotar-para-dams\/#primaryimage"},"thumbnailUrl":"https:\/\/www.firstlapf1.com\/wp-content\/uploads\/2026\/01\/20260130_140453.jpg","datePublished":"2026-01-30T13:07:02+00:00","dateModified":"2026-01-30T13:07:04+00:00","author":{"@id":"https:\/\/www.firstlapf1.com\/#\/schema\/person\/eeb9aab43fc76cf781e0033e511cce1e"},"description":"Tras una primera temporada como piloto de Hitech, el piloto chino Gerrard Xie cambia de aires de cara al pr\u00f3ximo a\u00f1o","inLanguage":"en-GB","potentialAction":[{"@type":"ReadAction","target":["https:\/\/www.firstlapf1.com\/oficial-gerrard-xie-pasara-a-pilotar-para-dams\/"]}]},{"@type":"ImageObject","inLanguage":"en-GB","@id":"https:\/\/www.firstlapf1.com\/oficial-gerrard-xie-pasara-a-pilotar-para-dams\/#primaryimage","url":"https:\/\/www.firstlapf1.com\/wp-content\/uploads\/2026\/01\/20260130_140453.jpg","contentUrl":"https:\/\/www.firstlapf1.com\/wp-content\/uploads\/2026\/01\/20260130_140453.jpg","width":1080,"height":1350},{"@type":"WebSite","@id":"https:\/\/www.firstlapf1.com\/#website","url":"https:\/\/www.firstlapf1.com\/","name":"Noticias F1 en espa\u00f1ol","description":"Noticias F1 en espa\u00f1ol","potentialAction":[{"@type":"SearchAction","target":{"@type":"EntryPoint","urlTemplate":"https:\/\/www.firstlapf1.com\/?s={search_term_string}"},"query-input":{"@type":"PropertyValueSpecification","valueRequired":true,"valueName":"search_term_string"}}],"inLanguage":"en-GB"},{"@type":"Person","@id":"https:\/\/www.firstlapf1.com\/#\/schema\/person\/eeb9aab43fc76cf781e0033e511cce1e","name":"C\u00e9sar L\u00f3pez","image":{"@type":"ImageObject","inLanguage":"en-GB","@id":"https:\/\/www.firstlapf1.com\/#\/schema\/person\/image\/","url":"https:\/\/secure.gravatar.com\/avatar\/60cc29ae45b828887c2be3afc5bcfec0794c85b31daa8d44e4fe46c296c0873d?s=96&d=mm&r=g","contentUrl":"https:\/\/secure.gravatar.com\/avatar\/60cc29ae45b828887c2be3afc5bcfec0794c85b31daa8d44e4fe46c296c0873d?s=96&d=mm&r=g","caption":"C\u00e9sar L\u00f3pez"},"sameAs":["http:\/\/www.firstlapf1.com\/"],"url":"https:\/\/www.firstlapf1.com\/en\/author\/ceslop\/"}]}},"jetpack_featured_media_url":"https:\/\/www.firstlapf1.com\/wp-content\/uploads\/2026\/01\/20260130_140453.jpg","jetpack_sharing_enabled":true,"_links":{"self":[{"href":"https:\/\/www.firstlapf1.com\/en\/wp-json\/wp\/v2\/posts\/16666","targetHints":{"allow":["GET"]}}],"collection":[{"href":"https:\/\/www.firstlapf1.com\/en\/wp-json\/wp\/v2\/posts"}],"about":[{"href":"https:\/\/www.firstlapf1.com\/en\/wp-json\/wp\/v2\/types\/post"}],"author":[{"embeddable":true,"href":"https:\/\/www.firstlapf1.com\/en\/wp-json\/wp\/v2\/users\/42"}],"replies":[{"embeddable":true,"href":"https:\/\/www.firstlapf1.com\/en\/wp-json\/wp\/v2\/comments?post=16666"}],"version-history":[{"count":4,"href":"https:\/\/www.firstlapf1.com\/en\/wp-json\/wp\/v2\/posts\/16666\/revisions"}],"predecessor-version":[{"id":17722,"href":"https:\/\/www.firstlapf1.com\/en\/wp-json\/wp\/v2\/posts\/16666\/revisions\/17722"}],"wp:featuredmedia":[{"embeddable":true,"href":"https:\/\/www.firstlapf1.com\/en\/wp-json\/wp\/v2\/media\/17721"}],"wp:attachment":[{"href":"https:\/\/www.firstlapf1.com\/en\/wp-json\/wp\/v2\/media?parent=16666"}],"wp:term":[{"taxonomy":"category","embeddable":true,"href":"https:\/\/www.firstlapf1.com\/en\/wp-json\/wp\/v2\/categories?post=16666"},{"taxonomy":"post_tag","embeddable":true,"href":"https:\/\/www.firstlapf1.com\/en\/wp-json\/wp\/v2\/tags?post=16666"}],"curies":[{"name":"wp","href":"https:\/\/api.w.org\/{rel}","templated":true}]}}