{"id":16654,"date":"2025-10-15T22:39:27","date_gmt":"2025-10-15T22:39:27","guid":{"rendered":"https:\/\/www.firstlapf1.com\/?p=16654"},"modified":"2025-10-15T22:39:29","modified_gmt":"2025-10-15T22:39:29","slug":"oficial-mclaren-vuelve-al-cromado-en-austin-y-mexico","status":"publish","type":"post","link":"https:\/\/www.firstlapf1.com\/en\/oficial-mclaren-vuelve-al-cromado-en-austin-y-mexico\/","title":{"rendered":"OFICIAL: McLaren vuelve al cromado en Austin y M\u00e9xico"},"content":{"rendered":"<h2 class=\"wp-block-heading\">En colaboraci\u00f3n con Gemini, la IA de Google Chrome, McLaren revela la livery especial que lucir\u00e1n en las dos pr\u00f3ximas carreras<\/h2>\n\n\n\n<p>La <a href=\"https:\/\/www.formula1.com\/\" target=\"_blank\" rel=\"noreferrer noopener\">gira americana<\/a> en la F1 est\u00e1 a punto de comenzar y se nota cuando, en los d\u00edas previos, los equipos lanzan merchandising oficial o liveries especiales. La cantidad de VIPs que visitan los circuitos hacen que estas carreras sean peculiares, por lo que los equipos deciden hacer cosas diferentes. Es el momento de McLaren, quienes se unen a Haas, Racing Bulls y Aston Martin en modificar sus liveries habituales. En el caso de los de Woking, abogan por una nueva colaboraci\u00f3n con Google, esta vez con Gemini, para regresar al cromado. Desde la escuder\u00eda, comunican que la nueva livery est\u00e1 inspirada en los distintos brillos que ofrece el logo de Gemini, adem\u00e1s de funcionar con un rol de asistente personal para impulsar la creatividad y guiar a las personas en las tareas cotidianas.<\/p>\n\n\n\n<h2 class=\"wp-block-heading has-normal-font-size\">Colores<\/h2>\n\n\n\n<p>En cuanto al dise\u00f1o de la livery, se puede apreciar el naranja cl\u00e1sico de la entidad brit\u00e1nica, a\u00f1adi\u00e9ndole el cromado como actualizaci\u00f3n. Este cromado es diferente a los anteriores que ha presentado McLaren, pues tiene un efecto arco\u00edris que recuerda al logo de Gemini. Est\u00e1 presente en el aler\u00f3n delantero, parte del morro y en la mayor parte de la tapa motor.<\/p>\n\n\n\n<p>Los monos de los pilotos tambi\u00e9n ser\u00e1n \u00fanicos: el blanco toma el papel destacado, combinado con un degradado en el lateral del mismo con los colores de Gemini. <\/p>\n\n\n\n<p>El paso al cromado, combinado con el naranja, se ha podido ver en varias liveries del equipo papaya. Silverstone 2023 y 2025, <a href=\"https:\/\/www.firstlapf1.com\/en\/category\/eeuu\/\" target=\"_blank\" rel=\"noreferrer noopener\">Austin<\/a> 2024 y 2025, y M\u00e9xico 2025 son las ubicaciones donde McLaren ha optado (y optar\u00e1) por llevar este estilo de colores que recuerda, salvando las distancias, a la \u00e9poca de McLaren Vodafone.<\/p>\n\n\n\n<figure class=\"wp-block-image size-full\"><img loading=\"lazy\" decoding=\"async\" width=\"820\" height=\"1024\" src=\"https:\/\/www.firstlapf1.com\/wp-content\/uploads\/2025\/10\/1000062151.jpg\" alt=\"\" class=\"wp-image-16656\" srcset=\"https:\/\/www.firstlapf1.com\/wp-content\/uploads\/2025\/10\/1000062151.jpg 820w, https:\/\/www.firstlapf1.com\/wp-content\/uploads\/2025\/10\/1000062151-240x300.jpg 240w, https:\/\/www.firstlapf1.com\/wp-content\/uploads\/2025\/10\/1000062151-768x959.jpg 768w, https:\/\/www.firstlapf1.com\/wp-content\/uploads\/2025\/10\/1000062151-10x12.jpg 10w\" sizes=\"auto, (max-width: 820px) 100vw, 820px\" \/><figcaption class=\"wp-element-caption\">Fuente: McLaren F1 Team en X (fuente portada: McLaren F1 Team en X)<\/figcaption><\/figure>","protected":false},"excerpt":{"rendered":"<p>En colaboraci\u00f3n con Gemini, la IA de Google Chrome, McLaren revela la livery especial que lucir\u00e1n en las dos pr\u00f3ximas carreras &hellip; <span class=\"more-button\"><a href=\"https:\/\/www.firstlapf1.com\/en\/oficial-mclaren-vuelve-al-cromado-en-austin-y-mexico\/\" class=\"more-link\">Continue reading<span class=\"screen-reader-text\">OFICIAL: McLaren vuelve al cromado en Austin y M\u00e9xico<\/span><\/a><\/span><\/p>","protected":false},"author":2,"featured_media":16658,"comment_status":"closed","ping_status":"open","sticky":false,"template":"","format":"standard","meta":{"_jetpack_memberships_contains_paid_content":false,"footnotes":""},"categories":[20,28,34],"tags":[],"class_list":["post-16654","post","type-post","status-publish","format-standard","has-post-thumbnail","hentry","category-eeuu","category-mexico","category-mclaren"],"yoast_head":"<!-- This site is optimized with the Yoast SEO plugin v27.0 - https:\/\/yoast.com\/product\/yoast-seo-wordpress\/ -->\n<title>OFICIAL: McLaren vuelve al cromado en Austin y M\u00e9xico - Noticias F1 en espa\u00f1ol<\/title>\n<meta name=\"description\" content=\"En colaboraci\u00f3n con Gemini, la IA de Google Chrome, McLaren revela la livery especial que lucir\u00e1n en las dos pr\u00f3ximas carreras\" \/>\n<meta name=\"robots\" content=\"index, follow, max-snippet:-1, max-image-preview:large, max-video-preview:-1\" \/>\n<link rel=\"canonical\" href=\"https:\/\/www.firstlapf1.com\/en\/oficial-mclaren-vuelve-al-cromado-en-austin-y-mexico\/\" \/>\n<meta property=\"og:locale\" content=\"en_GB\" \/>\n<meta property=\"og:type\" content=\"article\" \/>\n<meta property=\"og:title\" content=\"OFICIAL: McLaren vuelve al cromado en Austin y M\u00e9xico - Noticias F1 en espa\u00f1ol\" \/>\n<meta property=\"og:description\" content=\"En colaboraci\u00f3n con Gemini, la IA de Google Chrome, McLaren revela la livery especial que lucir\u00e1n en las dos pr\u00f3ximas carreras\" \/>\n<meta property=\"og:url\" content=\"https:\/\/www.firstlapf1.com\/en\/oficial-mclaren-vuelve-al-cromado-en-austin-y-mexico\/\" \/>\n<meta property=\"og:site_name\" content=\"Noticias F1 en espa\u00f1ol\" \/>\n<meta property=\"article:published_time\" content=\"2025-10-15T22:39:27+00:00\" \/>\n<meta property=\"article:modified_time\" content=\"2025-10-15T22:39:29+00:00\" \/>\n<meta property=\"og:image\" content=\"https:\/\/www.firstlapf1.com\/wp-content\/uploads\/2025\/10\/20251016_001537.jpg\" \/>\n\t<meta property=\"og:image:width\" content=\"1170\" \/>\n\t<meta property=\"og:image:height\" content=\"1108\" \/>\n\t<meta property=\"og:image:type\" content=\"image\/jpeg\" \/>\n<meta name=\"author\" content=\"Miguel Lora-Paquet\" \/>\n<meta name=\"twitter:card\" content=\"summary_large_image\" \/>\n<meta name=\"twitter:label1\" content=\"Written by\" \/>\n\t<meta name=\"twitter:data1\" content=\"Miguel Lora-Paquet\" \/>\n\t<meta name=\"twitter:label2\" content=\"Estimated reading time\" \/>\n\t<meta name=\"twitter:data2\" content=\"2 minutes\" \/>\n<script type=\"application\/ld+json\" class=\"yoast-schema-graph\">{\"@context\":\"https:\/\/schema.org\",\"@graph\":[{\"@type\":\"Article\",\"@id\":\"https:\/\/www.firstlapf1.com\/oficial-mclaren-vuelve-al-cromado-en-austin-y-mexico\/#article\",\"isPartOf\":{\"@id\":\"https:\/\/www.firstlapf1.com\/oficial-mclaren-vuelve-al-cromado-en-austin-y-mexico\/\"},\"author\":{\"name\":\"Miguel Lora-Paquet\",\"@id\":\"https:\/\/www.firstlapf1.com\/#\/schema\/person\/9eca09873eecb6d7836bc1a0bbd78250\"},\"headline\":\"OFICIAL: McLaren vuelve al cromado en Austin y M\u00e9xico\",\"datePublished\":\"2025-10-15T22:39:27+00:00\",\"dateModified\":\"2025-10-15T22:39:29+00:00\",\"mainEntityOfPage\":{\"@id\":\"https:\/\/www.firstlapf1.com\/oficial-mclaren-vuelve-al-cromado-en-austin-y-mexico\/\"},\"wordCount\":337,\"image\":{\"@id\":\"https:\/\/www.firstlapf1.com\/oficial-mclaren-vuelve-al-cromado-en-austin-y-mexico\/#primaryimage\"},\"thumbnailUrl\":\"https:\/\/www.firstlapf1.com\/wp-content\/uploads\/2025\/10\/20251016_001537.jpg\",\"articleSection\":[\"GP EEUU (COTA)\",\"GP M\u00e9xico (Aut\u00f3dromo Hermanos Rodr\u00edguez)\",\"McLaren Mastercard F1 Team\"],\"inLanguage\":\"en-GB\"},{\"@type\":\"WebPage\",\"@id\":\"https:\/\/www.firstlapf1.com\/oficial-mclaren-vuelve-al-cromado-en-austin-y-mexico\/\",\"url\":\"https:\/\/www.firstlapf1.com\/oficial-mclaren-vuelve-al-cromado-en-austin-y-mexico\/\",\"name\":\"OFICIAL: McLaren vuelve al cromado en Austin y M\u00e9xico - Noticias F1 en espa\u00f1ol\",\"isPartOf\":{\"@id\":\"https:\/\/www.firstlapf1.com\/#website\"},\"primaryImageOfPage\":{\"@id\":\"https:\/\/www.firstlapf1.com\/oficial-mclaren-vuelve-al-cromado-en-austin-y-mexico\/#primaryimage\"},\"image\":{\"@id\":\"https:\/\/www.firstlapf1.com\/oficial-mclaren-vuelve-al-cromado-en-austin-y-mexico\/#primaryimage\"},\"thumbnailUrl\":\"https:\/\/www.firstlapf1.com\/wp-content\/uploads\/2025\/10\/20251016_001537.jpg\",\"datePublished\":\"2025-10-15T22:39:27+00:00\",\"dateModified\":\"2025-10-15T22:39:29+00:00\",\"author\":{\"@id\":\"https:\/\/www.firstlapf1.com\/#\/schema\/person\/9eca09873eecb6d7836bc1a0bbd78250\"},\"description\":\"En colaboraci\u00f3n con Gemini, la IA de Google Chrome, McLaren revela la livery especial que lucir\u00e1n en las dos pr\u00f3ximas carreras\",\"inLanguage\":\"en-GB\",\"potentialAction\":[{\"@type\":\"ReadAction\",\"target\":[\"https:\/\/www.firstlapf1.com\/oficial-mclaren-vuelve-al-cromado-en-austin-y-mexico\/\"]}]},{\"@type\":\"ImageObject\",\"inLanguage\":\"en-GB\",\"@id\":\"https:\/\/www.firstlapf1.com\/oficial-mclaren-vuelve-al-cromado-en-austin-y-mexico\/#primaryimage\",\"url\":\"https:\/\/www.firstlapf1.com\/wp-content\/uploads\/2025\/10\/20251016_001537.jpg\",\"contentUrl\":\"https:\/\/www.firstlapf1.com\/wp-content\/uploads\/2025\/10\/20251016_001537.jpg\",\"width\":1170,\"height\":1108},{\"@type\":\"WebSite\",\"@id\":\"https:\/\/www.firstlapf1.com\/#website\",\"url\":\"https:\/\/www.firstlapf1.com\/\",\"name\":\"Noticias F1 en espa\u00f1ol\",\"description\":\"Noticias F1 en espa\u00f1ol\",\"potentialAction\":[{\"@type\":\"SearchAction\",\"target\":{\"@type\":\"EntryPoint\",\"urlTemplate\":\"https:\/\/www.firstlapf1.com\/?s={search_term_string}\"},\"query-input\":{\"@type\":\"PropertyValueSpecification\",\"valueRequired\":true,\"valueName\":\"search_term_string\"}}],\"inLanguage\":\"en-GB\"},{\"@type\":\"Person\",\"@id\":\"https:\/\/www.firstlapf1.com\/#\/schema\/person\/9eca09873eecb6d7836bc1a0bbd78250\",\"name\":\"Miguel Lora-Paquet\",\"image\":{\"@type\":\"ImageObject\",\"inLanguage\":\"en-GB\",\"@id\":\"https:\/\/www.firstlapf1.com\/#\/schema\/person\/image\/\",\"url\":\"https:\/\/www.firstlapf1.com\/wp-content\/uploads\/2022\/09\/7d393f41-126a-4a1e-bf1d-9d04e2ebc621.jpeg\",\"contentUrl\":\"https:\/\/www.firstlapf1.com\/wp-content\/uploads\/2022\/09\/7d393f41-126a-4a1e-bf1d-9d04e2ebc621.jpeg\",\"caption\":\"Miguel Lora-Paquet\"},\"url\":\"https:\/\/www.firstlapf1.com\/en\/author\/miguel\/\"}]}<\/script>\n<!-- \/ Yoast SEO plugin. -->","yoast_head_json":{"title":"OFICIAL: McLaren vuelve al cromado en Austin y M\u00e9xico - Noticias F1 en espa\u00f1ol","description":"En colaboraci\u00f3n con Gemini, la IA de Google Chrome, McLaren revela la livery especial que lucir\u00e1n en las dos pr\u00f3ximas carreras","robots":{"index":"index","follow":"follow","max-snippet":"max-snippet:-1","max-image-preview":"max-image-preview:large","max-video-preview":"max-video-preview:-1"},"canonical":"https:\/\/www.firstlapf1.com\/en\/oficial-mclaren-vuelve-al-cromado-en-austin-y-mexico\/","og_locale":"en_GB","og_type":"article","og_title":"OFICIAL: McLaren vuelve al cromado en Austin y M\u00e9xico - Noticias F1 en espa\u00f1ol","og_description":"En colaboraci\u00f3n con Gemini, la IA de Google Chrome, McLaren revela la livery especial que lucir\u00e1n en las dos pr\u00f3ximas carreras","og_url":"https:\/\/www.firstlapf1.com\/en\/oficial-mclaren-vuelve-al-cromado-en-austin-y-mexico\/","og_site_name":"Noticias F1 en espa\u00f1ol","article_published_time":"2025-10-15T22:39:27+00:00","article_modified_time":"2025-10-15T22:39:29+00:00","og_image":[{"width":1170,"height":1108,"url":"https:\/\/www.firstlapf1.com\/wp-content\/uploads\/2025\/10\/20251016_001537.jpg","type":"image\/jpeg"}],"author":"Miguel Lora-Paquet","twitter_card":"summary_large_image","twitter_misc":{"Written by":"Miguel Lora-Paquet","Estimated reading time":"2 minutes"},"schema":{"@context":"https:\/\/schema.org","@graph":[{"@type":"Article","@id":"https:\/\/www.firstlapf1.com\/oficial-mclaren-vuelve-al-cromado-en-austin-y-mexico\/#article","isPartOf":{"@id":"https:\/\/www.firstlapf1.com\/oficial-mclaren-vuelve-al-cromado-en-austin-y-mexico\/"},"author":{"name":"Miguel Lora-Paquet","@id":"https:\/\/www.firstlapf1.com\/#\/schema\/person\/9eca09873eecb6d7836bc1a0bbd78250"},"headline":"OFICIAL: McLaren vuelve al cromado en Austin y M\u00e9xico","datePublished":"2025-10-15T22:39:27+00:00","dateModified":"2025-10-15T22:39:29+00:00","mainEntityOfPage":{"@id":"https:\/\/www.firstlapf1.com\/oficial-mclaren-vuelve-al-cromado-en-austin-y-mexico\/"},"wordCount":337,"image":{"@id":"https:\/\/www.firstlapf1.com\/oficial-mclaren-vuelve-al-cromado-en-austin-y-mexico\/#primaryimage"},"thumbnailUrl":"https:\/\/www.firstlapf1.com\/wp-content\/uploads\/2025\/10\/20251016_001537.jpg","articleSection":["GP EEUU (COTA)","GP M\u00e9xico (Aut\u00f3dromo Hermanos Rodr\u00edguez)","McLaren Mastercard F1 Team"],"inLanguage":"en-GB"},{"@type":"WebPage","@id":"https:\/\/www.firstlapf1.com\/oficial-mclaren-vuelve-al-cromado-en-austin-y-mexico\/","url":"https:\/\/www.firstlapf1.com\/oficial-mclaren-vuelve-al-cromado-en-austin-y-mexico\/","name":"OFICIAL: McLaren vuelve al cromado en Austin y M\u00e9xico - Noticias F1 en espa\u00f1ol","isPartOf":{"@id":"https:\/\/www.firstlapf1.com\/#website"},"primaryImageOfPage":{"@id":"https:\/\/www.firstlapf1.com\/oficial-mclaren-vuelve-al-cromado-en-austin-y-mexico\/#primaryimage"},"image":{"@id":"https:\/\/www.firstlapf1.com\/oficial-mclaren-vuelve-al-cromado-en-austin-y-mexico\/#primaryimage"},"thumbnailUrl":"https:\/\/www.firstlapf1.com\/wp-content\/uploads\/2025\/10\/20251016_001537.jpg","datePublished":"2025-10-15T22:39:27+00:00","dateModified":"2025-10-15T22:39:29+00:00","author":{"@id":"https:\/\/www.firstlapf1.com\/#\/schema\/person\/9eca09873eecb6d7836bc1a0bbd78250"},"description":"En colaboraci\u00f3n con Gemini, la IA de Google Chrome, McLaren revela la livery especial que lucir\u00e1n en las dos pr\u00f3ximas carreras","inLanguage":"en-GB","potentialAction":[{"@type":"ReadAction","target":["https:\/\/www.firstlapf1.com\/oficial-mclaren-vuelve-al-cromado-en-austin-y-mexico\/"]}]},{"@type":"ImageObject","inLanguage":"en-GB","@id":"https:\/\/www.firstlapf1.com\/oficial-mclaren-vuelve-al-cromado-en-austin-y-mexico\/#primaryimage","url":"https:\/\/www.firstlapf1.com\/wp-content\/uploads\/2025\/10\/20251016_001537.jpg","contentUrl":"https:\/\/www.firstlapf1.com\/wp-content\/uploads\/2025\/10\/20251016_001537.jpg","width":1170,"height":1108},{"@type":"WebSite","@id":"https:\/\/www.firstlapf1.com\/#website","url":"https:\/\/www.firstlapf1.com\/","name":"Noticias F1 en espa\u00f1ol","description":"Noticias F1 en espa\u00f1ol","potentialAction":[{"@type":"SearchAction","target":{"@type":"EntryPoint","urlTemplate":"https:\/\/www.firstlapf1.com\/?s={search_term_string}"},"query-input":{"@type":"PropertyValueSpecification","valueRequired":true,"valueName":"search_term_string"}}],"inLanguage":"en-GB"},{"@type":"Person","@id":"https:\/\/www.firstlapf1.com\/#\/schema\/person\/9eca09873eecb6d7836bc1a0bbd78250","name":"Miguel Lora-Paquet","image":{"@type":"ImageObject","inLanguage":"en-GB","@id":"https:\/\/www.firstlapf1.com\/#\/schema\/person\/image\/","url":"https:\/\/www.firstlapf1.com\/wp-content\/uploads\/2022\/09\/7d393f41-126a-4a1e-bf1d-9d04e2ebc621.jpeg","contentUrl":"https:\/\/www.firstlapf1.com\/wp-content\/uploads\/2022\/09\/7d393f41-126a-4a1e-bf1d-9d04e2ebc621.jpeg","caption":"Miguel Lora-Paquet"},"url":"https:\/\/www.firstlapf1.com\/en\/author\/miguel\/"}]}},"jetpack_featured_media_url":"https:\/\/www.firstlapf1.com\/wp-content\/uploads\/2025\/10\/20251016_001537.jpg","jetpack_sharing_enabled":true,"_links":{"self":[{"href":"https:\/\/www.firstlapf1.com\/en\/wp-json\/wp\/v2\/posts\/16654","targetHints":{"allow":["GET"]}}],"collection":[{"href":"https:\/\/www.firstlapf1.com\/en\/wp-json\/wp\/v2\/posts"}],"about":[{"href":"https:\/\/www.firstlapf1.com\/en\/wp-json\/wp\/v2\/types\/post"}],"author":[{"embeddable":true,"href":"https:\/\/www.firstlapf1.com\/en\/wp-json\/wp\/v2\/users\/2"}],"replies":[{"embeddable":true,"href":"https:\/\/www.firstlapf1.com\/en\/wp-json\/wp\/v2\/comments?post=16654"}],"version-history":[{"count":2,"href":"https:\/\/www.firstlapf1.com\/en\/wp-json\/wp\/v2\/posts\/16654\/revisions"}],"predecessor-version":[{"id":16659,"href":"https:\/\/www.firstlapf1.com\/en\/wp-json\/wp\/v2\/posts\/16654\/revisions\/16659"}],"wp:featuredmedia":[{"embeddable":true,"href":"https:\/\/www.firstlapf1.com\/en\/wp-json\/wp\/v2\/media\/16658"}],"wp:attachment":[{"href":"https:\/\/www.firstlapf1.com\/en\/wp-json\/wp\/v2\/media?parent=16654"}],"wp:term":[{"taxonomy":"category","embeddable":true,"href":"https:\/\/www.firstlapf1.com\/en\/wp-json\/wp\/v2\/categories?post=16654"},{"taxonomy":"post_tag","embeddable":true,"href":"https:\/\/www.firstlapf1.com\/en\/wp-json\/wp\/v2\/tags?post=16654"}],"curies":[{"name":"wp","href":"https:\/\/api.w.org\/{rel}","templated":true}]}}