{"id":16648,"date":"2025-10-15T22:07:08","date_gmt":"2025-10-15T22:07:08","guid":{"rendered":"https:\/\/www.firstlapf1.com\/?p=16648"},"modified":"2025-10-15T22:07:12","modified_gmt":"2025-10-15T22:07:12","slug":"oficial-aston-martin-muestra-su-primera-livery-especial","status":"publish","type":"post","link":"https:\/\/www.firstlapf1.com\/en\/oficial-aston-martin-muestra-su-primera-livery-especial\/","title":{"rendered":"OFICIAL: Aston Martin muestra su primera livery especial"},"content":{"rendered":"<h2 class=\"wp-block-heading\">Junto a su patrocinador principal Aramco, Aston Martin presenta su nueva livery, inspirada en la ciencia relacionada con la F1<\/h2>\n\n\n\n<p>Aston Martin ha sorprendido a todos cambiando su livery habitual. Desde que regresaron a la F1 en 2021, los de Silverstone no han modificado su livery en ninguna ocasi\u00f3n, hasta el GP de EEUU 2025. Uniendo fuerzas con <a href=\"https:\/\/www.formula1.com\/\" target=\"_blank\" rel=\"noreferrer noopener\">Aramco<\/a>, los de verde han querido homenajear a todos los trabajadores \u00bbinvisibles\u00bb, aquellos que no viajan con el equipo y se quedan en la f\u00e1brica. Durante toda la semana, han estado publicando posts bajo el nombre de &#8216;See the Science&#8217;, con el que han ido explicando numerosos aspectos ocultos de los monoplazas.<\/p>\n\n\n\n<p>En cuanto a la livery, el verde cl\u00e1sico de la marca sigue siendo el gran protagonista del AMR25. Sin embargo, el amarillo adquiere un papel m\u00e1s importante, estando presente en el nombre de Aramco en pontones, ambos alerones y en la base del halo. Por otro lado, se puede observar un degradado con tri\u00e1ngulos en el morro, que va de negro al verde. Este mismo patr\u00f3n se puede apreciar en los pontones tambi\u00e9n. Por \u00faltimo, Aston Martin a\u00f1ade f\u00f3rmulas cient\u00edficas asociadas con la F1 por todo el coche y los dorsales tienen un nuevo dise\u00f1o.<\/p>\n\n\n\n<p>Aramco ha aprovechado la ocasi\u00f3n para anunciar que el combustible que desarrollen para Aston Martin en 2026 se llamar\u00e1 Aramco ProForce+. Cabe destacar que la petrolera ya provee a la F2, F3 y F1 Academy.<\/p>\n\n\n\n<h2 class=\"wp-block-heading has-normal-font-size\">Declaraciones<\/h2>\n\n\n\n<p>Andy Cowell, Team Principal de Aston Martin y CEO de Aston Martin F1<\/p>\n\n\n\n<p><strong>\u00bbEl GP de EEUU de este fin de semana marca la primera livery especial junto con nuestro patrocinador principal, Aramco. Hemos querido destacar la innovaci\u00f3n, la ciencia y a aquellas personas que crean el coche. Estamos deseando verla en pista y orgullosos de empezar la siguiente fase de colaboraci\u00f3n con Aramco, pieza clave en el monoplaza de 2026.\u00bb<\/strong><\/p>\n\n\n\n<p>Ali A. Al-Meshari, Vicepresidente de Supervisi\u00f3n y Coordinaci\u00f3n de Tecnolog\u00eda de Aramco:<\/p>\n\n\n\n<p><strong>\u00bbEste momento hist\u00f3rico es una oportunidad para celebrar la dedicaci\u00f3n del personal de Aramco, desarrollando tecnolog\u00edas innovadoras para la F1 y para el mundo de la automoci\u00f3n en general. Durante m\u00e1s de 90 a\u00f1os, hemos combinado imaginaci\u00f3n y ciencia para resolver retos que la gente cre\u00eda que eran imposibles de resolver. Con nuestra colaboraci\u00f3n con Aston Martin, probamos nuevos combustibles y materiales innovadores para los circuitos y fuera de ellos. Todos estos esfuerzos se apreciar\u00e1n durante el <a href=\"https:\/\/www.firstlapf1.com\/en\/category\/eeuu\/\" target=\"_blank\" rel=\"noreferrer noopener\">GP de EEUU<\/a> 2025.\u00bb<\/strong><\/p>\n\n\n\n<figure class=\"wp-block-image size-large\"><img loading=\"lazy\" decoding=\"async\" width=\"1024\" height=\"683\" src=\"https:\/\/www.firstlapf1.com\/wp-content\/uploads\/2025\/10\/1000062137-1024x683.jpg\" alt=\"\" class=\"wp-image-16650\" srcset=\"https:\/\/www.firstlapf1.com\/wp-content\/uploads\/2025\/10\/1000062137-1024x683.jpg 1024w, https:\/\/www.firstlapf1.com\/wp-content\/uploads\/2025\/10\/1000062137-300x200.jpg 300w, https:\/\/www.firstlapf1.com\/wp-content\/uploads\/2025\/10\/1000062137-768x512.jpg 768w, https:\/\/www.firstlapf1.com\/wp-content\/uploads\/2025\/10\/1000062137-1536x1024.jpg 1536w, https:\/\/www.firstlapf1.com\/wp-content\/uploads\/2025\/10\/1000062137-18x12.jpg 18w, https:\/\/www.firstlapf1.com\/wp-content\/uploads\/2025\/10\/1000062137.jpg 2048w\" sizes=\"auto, (max-width: 1024px) 100vw, 1024px\" \/><figcaption class=\"wp-element-caption\">Fuente: Aston Martin Aramco F1 Team en X (fuente portada: Aston Martin Aramco F1 Team en X)<\/figcaption><\/figure>","protected":false},"excerpt":{"rendered":"<p>Junto a su patrocinador principal Aramco, Aston Martin presenta su nueva livery, inspirada en la ciencia relacionada con la F1 &hellip; <span class=\"more-button\"><a href=\"https:\/\/www.firstlapf1.com\/en\/oficial-aston-martin-muestra-su-primera-livery-especial\/\" class=\"more-link\">Continue reading<span class=\"screen-reader-text\">OFICIAL: Aston Martin muestra su primera livery especial<\/span><\/a><\/span><\/p>","protected":false},"author":2,"featured_media":16652,"comment_status":"closed","ping_status":"open","sticky":false,"template":"","format":"standard","meta":{"_jetpack_memberships_contains_paid_content":false,"footnotes":""},"categories":[3,20],"tags":[],"class_list":["post-16648","post","type-post","status-publish","format-standard","has-post-thumbnail","hentry","category-aston-martin","category-eeuu"],"yoast_head":"<!-- This site is optimized with the Yoast SEO plugin v27.0 - https:\/\/yoast.com\/product\/yoast-seo-wordpress\/ -->\n<title>OFICIAL: Aston Martin muestra su primera livery especial - Noticias F1 en espa\u00f1ol<\/title>\n<meta name=\"description\" content=\"Junto a su patrocinador principal Aramco, Aston Martin presenta su nueva livery, inspirada en la ciencia relacionada con la F1\" \/>\n<meta name=\"robots\" content=\"index, follow, max-snippet:-1, max-image-preview:large, max-video-preview:-1\" \/>\n<link rel=\"canonical\" href=\"https:\/\/www.firstlapf1.com\/en\/oficial-aston-martin-muestra-su-primera-livery-especial\/\" \/>\n<meta property=\"og:locale\" content=\"en_GB\" \/>\n<meta property=\"og:type\" content=\"article\" \/>\n<meta property=\"og:title\" content=\"OFICIAL: Aston Martin muestra su primera livery especial - Noticias F1 en espa\u00f1ol\" \/>\n<meta property=\"og:description\" content=\"Junto a su patrocinador principal Aramco, Aston Martin presenta su nueva livery, inspirada en la ciencia relacionada con la F1\" \/>\n<meta property=\"og:url\" content=\"https:\/\/www.firstlapf1.com\/en\/oficial-aston-martin-muestra-su-primera-livery-especial\/\" \/>\n<meta property=\"og:site_name\" content=\"Noticias F1 en espa\u00f1ol\" \/>\n<meta property=\"article:published_time\" content=\"2025-10-15T22:07:08+00:00\" \/>\n<meta property=\"article:modified_time\" content=\"2025-10-15T22:07:12+00:00\" \/>\n<meta property=\"og:image\" content=\"https:\/\/www.firstlapf1.com\/wp-content\/uploads\/2025\/10\/20251015_230925.jpg\" \/>\n\t<meta property=\"og:image:width\" content=\"1486\" \/>\n\t<meta property=\"og:image:height\" content=\"2048\" \/>\n\t<meta property=\"og:image:type\" content=\"image\/jpeg\" \/>\n<meta name=\"author\" content=\"Miguel Lora-Paquet\" \/>\n<meta name=\"twitter:card\" content=\"summary_large_image\" \/>\n<meta name=\"twitter:label1\" content=\"Written by\" \/>\n\t<meta name=\"twitter:data1\" content=\"Miguel Lora-Paquet\" \/>\n\t<meta name=\"twitter:label2\" content=\"Estimated reading time\" \/>\n\t<meta name=\"twitter:data2\" content=\"3 minutes\" \/>\n<script type=\"application\/ld+json\" class=\"yoast-schema-graph\">{\"@context\":\"https:\/\/schema.org\",\"@graph\":[{\"@type\":\"Article\",\"@id\":\"https:\/\/www.firstlapf1.com\/oficial-aston-martin-muestra-su-primera-livery-especial\/#article\",\"isPartOf\":{\"@id\":\"https:\/\/www.firstlapf1.com\/oficial-aston-martin-muestra-su-primera-livery-especial\/\"},\"author\":{\"name\":\"Miguel Lora-Paquet\",\"@id\":\"https:\/\/www.firstlapf1.com\/#\/schema\/person\/9eca09873eecb6d7836bc1a0bbd78250\"},\"headline\":\"OFICIAL: Aston Martin muestra su primera livery especial\",\"datePublished\":\"2025-10-15T22:07:08+00:00\",\"dateModified\":\"2025-10-15T22:07:12+00:00\",\"mainEntityOfPage\":{\"@id\":\"https:\/\/www.firstlapf1.com\/oficial-aston-martin-muestra-su-primera-livery-especial\/\"},\"wordCount\":453,\"image\":{\"@id\":\"https:\/\/www.firstlapf1.com\/oficial-aston-martin-muestra-su-primera-livery-especial\/#primaryimage\"},\"thumbnailUrl\":\"https:\/\/www.firstlapf1.com\/wp-content\/uploads\/2025\/10\/20251015_230925.jpg\",\"articleSection\":[\"Aston Martin Aramco Formula One Team\",\"GP EEUU (COTA)\"],\"inLanguage\":\"en-GB\"},{\"@type\":\"WebPage\",\"@id\":\"https:\/\/www.firstlapf1.com\/oficial-aston-martin-muestra-su-primera-livery-especial\/\",\"url\":\"https:\/\/www.firstlapf1.com\/oficial-aston-martin-muestra-su-primera-livery-especial\/\",\"name\":\"OFICIAL: Aston Martin muestra su primera livery especial - Noticias F1 en espa\u00f1ol\",\"isPartOf\":{\"@id\":\"https:\/\/www.firstlapf1.com\/#website\"},\"primaryImageOfPage\":{\"@id\":\"https:\/\/www.firstlapf1.com\/oficial-aston-martin-muestra-su-primera-livery-especial\/#primaryimage\"},\"image\":{\"@id\":\"https:\/\/www.firstlapf1.com\/oficial-aston-martin-muestra-su-primera-livery-especial\/#primaryimage\"},\"thumbnailUrl\":\"https:\/\/www.firstlapf1.com\/wp-content\/uploads\/2025\/10\/20251015_230925.jpg\",\"datePublished\":\"2025-10-15T22:07:08+00:00\",\"dateModified\":\"2025-10-15T22:07:12+00:00\",\"author\":{\"@id\":\"https:\/\/www.firstlapf1.com\/#\/schema\/person\/9eca09873eecb6d7836bc1a0bbd78250\"},\"description\":\"Junto a su patrocinador principal Aramco, Aston Martin presenta su nueva livery, inspirada en la ciencia relacionada con la F1\",\"inLanguage\":\"en-GB\",\"potentialAction\":[{\"@type\":\"ReadAction\",\"target\":[\"https:\/\/www.firstlapf1.com\/oficial-aston-martin-muestra-su-primera-livery-especial\/\"]}]},{\"@type\":\"ImageObject\",\"inLanguage\":\"en-GB\",\"@id\":\"https:\/\/www.firstlapf1.com\/oficial-aston-martin-muestra-su-primera-livery-especial\/#primaryimage\",\"url\":\"https:\/\/www.firstlapf1.com\/wp-content\/uploads\/2025\/10\/20251015_230925.jpg\",\"contentUrl\":\"https:\/\/www.firstlapf1.com\/wp-content\/uploads\/2025\/10\/20251015_230925.jpg\",\"width\":1486,\"height\":2048},{\"@type\":\"WebSite\",\"@id\":\"https:\/\/www.firstlapf1.com\/#website\",\"url\":\"https:\/\/www.firstlapf1.com\/\",\"name\":\"Noticias F1 en espa\u00f1ol\",\"description\":\"Noticias F1 en espa\u00f1ol\",\"potentialAction\":[{\"@type\":\"SearchAction\",\"target\":{\"@type\":\"EntryPoint\",\"urlTemplate\":\"https:\/\/www.firstlapf1.com\/?s={search_term_string}\"},\"query-input\":{\"@type\":\"PropertyValueSpecification\",\"valueRequired\":true,\"valueName\":\"search_term_string\"}}],\"inLanguage\":\"en-GB\"},{\"@type\":\"Person\",\"@id\":\"https:\/\/www.firstlapf1.com\/#\/schema\/person\/9eca09873eecb6d7836bc1a0bbd78250\",\"name\":\"Miguel Lora-Paquet\",\"image\":{\"@type\":\"ImageObject\",\"inLanguage\":\"en-GB\",\"@id\":\"https:\/\/www.firstlapf1.com\/#\/schema\/person\/image\/\",\"url\":\"https:\/\/www.firstlapf1.com\/wp-content\/uploads\/2022\/09\/7d393f41-126a-4a1e-bf1d-9d04e2ebc621.jpeg\",\"contentUrl\":\"https:\/\/www.firstlapf1.com\/wp-content\/uploads\/2022\/09\/7d393f41-126a-4a1e-bf1d-9d04e2ebc621.jpeg\",\"caption\":\"Miguel Lora-Paquet\"},\"url\":\"https:\/\/www.firstlapf1.com\/en\/author\/miguel\/\"}]}<\/script>\n<!-- \/ Yoast SEO plugin. -->","yoast_head_json":{"title":"OFICIAL: Aston Martin muestra su primera livery especial - Noticias F1 en espa\u00f1ol","description":"Junto a su patrocinador principal Aramco, Aston Martin presenta su nueva livery, inspirada en la ciencia relacionada con la F1","robots":{"index":"index","follow":"follow","max-snippet":"max-snippet:-1","max-image-preview":"max-image-preview:large","max-video-preview":"max-video-preview:-1"},"canonical":"https:\/\/www.firstlapf1.com\/en\/oficial-aston-martin-muestra-su-primera-livery-especial\/","og_locale":"en_GB","og_type":"article","og_title":"OFICIAL: Aston Martin muestra su primera livery especial - Noticias F1 en espa\u00f1ol","og_description":"Junto a su patrocinador principal Aramco, Aston Martin presenta su nueva livery, inspirada en la ciencia relacionada con la F1","og_url":"https:\/\/www.firstlapf1.com\/en\/oficial-aston-martin-muestra-su-primera-livery-especial\/","og_site_name":"Noticias F1 en espa\u00f1ol","article_published_time":"2025-10-15T22:07:08+00:00","article_modified_time":"2025-10-15T22:07:12+00:00","og_image":[{"width":1486,"height":2048,"url":"https:\/\/www.firstlapf1.com\/wp-content\/uploads\/2025\/10\/20251015_230925.jpg","type":"image\/jpeg"}],"author":"Miguel Lora-Paquet","twitter_card":"summary_large_image","twitter_misc":{"Written by":"Miguel Lora-Paquet","Estimated reading time":"3 minutes"},"schema":{"@context":"https:\/\/schema.org","@graph":[{"@type":"Article","@id":"https:\/\/www.firstlapf1.com\/oficial-aston-martin-muestra-su-primera-livery-especial\/#article","isPartOf":{"@id":"https:\/\/www.firstlapf1.com\/oficial-aston-martin-muestra-su-primera-livery-especial\/"},"author":{"name":"Miguel Lora-Paquet","@id":"https:\/\/www.firstlapf1.com\/#\/schema\/person\/9eca09873eecb6d7836bc1a0bbd78250"},"headline":"OFICIAL: Aston Martin muestra su primera livery especial","datePublished":"2025-10-15T22:07:08+00:00","dateModified":"2025-10-15T22:07:12+00:00","mainEntityOfPage":{"@id":"https:\/\/www.firstlapf1.com\/oficial-aston-martin-muestra-su-primera-livery-especial\/"},"wordCount":453,"image":{"@id":"https:\/\/www.firstlapf1.com\/oficial-aston-martin-muestra-su-primera-livery-especial\/#primaryimage"},"thumbnailUrl":"https:\/\/www.firstlapf1.com\/wp-content\/uploads\/2025\/10\/20251015_230925.jpg","articleSection":["Aston Martin Aramco Formula One Team","GP EEUU (COTA)"],"inLanguage":"en-GB"},{"@type":"WebPage","@id":"https:\/\/www.firstlapf1.com\/oficial-aston-martin-muestra-su-primera-livery-especial\/","url":"https:\/\/www.firstlapf1.com\/oficial-aston-martin-muestra-su-primera-livery-especial\/","name":"OFICIAL: Aston Martin muestra su primera livery especial - Noticias F1 en espa\u00f1ol","isPartOf":{"@id":"https:\/\/www.firstlapf1.com\/#website"},"primaryImageOfPage":{"@id":"https:\/\/www.firstlapf1.com\/oficial-aston-martin-muestra-su-primera-livery-especial\/#primaryimage"},"image":{"@id":"https:\/\/www.firstlapf1.com\/oficial-aston-martin-muestra-su-primera-livery-especial\/#primaryimage"},"thumbnailUrl":"https:\/\/www.firstlapf1.com\/wp-content\/uploads\/2025\/10\/20251015_230925.jpg","datePublished":"2025-10-15T22:07:08+00:00","dateModified":"2025-10-15T22:07:12+00:00","author":{"@id":"https:\/\/www.firstlapf1.com\/#\/schema\/person\/9eca09873eecb6d7836bc1a0bbd78250"},"description":"Junto a su patrocinador principal Aramco, Aston Martin presenta su nueva livery, inspirada en la ciencia relacionada con la F1","inLanguage":"en-GB","potentialAction":[{"@type":"ReadAction","target":["https:\/\/www.firstlapf1.com\/oficial-aston-martin-muestra-su-primera-livery-especial\/"]}]},{"@type":"ImageObject","inLanguage":"en-GB","@id":"https:\/\/www.firstlapf1.com\/oficial-aston-martin-muestra-su-primera-livery-especial\/#primaryimage","url":"https:\/\/www.firstlapf1.com\/wp-content\/uploads\/2025\/10\/20251015_230925.jpg","contentUrl":"https:\/\/www.firstlapf1.com\/wp-content\/uploads\/2025\/10\/20251015_230925.jpg","width":1486,"height":2048},{"@type":"WebSite","@id":"https:\/\/www.firstlapf1.com\/#website","url":"https:\/\/www.firstlapf1.com\/","name":"Noticias F1 en espa\u00f1ol","description":"Noticias F1 en espa\u00f1ol","potentialAction":[{"@type":"SearchAction","target":{"@type":"EntryPoint","urlTemplate":"https:\/\/www.firstlapf1.com\/?s={search_term_string}"},"query-input":{"@type":"PropertyValueSpecification","valueRequired":true,"valueName":"search_term_string"}}],"inLanguage":"en-GB"},{"@type":"Person","@id":"https:\/\/www.firstlapf1.com\/#\/schema\/person\/9eca09873eecb6d7836bc1a0bbd78250","name":"Miguel Lora-Paquet","image":{"@type":"ImageObject","inLanguage":"en-GB","@id":"https:\/\/www.firstlapf1.com\/#\/schema\/person\/image\/","url":"https:\/\/www.firstlapf1.com\/wp-content\/uploads\/2022\/09\/7d393f41-126a-4a1e-bf1d-9d04e2ebc621.jpeg","contentUrl":"https:\/\/www.firstlapf1.com\/wp-content\/uploads\/2022\/09\/7d393f41-126a-4a1e-bf1d-9d04e2ebc621.jpeg","caption":"Miguel Lora-Paquet"},"url":"https:\/\/www.firstlapf1.com\/en\/author\/miguel\/"}]}},"jetpack_featured_media_url":"https:\/\/www.firstlapf1.com\/wp-content\/uploads\/2025\/10\/20251015_230925.jpg","jetpack_sharing_enabled":true,"_links":{"self":[{"href":"https:\/\/www.firstlapf1.com\/en\/wp-json\/wp\/v2\/posts\/16648","targetHints":{"allow":["GET"]}}],"collection":[{"href":"https:\/\/www.firstlapf1.com\/en\/wp-json\/wp\/v2\/posts"}],"about":[{"href":"https:\/\/www.firstlapf1.com\/en\/wp-json\/wp\/v2\/types\/post"}],"author":[{"embeddable":true,"href":"https:\/\/www.firstlapf1.com\/en\/wp-json\/wp\/v2\/users\/2"}],"replies":[{"embeddable":true,"href":"https:\/\/www.firstlapf1.com\/en\/wp-json\/wp\/v2\/comments?post=16648"}],"version-history":[{"count":2,"href":"https:\/\/www.firstlapf1.com\/en\/wp-json\/wp\/v2\/posts\/16648\/revisions"}],"predecessor-version":[{"id":16653,"href":"https:\/\/www.firstlapf1.com\/en\/wp-json\/wp\/v2\/posts\/16648\/revisions\/16653"}],"wp:featuredmedia":[{"embeddable":true,"href":"https:\/\/www.firstlapf1.com\/en\/wp-json\/wp\/v2\/media\/16652"}],"wp:attachment":[{"href":"https:\/\/www.firstlapf1.com\/en\/wp-json\/wp\/v2\/media?parent=16648"}],"wp:term":[{"taxonomy":"category","embeddable":true,"href":"https:\/\/www.firstlapf1.com\/en\/wp-json\/wp\/v2\/categories?post=16648"},{"taxonomy":"post_tag","embeddable":true,"href":"https:\/\/www.firstlapf1.com\/en\/wp-json\/wp\/v2\/tags?post=16648"}],"curies":[{"name":"wp","href":"https:\/\/api.w.org\/{rel}","templated":true}]}}