{"id":16643,"date":"2025-10-15T17:50:17","date_gmt":"2025-10-15T17:50:17","guid":{"rendered":"https:\/\/www.firstlapf1.com\/?p=16643"},"modified":"2025-10-15T17:50:20","modified_gmt":"2025-10-15T17:50:20","slug":"oficial-racing-bulls-modifica-su-livery-para-el-gp-de-eeuu","status":"publish","type":"post","link":"https:\/\/www.firstlapf1.com\/en\/oficial-racing-bulls-modifica-su-livery-para-el-gp-de-eeuu\/","title":{"rendered":"OFICIAL: Racing Bulls modifica su livery para el GP de EEUU"},"content":{"rendered":"<h2 class=\"wp-block-heading\">El equipo Racing Bulls, junto al cantante Shaboozey, a\u00f1ade negro y naranja a su livery especial para Austin<\/h2>\n\n\n\n<p>El <a href=\"https:\/\/www.firstlapf1.com\/en\/category\/eeuu\/\" target=\"_blank\" rel=\"noreferrer noopener\">GP de Estados Unidos<\/a> marca el inicio de la ruta americana; un momento de la temporada peculiar por la cantidad de famosos que visitan los circuitos y por las actividades fuera de lo com\u00fan que se realizan en la semana de cada Gran Premio. Es el turno de Racing Bulls, que le ponen un toque musical a su elegante livery blanca.<\/p>\n\n\n\n<p>La livery blanca del equipo de Faenza est\u00e1 presente con una piel distinta. El negro combinado con manchas naranjas se puede apreciar en los endplates del aler\u00f3n delantero, morro, pontones, aler\u00f3n trasero y parte central y final de la tapa motor, adem\u00e1s de los tapacubos. Los dorsales son blancos con un borde naranja, acorde al resto del dise\u00f1o. El resto del coche mantiene la decoraci\u00f3n que el equipo italiano present\u00f3 en febrero en el F175 Live. La livery coincide con el lanzamiento de la tarjeta Tortoise de Cash App.<\/p>\n\n\n\n<h2 class=\"wp-block-heading has-normal-font-size\">Declaraciones<\/h2>\n\n\n\n<p>Shaboozey, cantante:<\/p>\n\n\n\n<p><strong>\u00bbMe emocion\u00f3 mucho lanzar esta tarjeta a principios de a\u00f1o y verla ahora en un F1 es emocionante. Cash App lo ha llevado a otro nivel.\u00bb<\/strong><\/p>\n\n\n\n<p>Peter Bayer, CEO de Racing Bulls:<\/p>\n\n\n\n<p><strong>\u00bbEstas decoraciones especiales se convierten en nuestra identidad en un momento donde el automovilismo se mezclan con la m\u00fasica, la moda y la creatividad.\u00bb<\/strong><\/p>\n\n\n\n<p>Zack Ashley, Director de Alianzas de Marcas Globales de Cash App:<\/p>\n\n\n\n<p><strong>\u00bbLa tarjeta es audaz, expresiva y fiel a la cultura, igual que nuestros clientes.\u00bb<\/strong><\/p>\n\n\n\n<p>Adem\u00e1s de la livery especial, Liam Lawson e Isack Hadjar vestir\u00e1n merchandising especial con el mismo dise\u00f1o que su <a href=\"https:\/\/www.formula1.com\/\" target=\"_blank\" rel=\"noreferrer noopener\">VCARB 02<\/a>. Racing Bulls se une as\u00ed a la escuder\u00eda nativa, Haas, quienes han modificado su livery introduciendo la bandera de Estados Unidos.<\/p>\n\n\n\n<figure class=\"wp-block-image size-large\"><img loading=\"lazy\" decoding=\"async\" width=\"819\" height=\"1024\" src=\"https:\/\/www.firstlapf1.com\/wp-content\/uploads\/2025\/10\/1000062116-819x1024.jpg\" alt=\"\" class=\"wp-image-16645\" srcset=\"https:\/\/www.firstlapf1.com\/wp-content\/uploads\/2025\/10\/1000062116-819x1024.jpg 819w, https:\/\/www.firstlapf1.com\/wp-content\/uploads\/2025\/10\/1000062116-240x300.jpg 240w, https:\/\/www.firstlapf1.com\/wp-content\/uploads\/2025\/10\/1000062116-768x960.jpg 768w, https:\/\/www.firstlapf1.com\/wp-content\/uploads\/2025\/10\/1000062116-10x12.jpg 10w, https:\/\/www.firstlapf1.com\/wp-content\/uploads\/2025\/10\/1000062116.jpg 960w\" sizes=\"auto, (max-width: 819px) 100vw, 819px\" \/><figcaption class=\"wp-element-caption\">Fuente: F1 en X (fuente portada: F1 en X)<\/figcaption><\/figure>","protected":false},"excerpt":{"rendered":"<p>El equipo Racing Bulls, junto al cantante Shaboozey, a\u00f1ade negro y naranja a su livery especial para Austin &hellip; <span class=\"more-button\"><a href=\"https:\/\/www.firstlapf1.com\/en\/oficial-racing-bulls-modifica-su-livery-para-el-gp-de-eeuu\/\" class=\"more-link\">Continue reading<span class=\"screen-reader-text\">OFICIAL: Racing Bulls modifica su livery para el GP de EEUU<\/span><\/a><\/span><\/p>","protected":false},"author":2,"featured_media":16646,"comment_status":"closed","ping_status":"open","sticky":false,"template":"","format":"standard","meta":{"_jetpack_memberships_contains_paid_content":false,"footnotes":""},"categories":[38],"tags":[],"class_list":["post-16643","post","type-post","status-publish","format-standard","has-post-thumbnail","hentry","category-visa-cash-app-rb"],"yoast_head":"<!-- This site is optimized with the Yoast SEO plugin v27.0 - https:\/\/yoast.com\/product\/yoast-seo-wordpress\/ -->\n<title>OFICIAL: Racing Bulls modifica su livery para el GP de EEUU - Noticias F1 en espa\u00f1ol<\/title>\n<meta name=\"description\" content=\"El equipo Racing Bulls, junto al cantante Shaboozey, a\u00f1ade negro y naranja a su livery especial para Austin\" \/>\n<meta name=\"robots\" content=\"index, follow, max-snippet:-1, max-image-preview:large, max-video-preview:-1\" \/>\n<link rel=\"canonical\" href=\"https:\/\/www.firstlapf1.com\/en\/oficial-racing-bulls-modifica-su-livery-para-el-gp-de-eeuu\/\" \/>\n<meta property=\"og:locale\" content=\"en_GB\" \/>\n<meta property=\"og:type\" content=\"article\" \/>\n<meta property=\"og:title\" content=\"OFICIAL: Racing Bulls modifica su livery para el GP de EEUU - Noticias F1 en espa\u00f1ol\" \/>\n<meta property=\"og:description\" content=\"El equipo Racing Bulls, junto al cantante Shaboozey, a\u00f1ade negro y naranja a su livery especial para Austin\" \/>\n<meta property=\"og:url\" content=\"https:\/\/www.firstlapf1.com\/en\/oficial-racing-bulls-modifica-su-livery-para-el-gp-de-eeuu\/\" \/>\n<meta property=\"og:site_name\" content=\"Noticias F1 en espa\u00f1ol\" \/>\n<meta property=\"article:published_time\" content=\"2025-10-15T17:50:17+00:00\" \/>\n<meta property=\"article:modified_time\" content=\"2025-10-15T17:50:20+00:00\" \/>\n<meta property=\"og:image\" content=\"https:\/\/www.firstlapf1.com\/wp-content\/uploads\/2025\/10\/20251015_190435.jpg\" \/>\n\t<meta property=\"og:image:width\" content=\"960\" \/>\n\t<meta property=\"og:image:height\" content=\"1200\" \/>\n\t<meta property=\"og:image:type\" content=\"image\/jpeg\" \/>\n<meta name=\"author\" content=\"Miguel Lora-Paquet\" \/>\n<meta name=\"twitter:card\" content=\"summary_large_image\" \/>\n<meta name=\"twitter:label1\" content=\"Written by\" \/>\n\t<meta name=\"twitter:data1\" content=\"Miguel Lora-Paquet\" \/>\n\t<meta name=\"twitter:label2\" content=\"Estimated reading time\" \/>\n\t<meta name=\"twitter:data2\" content=\"2 minutes\" \/>\n<script type=\"application\/ld+json\" class=\"yoast-schema-graph\">{\"@context\":\"https:\/\/schema.org\",\"@graph\":[{\"@type\":\"Article\",\"@id\":\"https:\/\/www.firstlapf1.com\/oficial-racing-bulls-modifica-su-livery-para-el-gp-de-eeuu\/#article\",\"isPartOf\":{\"@id\":\"https:\/\/www.firstlapf1.com\/oficial-racing-bulls-modifica-su-livery-para-el-gp-de-eeuu\/\"},\"author\":{\"name\":\"Miguel Lora-Paquet\",\"@id\":\"https:\/\/www.firstlapf1.com\/#\/schema\/person\/9eca09873eecb6d7836bc1a0bbd78250\"},\"headline\":\"OFICIAL: Racing Bulls modifica su livery para el GP de EEUU\",\"datePublished\":\"2025-10-15T17:50:17+00:00\",\"dateModified\":\"2025-10-15T17:50:20+00:00\",\"mainEntityOfPage\":{\"@id\":\"https:\/\/www.firstlapf1.com\/oficial-racing-bulls-modifica-su-livery-para-el-gp-de-eeuu\/\"},\"wordCount\":330,\"image\":{\"@id\":\"https:\/\/www.firstlapf1.com\/oficial-racing-bulls-modifica-su-livery-para-el-gp-de-eeuu\/#primaryimage\"},\"thumbnailUrl\":\"https:\/\/www.firstlapf1.com\/wp-content\/uploads\/2025\/10\/20251015_190435.jpg\",\"articleSection\":[\"Visa Cash App Racing Bulls Formula One Team\"],\"inLanguage\":\"en-GB\"},{\"@type\":\"WebPage\",\"@id\":\"https:\/\/www.firstlapf1.com\/oficial-racing-bulls-modifica-su-livery-para-el-gp-de-eeuu\/\",\"url\":\"https:\/\/www.firstlapf1.com\/oficial-racing-bulls-modifica-su-livery-para-el-gp-de-eeuu\/\",\"name\":\"OFICIAL: Racing Bulls modifica su livery para el GP de EEUU - Noticias F1 en espa\u00f1ol\",\"isPartOf\":{\"@id\":\"https:\/\/www.firstlapf1.com\/#website\"},\"primaryImageOfPage\":{\"@id\":\"https:\/\/www.firstlapf1.com\/oficial-racing-bulls-modifica-su-livery-para-el-gp-de-eeuu\/#primaryimage\"},\"image\":{\"@id\":\"https:\/\/www.firstlapf1.com\/oficial-racing-bulls-modifica-su-livery-para-el-gp-de-eeuu\/#primaryimage\"},\"thumbnailUrl\":\"https:\/\/www.firstlapf1.com\/wp-content\/uploads\/2025\/10\/20251015_190435.jpg\",\"datePublished\":\"2025-10-15T17:50:17+00:00\",\"dateModified\":\"2025-10-15T17:50:20+00:00\",\"author\":{\"@id\":\"https:\/\/www.firstlapf1.com\/#\/schema\/person\/9eca09873eecb6d7836bc1a0bbd78250\"},\"description\":\"El equipo Racing Bulls, junto al cantante Shaboozey, a\u00f1ade negro y naranja a su livery especial para Austin\",\"inLanguage\":\"en-GB\",\"potentialAction\":[{\"@type\":\"ReadAction\",\"target\":[\"https:\/\/www.firstlapf1.com\/oficial-racing-bulls-modifica-su-livery-para-el-gp-de-eeuu\/\"]}]},{\"@type\":\"ImageObject\",\"inLanguage\":\"en-GB\",\"@id\":\"https:\/\/www.firstlapf1.com\/oficial-racing-bulls-modifica-su-livery-para-el-gp-de-eeuu\/#primaryimage\",\"url\":\"https:\/\/www.firstlapf1.com\/wp-content\/uploads\/2025\/10\/20251015_190435.jpg\",\"contentUrl\":\"https:\/\/www.firstlapf1.com\/wp-content\/uploads\/2025\/10\/20251015_190435.jpg\",\"width\":960,\"height\":1200},{\"@type\":\"WebSite\",\"@id\":\"https:\/\/www.firstlapf1.com\/#website\",\"url\":\"https:\/\/www.firstlapf1.com\/\",\"name\":\"Noticias F1 en espa\u00f1ol\",\"description\":\"Noticias F1 en espa\u00f1ol\",\"potentialAction\":[{\"@type\":\"SearchAction\",\"target\":{\"@type\":\"EntryPoint\",\"urlTemplate\":\"https:\/\/www.firstlapf1.com\/?s={search_term_string}\"},\"query-input\":{\"@type\":\"PropertyValueSpecification\",\"valueRequired\":true,\"valueName\":\"search_term_string\"}}],\"inLanguage\":\"en-GB\"},{\"@type\":\"Person\",\"@id\":\"https:\/\/www.firstlapf1.com\/#\/schema\/person\/9eca09873eecb6d7836bc1a0bbd78250\",\"name\":\"Miguel Lora-Paquet\",\"image\":{\"@type\":\"ImageObject\",\"inLanguage\":\"en-GB\",\"@id\":\"https:\/\/www.firstlapf1.com\/#\/schema\/person\/image\/\",\"url\":\"https:\/\/www.firstlapf1.com\/wp-content\/uploads\/2022\/09\/7d393f41-126a-4a1e-bf1d-9d04e2ebc621.jpeg\",\"contentUrl\":\"https:\/\/www.firstlapf1.com\/wp-content\/uploads\/2022\/09\/7d393f41-126a-4a1e-bf1d-9d04e2ebc621.jpeg\",\"caption\":\"Miguel Lora-Paquet\"},\"url\":\"https:\/\/www.firstlapf1.com\/en\/author\/miguel\/\"}]}<\/script>\n<!-- \/ Yoast SEO plugin. -->","yoast_head_json":{"title":"OFICIAL: Racing Bulls modifica su livery para el GP de EEUU - Noticias F1 en espa\u00f1ol","description":"El equipo Racing Bulls, junto al cantante Shaboozey, a\u00f1ade negro y naranja a su livery especial para Austin","robots":{"index":"index","follow":"follow","max-snippet":"max-snippet:-1","max-image-preview":"max-image-preview:large","max-video-preview":"max-video-preview:-1"},"canonical":"https:\/\/www.firstlapf1.com\/en\/oficial-racing-bulls-modifica-su-livery-para-el-gp-de-eeuu\/","og_locale":"en_GB","og_type":"article","og_title":"OFICIAL: Racing Bulls modifica su livery para el GP de EEUU - Noticias F1 en espa\u00f1ol","og_description":"El equipo Racing Bulls, junto al cantante Shaboozey, a\u00f1ade negro y naranja a su livery especial para Austin","og_url":"https:\/\/www.firstlapf1.com\/en\/oficial-racing-bulls-modifica-su-livery-para-el-gp-de-eeuu\/","og_site_name":"Noticias F1 en espa\u00f1ol","article_published_time":"2025-10-15T17:50:17+00:00","article_modified_time":"2025-10-15T17:50:20+00:00","og_image":[{"width":960,"height":1200,"url":"https:\/\/www.firstlapf1.com\/wp-content\/uploads\/2025\/10\/20251015_190435.jpg","type":"image\/jpeg"}],"author":"Miguel Lora-Paquet","twitter_card":"summary_large_image","twitter_misc":{"Written by":"Miguel Lora-Paquet","Estimated reading time":"2 minutes"},"schema":{"@context":"https:\/\/schema.org","@graph":[{"@type":"Article","@id":"https:\/\/www.firstlapf1.com\/oficial-racing-bulls-modifica-su-livery-para-el-gp-de-eeuu\/#article","isPartOf":{"@id":"https:\/\/www.firstlapf1.com\/oficial-racing-bulls-modifica-su-livery-para-el-gp-de-eeuu\/"},"author":{"name":"Miguel Lora-Paquet","@id":"https:\/\/www.firstlapf1.com\/#\/schema\/person\/9eca09873eecb6d7836bc1a0bbd78250"},"headline":"OFICIAL: Racing Bulls modifica su livery para el GP de EEUU","datePublished":"2025-10-15T17:50:17+00:00","dateModified":"2025-10-15T17:50:20+00:00","mainEntityOfPage":{"@id":"https:\/\/www.firstlapf1.com\/oficial-racing-bulls-modifica-su-livery-para-el-gp-de-eeuu\/"},"wordCount":330,"image":{"@id":"https:\/\/www.firstlapf1.com\/oficial-racing-bulls-modifica-su-livery-para-el-gp-de-eeuu\/#primaryimage"},"thumbnailUrl":"https:\/\/www.firstlapf1.com\/wp-content\/uploads\/2025\/10\/20251015_190435.jpg","articleSection":["Visa Cash App Racing Bulls Formula One Team"],"inLanguage":"en-GB"},{"@type":"WebPage","@id":"https:\/\/www.firstlapf1.com\/oficial-racing-bulls-modifica-su-livery-para-el-gp-de-eeuu\/","url":"https:\/\/www.firstlapf1.com\/oficial-racing-bulls-modifica-su-livery-para-el-gp-de-eeuu\/","name":"OFICIAL: Racing Bulls modifica su livery para el GP de EEUU - Noticias F1 en espa\u00f1ol","isPartOf":{"@id":"https:\/\/www.firstlapf1.com\/#website"},"primaryImageOfPage":{"@id":"https:\/\/www.firstlapf1.com\/oficial-racing-bulls-modifica-su-livery-para-el-gp-de-eeuu\/#primaryimage"},"image":{"@id":"https:\/\/www.firstlapf1.com\/oficial-racing-bulls-modifica-su-livery-para-el-gp-de-eeuu\/#primaryimage"},"thumbnailUrl":"https:\/\/www.firstlapf1.com\/wp-content\/uploads\/2025\/10\/20251015_190435.jpg","datePublished":"2025-10-15T17:50:17+00:00","dateModified":"2025-10-15T17:50:20+00:00","author":{"@id":"https:\/\/www.firstlapf1.com\/#\/schema\/person\/9eca09873eecb6d7836bc1a0bbd78250"},"description":"El equipo Racing Bulls, junto al cantante Shaboozey, a\u00f1ade negro y naranja a su livery especial para Austin","inLanguage":"en-GB","potentialAction":[{"@type":"ReadAction","target":["https:\/\/www.firstlapf1.com\/oficial-racing-bulls-modifica-su-livery-para-el-gp-de-eeuu\/"]}]},{"@type":"ImageObject","inLanguage":"en-GB","@id":"https:\/\/www.firstlapf1.com\/oficial-racing-bulls-modifica-su-livery-para-el-gp-de-eeuu\/#primaryimage","url":"https:\/\/www.firstlapf1.com\/wp-content\/uploads\/2025\/10\/20251015_190435.jpg","contentUrl":"https:\/\/www.firstlapf1.com\/wp-content\/uploads\/2025\/10\/20251015_190435.jpg","width":960,"height":1200},{"@type":"WebSite","@id":"https:\/\/www.firstlapf1.com\/#website","url":"https:\/\/www.firstlapf1.com\/","name":"Noticias F1 en espa\u00f1ol","description":"Noticias F1 en espa\u00f1ol","potentialAction":[{"@type":"SearchAction","target":{"@type":"EntryPoint","urlTemplate":"https:\/\/www.firstlapf1.com\/?s={search_term_string}"},"query-input":{"@type":"PropertyValueSpecification","valueRequired":true,"valueName":"search_term_string"}}],"inLanguage":"en-GB"},{"@type":"Person","@id":"https:\/\/www.firstlapf1.com\/#\/schema\/person\/9eca09873eecb6d7836bc1a0bbd78250","name":"Miguel Lora-Paquet","image":{"@type":"ImageObject","inLanguage":"en-GB","@id":"https:\/\/www.firstlapf1.com\/#\/schema\/person\/image\/","url":"https:\/\/www.firstlapf1.com\/wp-content\/uploads\/2022\/09\/7d393f41-126a-4a1e-bf1d-9d04e2ebc621.jpeg","contentUrl":"https:\/\/www.firstlapf1.com\/wp-content\/uploads\/2022\/09\/7d393f41-126a-4a1e-bf1d-9d04e2ebc621.jpeg","caption":"Miguel Lora-Paquet"},"url":"https:\/\/www.firstlapf1.com\/en\/author\/miguel\/"}]}},"jetpack_featured_media_url":"https:\/\/www.firstlapf1.com\/wp-content\/uploads\/2025\/10\/20251015_190435.jpg","jetpack_sharing_enabled":true,"_links":{"self":[{"href":"https:\/\/www.firstlapf1.com\/en\/wp-json\/wp\/v2\/posts\/16643","targetHints":{"allow":["GET"]}}],"collection":[{"href":"https:\/\/www.firstlapf1.com\/en\/wp-json\/wp\/v2\/posts"}],"about":[{"href":"https:\/\/www.firstlapf1.com\/en\/wp-json\/wp\/v2\/types\/post"}],"author":[{"embeddable":true,"href":"https:\/\/www.firstlapf1.com\/en\/wp-json\/wp\/v2\/users\/2"}],"replies":[{"embeddable":true,"href":"https:\/\/www.firstlapf1.com\/en\/wp-json\/wp\/v2\/comments?post=16643"}],"version-history":[{"count":2,"href":"https:\/\/www.firstlapf1.com\/en\/wp-json\/wp\/v2\/posts\/16643\/revisions"}],"predecessor-version":[{"id":16647,"href":"https:\/\/www.firstlapf1.com\/en\/wp-json\/wp\/v2\/posts\/16643\/revisions\/16647"}],"wp:featuredmedia":[{"embeddable":true,"href":"https:\/\/www.firstlapf1.com\/en\/wp-json\/wp\/v2\/media\/16646"}],"wp:attachment":[{"href":"https:\/\/www.firstlapf1.com\/en\/wp-json\/wp\/v2\/media?parent=16643"}],"wp:term":[{"taxonomy":"category","embeddable":true,"href":"https:\/\/www.firstlapf1.com\/en\/wp-json\/wp\/v2\/categories?post=16643"},{"taxonomy":"post_tag","embeddable":true,"href":"https:\/\/www.firstlapf1.com\/en\/wp-json\/wp\/v2\/tags?post=16643"}],"curies":[{"name":"wp","href":"https:\/\/api.w.org\/{rel}","templated":true}]}}