{"id":16639,"date":"2025-10-16T17:13:27","date_gmt":"2025-10-16T17:13:27","guid":{"rendered":"https:\/\/www.firstlapf1.com\/?p=16639"},"modified":"2025-10-17T18:35:10","modified_gmt":"2025-10-17T18:35:10","slug":"analisis-el-circuito-de-las-americas-bajo-la-lupa","status":"publish","type":"post","link":"https:\/\/www.firstlapf1.com\/en\/analisis-el-circuito-de-las-americas-bajo-la-lupa\/","title":{"rendered":"An\u00e1lisis: El Circuito de las Am\u00e9ricas, bajo la lupa"},"content":{"rendered":"<h2 class=\"wp-block-heading\">Estados Unidos volver\u00e1 a acoger una carrera de F1 en el Circuito de las Am\u00e9ricas (COTA). En esta pista ya se ha competido en 12 ocasiones<\/h2>\n\n\n\n<h2 class=\"wp-block-heading has-normal-font-size\">Historia del circuito<\/h2>\n\n\n\n<p>El Circuito de las Am\u00e9ricas fue titulado como Gran Premio de Estados Unidos por primera vez en el a\u00f1o 2012, cuando la F1 estren\u00f3 el trazado. Dicho GP fue ganado por el heptacampe\u00f3n Lewis Hamilton, subido en su McLaren-Mercedes. El objetivo de la creaci\u00f3n de la pista fue volver a lucir un GP de EE. UU. en el calendario oficial de la m\u00e1xima categor\u00eda del mundo del motor, que no se celebraba desde 2007, con el trazado situado en Indian\u00e1polis.<br><\/p>\n\n\n\n<p>La capacidad de las gradas es de hasta 120.000 espectadores, y este circuito no suele defraudar. La anchura de su pista y su desafiante primer sector suele dar lugar a carreras entretenidas y duelos \u00e9picos en pista, como el que vimos el a\u00f1o pasado entre Max Verstappen y Lando Norris, cuando el neerland\u00e9s termin\u00f3 sali\u00e9ndose con la suya.<\/p>\n\n\n\n<h2 class=\"wp-block-heading\">Estad\u00edsticas<\/h2>\n\n\n\n<h2 class=\"wp-block-heading has-normal-font-size\">\u00daltimos ganadores<\/h2>\n\n\n\n<p>2024: Charles Leclerc (Ferrari)<\/p>\n\n\n\n<p>2023: Max Verstappen (Red Bull)<br><br>2022: Max Verstappen (Red Bull)<br><br>2021: Max Verstappen (Red Bull)<br><br>2019: Valtteri Bottas (Mercedes)<br><\/p>\n\n\n\n<p><em>*En 2020 no hubo Gran Premio debido a las consecuencias de la pandemia de COVID-19<\/em>.<\/p>\n\n\n\n<p>Como podemos observar, es un lugar donde Verstappen es capaz de lucirse. Ha sido capaz de exprimir su Red Bull al m\u00e1ximo en los \u00faltimos a\u00f1os. No gan\u00f3 en 2024, pero supo anteponerse a Lando Norris y terminar quedando por delante de \u00e9l manejando un monoplaza inferior. Tambi\u00e9n contuvo a Lewis Hamilton en las \u00faltimas vueltas en 2021.<\/p>\n\n\n\n<h2 class=\"wp-block-heading has-normal-font-size\">Ganadores hist\u00f3ricos<\/h2>\n\n\n\n<p>El piloto m\u00e1s laureado en este circuito es Lewis Hamilton, con cinco triunfos (2012, 2014-2017). El pr\u00f3ximo en la lista es Max Verstappen, con las tres victorias que hemos destacado anteriormente (2021, 2022 y 2023). El resto de trofeos est\u00e1n muy repartidos, y hay varios pilotos con una \u00fanica victoria: Sebastian Vettel (2013), Kimi R\u00e4ikk\u00f6nen (2018), Valtteri Bottas (2019) y Charles Leclerc (2024).<\/p>\n\n\n\n<p>Mercedes se trata de la escuder\u00eda m\u00e1s destacada en esta cita, habiendo cosechado cinco primeros puestos. Los alemanes los consiguieron en 2014, 2015, 2016, 2017 y 2019. Mientras tanto, Red Bull alcanz\u00f3 la cima en 2013, 2021, 2022 y 2023, siendo este el segundo equipo con m\u00e1s victorias. El \u00faltimo puesto del podio es para Ferrari, que result\u00f3 vencedor en las carreras celebradas en 2018 y 2024.&nbsp;<\/p>\n\n\n\n<h2 class=\"wp-block-heading has-normal-font-size\">Distancia de carrera<\/h2>\n\n\n\n<p>Una vuelta completa en COTA supone recorrer 5,516 kil\u00f3metros, por lo que tras las 56 vueltas de la carrera, cada monoplaza habr\u00e1 completado 308.000 kil\u00f3metros aproximadamente.<\/p>\n\n\n\n<h2 class=\"wp-block-heading has-normal-font-size\">Vuelta m\u00e1s r\u00e1pida<\/h2>\n\n\n\n<p>El giro m\u00e1s r\u00e1pido cronometrado en el Circuito de las Am\u00e9ricas es de 1:32.029, registrado por Valtteri Bottas en la clasificaci\u00f3n de 2019. Esa vuelta le sirvi\u00f3 para ser el hombre en la pole de dicho Gran Premio por tan solo 12 mil\u00e9simas de segundo.<\/p>\n\n\n\n<figure class=\"wp-block-image size-large\"><img loading=\"lazy\" decoding=\"async\" width=\"820\" height=\"1024\" src=\"https:\/\/www.firstlapf1.com\/wp-content\/uploads\/2025\/10\/1000062241-820x1024.jpg\" alt=\"\" class=\"wp-image-16678\" srcset=\"https:\/\/www.firstlapf1.com\/wp-content\/uploads\/2025\/10\/1000062241-820x1024.jpg 820w, https:\/\/www.firstlapf1.com\/wp-content\/uploads\/2025\/10\/1000062241-240x300.jpg 240w, https:\/\/www.firstlapf1.com\/wp-content\/uploads\/2025\/10\/1000062241-768x960.jpg 768w, https:\/\/www.firstlapf1.com\/wp-content\/uploads\/2025\/10\/1000062241-1229x1536.jpg 1229w, https:\/\/www.firstlapf1.com\/wp-content\/uploads\/2025\/10\/1000062241-10x12.jpg 10w, https:\/\/www.firstlapf1.com\/wp-content\/uploads\/2025\/10\/1000062241.jpg 1639w\" sizes=\"auto, (max-width: 820px) 100vw, 820px\" \/><figcaption class=\"wp-element-caption\">Fuente: Oracle Red Bull Racing en X<\/figcaption><\/figure>\n\n\n\n<h2 class=\"wp-block-heading\">Claves<\/h2>\n\n\n\n<p>Austin es un trazado aparentemente sencillo, pero dif\u00edcil de dominar. Combina curvas de diferente velocidad y longitud y zonas donde las rectas predominan. Las barreras de protecciones suelen estar lejos de la pista, por lo que no hay mucho riesgo de abandono en caso de error.<\/p>\n\n\n\n<h2 class=\"wp-block-heading has-normal-font-size\">Sector 1<\/h2>\n\n\n\n<p>El primer parcial se empieza con el DRS activado. La curva n\u00famero 1 es bastante cerrada, por lo que hay que reducir incluso a tercera marcha para completarla. Despu\u00e9s se navega por varias curvas enlazadas, posiblemente la zona m\u00e1s vistosa del circuito, aunque se completa sin pulsar el pedal del freno, gestionando el acelerador en algunos giros puntuales. Todav\u00eda en medio de las enlazadas, se termina el primer sector.<\/p>\n\n\n\n<h2 class=\"wp-block-heading has-normal-font-size\">Sector 2<\/h2>\n\n\n\n<p>Continuando en las enlazadas, se baja de sexta a quinta marcha en la curva 7, a izquierdas. Aprovechando al m\u00e1ximo la amplitud de la pista, hay que girar a la derecha mientras se presiona el pedal del freno para pasar por la octava curva y traccionar de la mejor manera posible mientras se negocia la curva 9, que da lugar a una corta recta. <\/p>\n\n\n\n<p>El viraje n\u00famero 10 no obliga a levantar el pie del gas y la curva 11 es similar a la 1. Es un giro de izquierdas cerrado, en el que se baja de s\u00e9ptima a tercera velocidad. Lo interesante es que desemboca en la recta m\u00e1s larga del circuito, en la que se abre DRS y se alcanzan las velocidades m\u00e1ximas de la vuelta. Cuando se acaban los metros de la recta, viene otra curva muy similar a la anterior. Otro giro cerrado a izquierdas, donde se reduce de 8\u00aa a 3\u00aa y se cierra el sector central.<\/p>\n\n\n\n<h2 class=\"wp-block-heading has-normal-font-size\">Sector 3<\/h2>\n\n\n\n<p>El \u00faltimo tercio de la vuelta es seguramente el m\u00e1s complicado. En la curva 13 hay que frenar en apoyo y mantenerse cerca del v\u00e9rtice, para traccionar de una manera \u00f3ptima al mismo tiempo que se negocia la curva 14 y se aprovecha al m\u00e1ximo la pista en la 15. Es importante no perder el control del coche durante toda esta zona lenta, que se surca entre tercera y quinta marcha.<\/p>\n\n\n\n<p> Las curvas 16, 17 y 18 son de lo m\u00e1s reconocible del circuito. Son giros a la derecha con el pedal del acelerador a fondo, de alta velocidad y consecutivos. Al final de los mismos se llega a la curva n\u00famero 19, de pr\u00e1cticamente 90\u00ba hacia la izquierda, donde hay que poner un ojo en los l\u00edmites de pista. La \u00faltima curva es tambi\u00e9n un giro aproximadamente de 90\u00ba a izquierdas, pero los pianos y otros factores hacen que sea mucho m\u00e1s lenta que su predecesora. Finalmente, se vuelve a abrir el DRS y se cruza la l\u00ednea de meta poco despu\u00e9s.<\/p>\n\n\n\n<h2 class=\"wp-block-heading\">Predicci\u00f3n meteorol\u00f3gica<\/h2>\n\n\n\n<p>Con casi total seguridad, el fin de semana de F\u00f3rmula 1 no contar\u00e1 con precipitaciones. Se espera ambiente seco en los tres d\u00edas de competici\u00f3n, y solo aparece una peque\u00f1a probabilidad de lluvias el s\u00e1bado, fuera de las horas de la sprint y la clasificaci\u00f3n.<\/p>\n\n\n\n<figure class=\"wp-block-image size-large\"><img loading=\"lazy\" decoding=\"async\" width=\"577\" height=\"1024\" src=\"https:\/\/www.firstlapf1.com\/wp-content\/uploads\/2025\/10\/1000062243-577x1024.jpg\" alt=\"\" class=\"wp-image-16679\" srcset=\"https:\/\/www.firstlapf1.com\/wp-content\/uploads\/2025\/10\/1000062243-577x1024.jpg 577w, https:\/\/www.firstlapf1.com\/wp-content\/uploads\/2025\/10\/1000062243-169x300.jpg 169w, https:\/\/www.firstlapf1.com\/wp-content\/uploads\/2025\/10\/1000062243-768x1364.jpg 768w, https:\/\/www.firstlapf1.com\/wp-content\/uploads\/2025\/10\/1000062243-7x12.jpg 7w, https:\/\/www.firstlapf1.com\/wp-content\/uploads\/2025\/10\/1000062243.jpg 798w\" sizes=\"auto, (max-width: 577px) 100vw, 577px\" \/><figcaption class=\"wp-element-caption\">Fuente: McLaren F1 Team en X (fuente portada: Mercedes-AMG PETRONAS F1 Team en X)<\/figcaption><\/figure>","protected":false},"excerpt":{"rendered":"<p>Estados Unidos volver\u00e1 a acoger una carrera de F1 en el Circuito de las Am\u00e9ricas (COTA). En esta pista ya se ha competido en 12 ocasiones &hellip; <span class=\"more-button\"><a href=\"https:\/\/www.firstlapf1.com\/en\/analisis-el-circuito-de-las-americas-bajo-la-lupa\/\" class=\"more-link\">Continue reading<span class=\"screen-reader-text\">An\u00e1lisis: El Circuito de las Am\u00e9ricas, bajo la lupa<\/span><\/a><\/span><\/p>","protected":false},"author":70,"featured_media":16681,"comment_status":"closed","ping_status":"open","sticky":false,"template":"","format":"standard","meta":{"_jetpack_memberships_contains_paid_content":false,"footnotes":""},"categories":[6,20],"tags":[154,167,44,168],"class_list":["post-16639","post","type-post","status-publish","format-standard","has-post-thumbnail","hentry","category-circuitos","category-eeuu","tag-analisis","tag-circuit-of-the-americas","tag-f1","tag-hamilton"],"yoast_head":"<!-- This site is optimized with the Yoast SEO plugin v27.0 - https:\/\/yoast.com\/product\/yoast-seo-wordpress\/ -->\n<title>An\u00e1lisis: El Circuito de las Am\u00e9ricas, bajo la lupa - Noticias F1 en espa\u00f1ol<\/title>\n<meta name=\"description\" content=\"Estados Unidos volver\u00e1 a acoger una carrera de F1 en el Circuito de las Am\u00e9ricas (COTA). En esta pista ya se ha competido en 12 ocasiones\" \/>\n<meta name=\"robots\" content=\"index, follow, max-snippet:-1, max-image-preview:large, max-video-preview:-1\" \/>\n<link rel=\"canonical\" href=\"https:\/\/www.firstlapf1.com\/en\/analisis-el-circuito-de-las-americas-bajo-la-lupa\/\" \/>\n<meta property=\"og:locale\" content=\"en_GB\" \/>\n<meta property=\"og:type\" content=\"article\" \/>\n<meta property=\"og:title\" content=\"An\u00e1lisis: El Circuito de las Am\u00e9ricas, bajo la lupa - Noticias F1 en espa\u00f1ol\" \/>\n<meta property=\"og:description\" content=\"Estados Unidos volver\u00e1 a acoger una carrera de F1 en el Circuito de las Am\u00e9ricas (COTA). En esta pista ya se ha competido en 12 ocasiones\" \/>\n<meta property=\"og:url\" content=\"https:\/\/www.firstlapf1.com\/en\/analisis-el-circuito-de-las-americas-bajo-la-lupa\/\" \/>\n<meta property=\"og:site_name\" content=\"Noticias F1 en espa\u00f1ol\" \/>\n<meta property=\"article:published_time\" content=\"2025-10-16T17:13:27+00:00\" \/>\n<meta property=\"article:modified_time\" content=\"2025-10-17T18:35:10+00:00\" \/>\n<meta property=\"og:image\" content=\"https:\/\/www.firstlapf1.com\/wp-content\/uploads\/2025\/10\/20251016_191010.jpg\" \/>\n\t<meta property=\"og:image:width\" content=\"1638\" \/>\n\t<meta property=\"og:image:height\" content=\"2048\" \/>\n\t<meta property=\"og:image:type\" content=\"image\/jpeg\" \/>\n<meta name=\"author\" content=\"David Calv\u00e9\" \/>\n<meta name=\"twitter:card\" content=\"summary_large_image\" \/>\n<meta name=\"twitter:creator\" content=\"@DavidCalve_C\" \/>\n<meta name=\"twitter:label1\" content=\"Written by\" \/>\n\t<meta name=\"twitter:data1\" content=\"David Calv\u00e9\" \/>\n\t<meta name=\"twitter:label2\" content=\"Estimated reading time\" \/>\n\t<meta name=\"twitter:data2\" content=\"6 minutes\" \/>\n<script type=\"application\/ld+json\" class=\"yoast-schema-graph\">{\"@context\":\"https:\/\/schema.org\",\"@graph\":[{\"@type\":\"Article\",\"@id\":\"https:\/\/www.firstlapf1.com\/analisis-el-circuito-de-las-americas-bajo-la-lupa\/#article\",\"isPartOf\":{\"@id\":\"https:\/\/www.firstlapf1.com\/analisis-el-circuito-de-las-americas-bajo-la-lupa\/\"},\"author\":{\"name\":\"David Calv\u00e9\",\"@id\":\"https:\/\/www.firstlapf1.com\/#\/schema\/person\/e17fe8907741f19a0007e4651139aba3\"},\"headline\":\"An\u00e1lisis: El Circuito de las Am\u00e9ricas, bajo la lupa\",\"datePublished\":\"2025-10-16T17:13:27+00:00\",\"dateModified\":\"2025-10-17T18:35:10+00:00\",\"mainEntityOfPage\":{\"@id\":\"https:\/\/www.firstlapf1.com\/analisis-el-circuito-de-las-americas-bajo-la-lupa\/\"},\"wordCount\":1016,\"image\":{\"@id\":\"https:\/\/www.firstlapf1.com\/analisis-el-circuito-de-las-americas-bajo-la-lupa\/#primaryimage\"},\"thumbnailUrl\":\"https:\/\/www.firstlapf1.com\/wp-content\/uploads\/2025\/10\/20251016_191010.jpg\",\"keywords\":[\"An\u00e1lisis\",\"Circuit of the Am\u00e9ricas\",\"F1\",\"Hamilton\"],\"articleSection\":[\"Circuitos\",\"GP EEUU (COTA)\"],\"inLanguage\":\"en-GB\"},{\"@type\":\"WebPage\",\"@id\":\"https:\/\/www.firstlapf1.com\/analisis-el-circuito-de-las-americas-bajo-la-lupa\/\",\"url\":\"https:\/\/www.firstlapf1.com\/analisis-el-circuito-de-las-americas-bajo-la-lupa\/\",\"name\":\"An\u00e1lisis: El Circuito de las Am\u00e9ricas, bajo la lupa - Noticias F1 en espa\u00f1ol\",\"isPartOf\":{\"@id\":\"https:\/\/www.firstlapf1.com\/#website\"},\"primaryImageOfPage\":{\"@id\":\"https:\/\/www.firstlapf1.com\/analisis-el-circuito-de-las-americas-bajo-la-lupa\/#primaryimage\"},\"image\":{\"@id\":\"https:\/\/www.firstlapf1.com\/analisis-el-circuito-de-las-americas-bajo-la-lupa\/#primaryimage\"},\"thumbnailUrl\":\"https:\/\/www.firstlapf1.com\/wp-content\/uploads\/2025\/10\/20251016_191010.jpg\",\"datePublished\":\"2025-10-16T17:13:27+00:00\",\"dateModified\":\"2025-10-17T18:35:10+00:00\",\"author\":{\"@id\":\"https:\/\/www.firstlapf1.com\/#\/schema\/person\/e17fe8907741f19a0007e4651139aba3\"},\"description\":\"Estados Unidos volver\u00e1 a acoger una carrera de F1 en el Circuito de las Am\u00e9ricas (COTA). En esta pista ya se ha competido en 12 ocasiones\",\"inLanguage\":\"en-GB\",\"potentialAction\":[{\"@type\":\"ReadAction\",\"target\":[\"https:\/\/www.firstlapf1.com\/analisis-el-circuito-de-las-americas-bajo-la-lupa\/\"]}]},{\"@type\":\"ImageObject\",\"inLanguage\":\"en-GB\",\"@id\":\"https:\/\/www.firstlapf1.com\/analisis-el-circuito-de-las-americas-bajo-la-lupa\/#primaryimage\",\"url\":\"https:\/\/www.firstlapf1.com\/wp-content\/uploads\/2025\/10\/20251016_191010.jpg\",\"contentUrl\":\"https:\/\/www.firstlapf1.com\/wp-content\/uploads\/2025\/10\/20251016_191010.jpg\",\"width\":1638,\"height\":2048},{\"@type\":\"WebSite\",\"@id\":\"https:\/\/www.firstlapf1.com\/#website\",\"url\":\"https:\/\/www.firstlapf1.com\/\",\"name\":\"Noticias F1 en espa\u00f1ol\",\"description\":\"Noticias F1 en espa\u00f1ol\",\"potentialAction\":[{\"@type\":\"SearchAction\",\"target\":{\"@type\":\"EntryPoint\",\"urlTemplate\":\"https:\/\/www.firstlapf1.com\/?s={search_term_string}\"},\"query-input\":{\"@type\":\"PropertyValueSpecification\",\"valueRequired\":true,\"valueName\":\"search_term_string\"}}],\"inLanguage\":\"en-GB\"},{\"@type\":\"Person\",\"@id\":\"https:\/\/www.firstlapf1.com\/#\/schema\/person\/e17fe8907741f19a0007e4651139aba3\",\"name\":\"David Calv\u00e9\",\"image\":{\"@type\":\"ImageObject\",\"inLanguage\":\"en-GB\",\"@id\":\"https:\/\/www.firstlapf1.com\/#\/schema\/person\/image\/\",\"url\":\"https:\/\/secure.gravatar.com\/avatar\/3fec466617b5a21cb21b89c62e9940ad9662c9753b2aaf37fd8cac712dba30e1?s=96&d=mm&r=g\",\"contentUrl\":\"https:\/\/secure.gravatar.com\/avatar\/3fec466617b5a21cb21b89c62e9940ad9662c9753b2aaf37fd8cac712dba30e1?s=96&d=mm&r=g\",\"caption\":\"David Calv\u00e9\"},\"sameAs\":[\"http:\/\/www.firstlapf1.com\/\",\"https:\/\/www.instagram.com\/daviidcalve\/\",\"https:\/\/x.com\/DavidCalve_C\"],\"url\":\"https:\/\/www.firstlapf1.com\/en\/author\/davcal\/\"}]}<\/script>\n<!-- \/ Yoast SEO plugin. -->","yoast_head_json":{"title":"An\u00e1lisis: El Circuito de las Am\u00e9ricas, bajo la lupa - Noticias F1 en espa\u00f1ol","description":"Estados Unidos volver\u00e1 a acoger una carrera de F1 en el Circuito de las Am\u00e9ricas (COTA). En esta pista ya se ha competido en 12 ocasiones","robots":{"index":"index","follow":"follow","max-snippet":"max-snippet:-1","max-image-preview":"max-image-preview:large","max-video-preview":"max-video-preview:-1"},"canonical":"https:\/\/www.firstlapf1.com\/en\/analisis-el-circuito-de-las-americas-bajo-la-lupa\/","og_locale":"en_GB","og_type":"article","og_title":"An\u00e1lisis: El Circuito de las Am\u00e9ricas, bajo la lupa - Noticias F1 en espa\u00f1ol","og_description":"Estados Unidos volver\u00e1 a acoger una carrera de F1 en el Circuito de las Am\u00e9ricas (COTA). En esta pista ya se ha competido en 12 ocasiones","og_url":"https:\/\/www.firstlapf1.com\/en\/analisis-el-circuito-de-las-americas-bajo-la-lupa\/","og_site_name":"Noticias F1 en espa\u00f1ol","article_published_time":"2025-10-16T17:13:27+00:00","article_modified_time":"2025-10-17T18:35:10+00:00","og_image":[{"width":1638,"height":2048,"url":"https:\/\/www.firstlapf1.com\/wp-content\/uploads\/2025\/10\/20251016_191010.jpg","type":"image\/jpeg"}],"author":"David Calv\u00e9","twitter_card":"summary_large_image","twitter_creator":"@DavidCalve_C","twitter_misc":{"Written by":"David Calv\u00e9","Estimated reading time":"6 minutes"},"schema":{"@context":"https:\/\/schema.org","@graph":[{"@type":"Article","@id":"https:\/\/www.firstlapf1.com\/analisis-el-circuito-de-las-americas-bajo-la-lupa\/#article","isPartOf":{"@id":"https:\/\/www.firstlapf1.com\/analisis-el-circuito-de-las-americas-bajo-la-lupa\/"},"author":{"name":"David Calv\u00e9","@id":"https:\/\/www.firstlapf1.com\/#\/schema\/person\/e17fe8907741f19a0007e4651139aba3"},"headline":"An\u00e1lisis: El Circuito de las Am\u00e9ricas, bajo la lupa","datePublished":"2025-10-16T17:13:27+00:00","dateModified":"2025-10-17T18:35:10+00:00","mainEntityOfPage":{"@id":"https:\/\/www.firstlapf1.com\/analisis-el-circuito-de-las-americas-bajo-la-lupa\/"},"wordCount":1016,"image":{"@id":"https:\/\/www.firstlapf1.com\/analisis-el-circuito-de-las-americas-bajo-la-lupa\/#primaryimage"},"thumbnailUrl":"https:\/\/www.firstlapf1.com\/wp-content\/uploads\/2025\/10\/20251016_191010.jpg","keywords":["An\u00e1lisis","Circuit of the Am\u00e9ricas","F1","Hamilton"],"articleSection":["Circuitos","GP EEUU (COTA)"],"inLanguage":"en-GB"},{"@type":"WebPage","@id":"https:\/\/www.firstlapf1.com\/analisis-el-circuito-de-las-americas-bajo-la-lupa\/","url":"https:\/\/www.firstlapf1.com\/analisis-el-circuito-de-las-americas-bajo-la-lupa\/","name":"An\u00e1lisis: El Circuito de las Am\u00e9ricas, bajo la lupa - Noticias F1 en espa\u00f1ol","isPartOf":{"@id":"https:\/\/www.firstlapf1.com\/#website"},"primaryImageOfPage":{"@id":"https:\/\/www.firstlapf1.com\/analisis-el-circuito-de-las-americas-bajo-la-lupa\/#primaryimage"},"image":{"@id":"https:\/\/www.firstlapf1.com\/analisis-el-circuito-de-las-americas-bajo-la-lupa\/#primaryimage"},"thumbnailUrl":"https:\/\/www.firstlapf1.com\/wp-content\/uploads\/2025\/10\/20251016_191010.jpg","datePublished":"2025-10-16T17:13:27+00:00","dateModified":"2025-10-17T18:35:10+00:00","author":{"@id":"https:\/\/www.firstlapf1.com\/#\/schema\/person\/e17fe8907741f19a0007e4651139aba3"},"description":"Estados Unidos volver\u00e1 a acoger una carrera de F1 en el Circuito de las Am\u00e9ricas (COTA). En esta pista ya se ha competido en 12 ocasiones","inLanguage":"en-GB","potentialAction":[{"@type":"ReadAction","target":["https:\/\/www.firstlapf1.com\/analisis-el-circuito-de-las-americas-bajo-la-lupa\/"]}]},{"@type":"ImageObject","inLanguage":"en-GB","@id":"https:\/\/www.firstlapf1.com\/analisis-el-circuito-de-las-americas-bajo-la-lupa\/#primaryimage","url":"https:\/\/www.firstlapf1.com\/wp-content\/uploads\/2025\/10\/20251016_191010.jpg","contentUrl":"https:\/\/www.firstlapf1.com\/wp-content\/uploads\/2025\/10\/20251016_191010.jpg","width":1638,"height":2048},{"@type":"WebSite","@id":"https:\/\/www.firstlapf1.com\/#website","url":"https:\/\/www.firstlapf1.com\/","name":"Noticias F1 en espa\u00f1ol","description":"Noticias F1 en espa\u00f1ol","potentialAction":[{"@type":"SearchAction","target":{"@type":"EntryPoint","urlTemplate":"https:\/\/www.firstlapf1.com\/?s={search_term_string}"},"query-input":{"@type":"PropertyValueSpecification","valueRequired":true,"valueName":"search_term_string"}}],"inLanguage":"en-GB"},{"@type":"Person","@id":"https:\/\/www.firstlapf1.com\/#\/schema\/person\/e17fe8907741f19a0007e4651139aba3","name":"David Calv\u00e9","image":{"@type":"ImageObject","inLanguage":"en-GB","@id":"https:\/\/www.firstlapf1.com\/#\/schema\/person\/image\/","url":"https:\/\/secure.gravatar.com\/avatar\/3fec466617b5a21cb21b89c62e9940ad9662c9753b2aaf37fd8cac712dba30e1?s=96&d=mm&r=g","contentUrl":"https:\/\/secure.gravatar.com\/avatar\/3fec466617b5a21cb21b89c62e9940ad9662c9753b2aaf37fd8cac712dba30e1?s=96&d=mm&r=g","caption":"David Calv\u00e9"},"sameAs":["http:\/\/www.firstlapf1.com\/","https:\/\/www.instagram.com\/daviidcalve\/","https:\/\/x.com\/DavidCalve_C"],"url":"https:\/\/www.firstlapf1.com\/en\/author\/davcal\/"}]}},"jetpack_featured_media_url":"https:\/\/www.firstlapf1.com\/wp-content\/uploads\/2025\/10\/20251016_191010.jpg","jetpack_sharing_enabled":true,"_links":{"self":[{"href":"https:\/\/www.firstlapf1.com\/en\/wp-json\/wp\/v2\/posts\/16639","targetHints":{"allow":["GET"]}}],"collection":[{"href":"https:\/\/www.firstlapf1.com\/en\/wp-json\/wp\/v2\/posts"}],"about":[{"href":"https:\/\/www.firstlapf1.com\/en\/wp-json\/wp\/v2\/types\/post"}],"author":[{"embeddable":true,"href":"https:\/\/www.firstlapf1.com\/en\/wp-json\/wp\/v2\/users\/70"}],"replies":[{"embeddable":true,"href":"https:\/\/www.firstlapf1.com\/en\/wp-json\/wp\/v2\/comments?post=16639"}],"version-history":[{"count":4,"href":"https:\/\/www.firstlapf1.com\/en\/wp-json\/wp\/v2\/posts\/16639\/revisions"}],"predecessor-version":[{"id":16682,"href":"https:\/\/www.firstlapf1.com\/en\/wp-json\/wp\/v2\/posts\/16639\/revisions\/16682"}],"wp:featuredmedia":[{"embeddable":true,"href":"https:\/\/www.firstlapf1.com\/en\/wp-json\/wp\/v2\/media\/16681"}],"wp:attachment":[{"href":"https:\/\/www.firstlapf1.com\/en\/wp-json\/wp\/v2\/media?parent=16639"}],"wp:term":[{"taxonomy":"category","embeddable":true,"href":"https:\/\/www.firstlapf1.com\/en\/wp-json\/wp\/v2\/categories?post=16639"},{"taxonomy":"post_tag","embeddable":true,"href":"https:\/\/www.firstlapf1.com\/en\/wp-json\/wp\/v2\/tags?post=16639"}],"curies":[{"name":"wp","href":"https:\/\/api.w.org\/{rel}","templated":true}]}}