{"id":16628,"date":"2025-10-15T13:58:11","date_gmt":"2025-10-15T13:58:11","guid":{"rendered":"https:\/\/www.firstlapf1.com\/?p=16628"},"modified":"2025-10-15T14:00:55","modified_gmt":"2025-10-15T14:00:55","slug":"oficial-russell-y-antonelli-renuevan-con-mercedes","status":"publish","type":"post","link":"https:\/\/www.firstlapf1.com\/en\/oficial-russell-y-antonelli-renuevan-con-mercedes\/","title":{"rendered":"OFICIAL: Russell y Antonelli renuevan con Mercedes"},"content":{"rendered":"<h2 class=\"wp-block-heading\">George Russell y Andrea Kimi Antonelli extienden sus respectivos contratos con Mercedes para la temporada 2026<\/h2>\n\n\n\n<p>Se termin\u00f3 el culebr\u00f3n, tanto George Russell como Andrea Kimi Antonelli acaban de renovar con Mercedes para los pr\u00f3ximos a\u00f1os, Russell en un contrato multianual y Antonelli de momento solo 2026, con esto se pone fin a las especulaciones sobre Max Verstappen (al menos por este a\u00f1o).<\/p>\n\n\n\n<p>La que es considerada, por gran parte del paddock, como la gran favorita para la nueva reglamentaci\u00f3n de 2026 ha confirmado hoy mismo que mantendr\u00e1 a su dupla de pilotos de cara a 2026.<\/p>\n\n\n\n<h2 class=\"wp-block-heading has-normal-font-size\">Declaraciones <\/h2>\n\n\n\n<p>Toto Wolff, CEO de Mercedes: <\/p>\n\n\n\n<p><strong>\u201cGeorge y Kimi han demostrado ser una pareja s\u00f3lida y estamos entusiasmados de continuar nuestro viaje juntos, Confirmar nuestra alineaci\u00f3n de pilotos siempre fue s\u00f3lo una cuesti\u00f3n de cu\u00e1ndo, no de si. Ahora nos centramos en las \u00faltimas seis carreras del a\u00f1o, en la lucha por el segundo puesto en el Campeonato de Constructores, y en 2026, en una nueva era en la F1\u201d.<\/strong><\/p>\n\n\n\n<p>George Russell: <\/p>\n\n\n\n<p><strong>\u201cEl a\u00f1o que viene marcar\u00e1 mi d\u00e9cimo desde que firm\u00e9 con Mercedes en 2017. Ha sido una asociaci\u00f3n muy larga y exitosa con el equipo hasta ahora y no puedo esperar a ver qu\u00e9 nos depara el futuro, particularmente ahora que nos embarcamos en uno de los cambios de regulaci\u00f3n m\u00e1s grandes en la historia del deporte el pr\u00f3ximo a\u00f1o. Estamos todos incre\u00edblemente concentrados en que sea un \u00e9xito y, en mi caso personal, en aprovechar la que<\/strong> <strong>es<\/strong> <strong>mi mejor temporada en la F1 hasta la fecha\u201d.<\/strong><\/p>\n\n\n\n<p>Andrea Kimi Antonelli:<\/p>\n\n\n\n<p><strong>\u00abEstoy s\u00faper emocionado de continuar con el equipo. He aprendido much\u00edsimo en mi primera temporada en la F1, tanto en los buenos momentos como en los m\u00e1s dif\u00edciles. Todo esto me ha fortalecido, no solo como piloto, sino tambi\u00e9n como compa\u00f1ero de equipo. Quiero agradecer a Toto y a todos en Brackley y Brixworth por su continuo apoyo y fe en m\u00ed. Nuestro objetivo ahora es terminar este a\u00f1o con fuerza y asegurar el segundo puesto en el Campeonato de Constructores, antes de centrar toda nuestra atenci\u00f3n en 2026. Todav\u00eda tenemos mucho por lograr en estas \u00faltimas seis carreras y vamos a darlo todo\u201d.<\/strong><\/p>\n\n\n\n<h2 class=\"wp-block-heading has-normal-font-size\">Quedan asientos libres<\/h2>\n\n\n\n<p>Con esto se cierran otros dos huecos para la parrilla de 2026, solo faltan por confirmar 3 asientos: Uno en Red Bull, otro en RB y otro en Alpine.<\/p>\n\n\n\n<figure class=\"wp-block-image size-large\"><img loading=\"lazy\" decoding=\"async\" width=\"832\" height=\"1024\" src=\"https:\/\/www.firstlapf1.com\/wp-content\/uploads\/2025\/10\/1000062094-832x1024.jpg\" alt=\"\" class=\"wp-image-16632\" srcset=\"https:\/\/www.firstlapf1.com\/wp-content\/uploads\/2025\/10\/1000062094-832x1024.jpg 832w, https:\/\/www.firstlapf1.com\/wp-content\/uploads\/2025\/10\/1000062094-244x300.jpg 244w, https:\/\/www.firstlapf1.com\/wp-content\/uploads\/2025\/10\/1000062094-768x946.jpg 768w, https:\/\/www.firstlapf1.com\/wp-content\/uploads\/2025\/10\/1000062094-10x12.jpg 10w, https:\/\/www.firstlapf1.com\/wp-content\/uploads\/2025\/10\/1000062094.jpg 1220w\" sizes=\"auto, (max-width: 832px) 100vw, 832px\" \/><figcaption class=\"wp-element-caption\">Fuente: Mercedes-AMG PETRONAS F1 Team en X (fuente portada: F1 en X)<\/figcaption><\/figure>","protected":false},"excerpt":{"rendered":"<p>George Russell y Andrea Kimi Antonelli extienden sus respectivos contratos con Mercedes para la temporada 2026 &hellip; <span class=\"more-button\"><a href=\"https:\/\/www.firstlapf1.com\/en\/oficial-russell-y-antonelli-renuevan-con-mercedes\/\" class=\"more-link\">Continue reading<span class=\"screen-reader-text\">OFICIAL: Russell y Antonelli renuevan con Mercedes<\/span><\/a><\/span><\/p>","protected":false},"author":55,"featured_media":16634,"comment_status":"closed","ping_status":"open","sticky":false,"template":"","format":"standard","meta":{"_jetpack_memberships_contains_paid_content":false,"footnotes":""},"categories":[35],"tags":[],"class_list":["post-16628","post","type-post","status-publish","format-standard","has-post-thumbnail","hentry","category-mercedes-amg"],"yoast_head":"<!-- This site is optimized with the Yoast SEO plugin v27.0 - https:\/\/yoast.com\/product\/yoast-seo-wordpress\/ -->\n<title>OFICIAL: Russell y Antonelli renuevan con Mercedes - Noticias F1 en espa\u00f1ol<\/title>\n<meta name=\"description\" content=\"George Russell y Andrea Kimi Antonelli extienden sus respectivos contratos con Mercedes para la temporada 2026\" \/>\n<meta name=\"robots\" content=\"index, follow, max-snippet:-1, max-image-preview:large, max-video-preview:-1\" \/>\n<link rel=\"canonical\" href=\"https:\/\/www.firstlapf1.com\/en\/oficial-russell-y-antonelli-renuevan-con-mercedes\/\" \/>\n<meta property=\"og:locale\" content=\"en_GB\" \/>\n<meta property=\"og:type\" content=\"article\" \/>\n<meta property=\"og:title\" content=\"OFICIAL: Russell y Antonelli renuevan con Mercedes - Noticias F1 en espa\u00f1ol\" \/>\n<meta property=\"og:description\" content=\"George Russell y Andrea Kimi Antonelli extienden sus respectivos contratos con Mercedes para la temporada 2026\" \/>\n<meta property=\"og:url\" content=\"https:\/\/www.firstlapf1.com\/en\/oficial-russell-y-antonelli-renuevan-con-mercedes\/\" \/>\n<meta property=\"og:site_name\" content=\"Noticias F1 en espa\u00f1ol\" \/>\n<meta property=\"article:published_time\" content=\"2025-10-15T13:58:11+00:00\" \/>\n<meta property=\"article:modified_time\" content=\"2025-10-15T14:00:55+00:00\" \/>\n<meta property=\"og:image\" content=\"https:\/\/www.firstlapf1.com\/wp-content\/uploads\/2025\/10\/20251015_150259.jpg\" \/>\n\t<meta property=\"og:image:width\" content=\"1638\" \/>\n\t<meta property=\"og:image:height\" content=\"2048\" \/>\n\t<meta property=\"og:image:type\" content=\"image\/jpeg\" \/>\n<meta name=\"author\" content=\"Emilio Dual\" \/>\n<meta name=\"twitter:card\" content=\"summary_large_image\" \/>\n<meta name=\"twitter:label1\" content=\"Written by\" \/>\n\t<meta name=\"twitter:data1\" content=\"Emilio Dual\" \/>\n\t<meta name=\"twitter:label2\" content=\"Estimated reading time\" \/>\n\t<meta name=\"twitter:data2\" content=\"3 minutes\" \/>\n<script type=\"application\/ld+json\" class=\"yoast-schema-graph\">{\"@context\":\"https:\/\/schema.org\",\"@graph\":[{\"@type\":\"Article\",\"@id\":\"https:\/\/www.firstlapf1.com\/oficial-russell-y-antonelli-renuevan-con-mercedes\/#article\",\"isPartOf\":{\"@id\":\"https:\/\/www.firstlapf1.com\/oficial-russell-y-antonelli-renuevan-con-mercedes\/\"},\"author\":{\"name\":\"Emilio Dual\",\"@id\":\"https:\/\/www.firstlapf1.com\/#\/schema\/person\/0ddab50eee2c767f00485b76c55ced1b\"},\"headline\":\"OFICIAL: Russell y Antonelli renuevan con Mercedes\",\"datePublished\":\"2025-10-15T13:58:11+00:00\",\"dateModified\":\"2025-10-15T14:00:55+00:00\",\"mainEntityOfPage\":{\"@id\":\"https:\/\/www.firstlapf1.com\/oficial-russell-y-antonelli-renuevan-con-mercedes\/\"},\"wordCount\":434,\"image\":{\"@id\":\"https:\/\/www.firstlapf1.com\/oficial-russell-y-antonelli-renuevan-con-mercedes\/#primaryimage\"},\"thumbnailUrl\":\"https:\/\/www.firstlapf1.com\/wp-content\/uploads\/2025\/10\/20251015_150259.jpg\",\"articleSection\":[\"Mercedes-AMG PETRONAS Formula One Team\"],\"inLanguage\":\"en-GB\"},{\"@type\":\"WebPage\",\"@id\":\"https:\/\/www.firstlapf1.com\/oficial-russell-y-antonelli-renuevan-con-mercedes\/\",\"url\":\"https:\/\/www.firstlapf1.com\/oficial-russell-y-antonelli-renuevan-con-mercedes\/\",\"name\":\"OFICIAL: Russell y Antonelli renuevan con Mercedes - Noticias F1 en espa\u00f1ol\",\"isPartOf\":{\"@id\":\"https:\/\/www.firstlapf1.com\/#website\"},\"primaryImageOfPage\":{\"@id\":\"https:\/\/www.firstlapf1.com\/oficial-russell-y-antonelli-renuevan-con-mercedes\/#primaryimage\"},\"image\":{\"@id\":\"https:\/\/www.firstlapf1.com\/oficial-russell-y-antonelli-renuevan-con-mercedes\/#primaryimage\"},\"thumbnailUrl\":\"https:\/\/www.firstlapf1.com\/wp-content\/uploads\/2025\/10\/20251015_150259.jpg\",\"datePublished\":\"2025-10-15T13:58:11+00:00\",\"dateModified\":\"2025-10-15T14:00:55+00:00\",\"author\":{\"@id\":\"https:\/\/www.firstlapf1.com\/#\/schema\/person\/0ddab50eee2c767f00485b76c55ced1b\"},\"description\":\"George Russell y Andrea Kimi Antonelli extienden sus respectivos contratos con Mercedes para la temporada 2026\",\"inLanguage\":\"en-GB\",\"potentialAction\":[{\"@type\":\"ReadAction\",\"target\":[\"https:\/\/www.firstlapf1.com\/oficial-russell-y-antonelli-renuevan-con-mercedes\/\"]}]},{\"@type\":\"ImageObject\",\"inLanguage\":\"en-GB\",\"@id\":\"https:\/\/www.firstlapf1.com\/oficial-russell-y-antonelli-renuevan-con-mercedes\/#primaryimage\",\"url\":\"https:\/\/www.firstlapf1.com\/wp-content\/uploads\/2025\/10\/20251015_150259.jpg\",\"contentUrl\":\"https:\/\/www.firstlapf1.com\/wp-content\/uploads\/2025\/10\/20251015_150259.jpg\",\"width\":1638,\"height\":2048},{\"@type\":\"WebSite\",\"@id\":\"https:\/\/www.firstlapf1.com\/#website\",\"url\":\"https:\/\/www.firstlapf1.com\/\",\"name\":\"Noticias F1 en espa\u00f1ol\",\"description\":\"Noticias F1 en espa\u00f1ol\",\"potentialAction\":[{\"@type\":\"SearchAction\",\"target\":{\"@type\":\"EntryPoint\",\"urlTemplate\":\"https:\/\/www.firstlapf1.com\/?s={search_term_string}\"},\"query-input\":{\"@type\":\"PropertyValueSpecification\",\"valueRequired\":true,\"valueName\":\"search_term_string\"}}],\"inLanguage\":\"en-GB\"},{\"@type\":\"Person\",\"@id\":\"https:\/\/www.firstlapf1.com\/#\/schema\/person\/0ddab50eee2c767f00485b76c55ced1b\",\"name\":\"Emilio Dual\",\"image\":{\"@type\":\"ImageObject\",\"inLanguage\":\"en-GB\",\"@id\":\"https:\/\/www.firstlapf1.com\/#\/schema\/person\/image\/\",\"url\":\"https:\/\/secure.gravatar.com\/avatar\/e18d5ff564ce67f3fb1de53cbc9244a88f494e7903b42f230478e3df21661472?s=96&d=mm&r=g\",\"contentUrl\":\"https:\/\/secure.gravatar.com\/avatar\/e18d5ff564ce67f3fb1de53cbc9244a88f494e7903b42f230478e3df21661472?s=96&d=mm&r=g\",\"caption\":\"Emilio Dual\"},\"sameAs\":[\"http:\/\/www.firstlapf1.com\/\"],\"url\":\"https:\/\/www.firstlapf1.com\/en\/author\/emidua\/\"}]}<\/script>\n<!-- \/ Yoast SEO plugin. -->","yoast_head_json":{"title":"OFICIAL: Russell y Antonelli renuevan con Mercedes - Noticias F1 en espa\u00f1ol","description":"George Russell y Andrea Kimi Antonelli extienden sus respectivos contratos con Mercedes para la temporada 2026","robots":{"index":"index","follow":"follow","max-snippet":"max-snippet:-1","max-image-preview":"max-image-preview:large","max-video-preview":"max-video-preview:-1"},"canonical":"https:\/\/www.firstlapf1.com\/en\/oficial-russell-y-antonelli-renuevan-con-mercedes\/","og_locale":"en_GB","og_type":"article","og_title":"OFICIAL: Russell y Antonelli renuevan con Mercedes - Noticias F1 en espa\u00f1ol","og_description":"George Russell y Andrea Kimi Antonelli extienden sus respectivos contratos con Mercedes para la temporada 2026","og_url":"https:\/\/www.firstlapf1.com\/en\/oficial-russell-y-antonelli-renuevan-con-mercedes\/","og_site_name":"Noticias F1 en espa\u00f1ol","article_published_time":"2025-10-15T13:58:11+00:00","article_modified_time":"2025-10-15T14:00:55+00:00","og_image":[{"width":1638,"height":2048,"url":"https:\/\/www.firstlapf1.com\/wp-content\/uploads\/2025\/10\/20251015_150259.jpg","type":"image\/jpeg"}],"author":"Emilio Dual","twitter_card":"summary_large_image","twitter_misc":{"Written by":"Emilio Dual","Estimated reading time":"3 minutes"},"schema":{"@context":"https:\/\/schema.org","@graph":[{"@type":"Article","@id":"https:\/\/www.firstlapf1.com\/oficial-russell-y-antonelli-renuevan-con-mercedes\/#article","isPartOf":{"@id":"https:\/\/www.firstlapf1.com\/oficial-russell-y-antonelli-renuevan-con-mercedes\/"},"author":{"name":"Emilio Dual","@id":"https:\/\/www.firstlapf1.com\/#\/schema\/person\/0ddab50eee2c767f00485b76c55ced1b"},"headline":"OFICIAL: Russell y Antonelli renuevan con Mercedes","datePublished":"2025-10-15T13:58:11+00:00","dateModified":"2025-10-15T14:00:55+00:00","mainEntityOfPage":{"@id":"https:\/\/www.firstlapf1.com\/oficial-russell-y-antonelli-renuevan-con-mercedes\/"},"wordCount":434,"image":{"@id":"https:\/\/www.firstlapf1.com\/oficial-russell-y-antonelli-renuevan-con-mercedes\/#primaryimage"},"thumbnailUrl":"https:\/\/www.firstlapf1.com\/wp-content\/uploads\/2025\/10\/20251015_150259.jpg","articleSection":["Mercedes-AMG PETRONAS Formula One Team"],"inLanguage":"en-GB"},{"@type":"WebPage","@id":"https:\/\/www.firstlapf1.com\/oficial-russell-y-antonelli-renuevan-con-mercedes\/","url":"https:\/\/www.firstlapf1.com\/oficial-russell-y-antonelli-renuevan-con-mercedes\/","name":"OFICIAL: Russell y Antonelli renuevan con Mercedes - Noticias F1 en espa\u00f1ol","isPartOf":{"@id":"https:\/\/www.firstlapf1.com\/#website"},"primaryImageOfPage":{"@id":"https:\/\/www.firstlapf1.com\/oficial-russell-y-antonelli-renuevan-con-mercedes\/#primaryimage"},"image":{"@id":"https:\/\/www.firstlapf1.com\/oficial-russell-y-antonelli-renuevan-con-mercedes\/#primaryimage"},"thumbnailUrl":"https:\/\/www.firstlapf1.com\/wp-content\/uploads\/2025\/10\/20251015_150259.jpg","datePublished":"2025-10-15T13:58:11+00:00","dateModified":"2025-10-15T14:00:55+00:00","author":{"@id":"https:\/\/www.firstlapf1.com\/#\/schema\/person\/0ddab50eee2c767f00485b76c55ced1b"},"description":"George Russell y Andrea Kimi Antonelli extienden sus respectivos contratos con Mercedes para la temporada 2026","inLanguage":"en-GB","potentialAction":[{"@type":"ReadAction","target":["https:\/\/www.firstlapf1.com\/oficial-russell-y-antonelli-renuevan-con-mercedes\/"]}]},{"@type":"ImageObject","inLanguage":"en-GB","@id":"https:\/\/www.firstlapf1.com\/oficial-russell-y-antonelli-renuevan-con-mercedes\/#primaryimage","url":"https:\/\/www.firstlapf1.com\/wp-content\/uploads\/2025\/10\/20251015_150259.jpg","contentUrl":"https:\/\/www.firstlapf1.com\/wp-content\/uploads\/2025\/10\/20251015_150259.jpg","width":1638,"height":2048},{"@type":"WebSite","@id":"https:\/\/www.firstlapf1.com\/#website","url":"https:\/\/www.firstlapf1.com\/","name":"Noticias F1 en espa\u00f1ol","description":"Noticias F1 en espa\u00f1ol","potentialAction":[{"@type":"SearchAction","target":{"@type":"EntryPoint","urlTemplate":"https:\/\/www.firstlapf1.com\/?s={search_term_string}"},"query-input":{"@type":"PropertyValueSpecification","valueRequired":true,"valueName":"search_term_string"}}],"inLanguage":"en-GB"},{"@type":"Person","@id":"https:\/\/www.firstlapf1.com\/#\/schema\/person\/0ddab50eee2c767f00485b76c55ced1b","name":"Emilio Dual","image":{"@type":"ImageObject","inLanguage":"en-GB","@id":"https:\/\/www.firstlapf1.com\/#\/schema\/person\/image\/","url":"https:\/\/secure.gravatar.com\/avatar\/e18d5ff564ce67f3fb1de53cbc9244a88f494e7903b42f230478e3df21661472?s=96&d=mm&r=g","contentUrl":"https:\/\/secure.gravatar.com\/avatar\/e18d5ff564ce67f3fb1de53cbc9244a88f494e7903b42f230478e3df21661472?s=96&d=mm&r=g","caption":"Emilio Dual"},"sameAs":["http:\/\/www.firstlapf1.com\/"],"url":"https:\/\/www.firstlapf1.com\/en\/author\/emidua\/"}]}},"jetpack_featured_media_url":"https:\/\/www.firstlapf1.com\/wp-content\/uploads\/2025\/10\/20251015_150259.jpg","jetpack_sharing_enabled":true,"_links":{"self":[{"href":"https:\/\/www.firstlapf1.com\/en\/wp-json\/wp\/v2\/posts\/16628","targetHints":{"allow":["GET"]}}],"collection":[{"href":"https:\/\/www.firstlapf1.com\/en\/wp-json\/wp\/v2\/posts"}],"about":[{"href":"https:\/\/www.firstlapf1.com\/en\/wp-json\/wp\/v2\/types\/post"}],"author":[{"embeddable":true,"href":"https:\/\/www.firstlapf1.com\/en\/wp-json\/wp\/v2\/users\/55"}],"replies":[{"embeddable":true,"href":"https:\/\/www.firstlapf1.com\/en\/wp-json\/wp\/v2\/comments?post=16628"}],"version-history":[{"count":4,"href":"https:\/\/www.firstlapf1.com\/en\/wp-json\/wp\/v2\/posts\/16628\/revisions"}],"predecessor-version":[{"id":16637,"href":"https:\/\/www.firstlapf1.com\/en\/wp-json\/wp\/v2\/posts\/16628\/revisions\/16637"}],"wp:featuredmedia":[{"embeddable":true,"href":"https:\/\/www.firstlapf1.com\/en\/wp-json\/wp\/v2\/media\/16634"}],"wp:attachment":[{"href":"https:\/\/www.firstlapf1.com\/en\/wp-json\/wp\/v2\/media?parent=16628"}],"wp:term":[{"taxonomy":"category","embeddable":true,"href":"https:\/\/www.firstlapf1.com\/en\/wp-json\/wp\/v2\/categories?post=16628"},{"taxonomy":"post_tag","embeddable":true,"href":"https:\/\/www.firstlapf1.com\/en\/wp-json\/wp\/v2\/tags?post=16628"}],"curies":[{"name":"wp","href":"https:\/\/api.w.org\/{rel}","templated":true}]}}