{"id":16606,"date":"2025-10-13T13:00:02","date_gmt":"2025-10-13T13:00:02","guid":{"rendered":"https:\/\/www.firstlapf1.com\/?p=16606"},"modified":"2025-10-13T13:00:10","modified_gmt":"2025-10-13T13:00:10","slug":"oficial-haas-presenta-su-livery-para-el-gp-de-eeuu","status":"publish","type":"post","link":"https:\/\/www.firstlapf1.com\/en\/oficial-haas-presenta-su-livery-para-el-gp-de-eeuu\/","title":{"rendered":"OFICIAL: Haas presenta su livery para el GP de EEUU"},"content":{"rendered":"<h2 class=\"wp-block-heading\">El equipo Haas rinde homenaje a su pa\u00eds natal y cambia su livery para el GP de EEUU de este fin de semana en Austin<\/h2>\n\n\n\n<p>La F1 encara la recta final de la temporada con su gira americana, en la que visitar\u00e1 <a href=\"https:\/\/www.firstlapf1.com\/en\/category\/eeuu\/\" target=\"_blank\" rel=\"noreferrer noopener\">Texas<\/a>, Ciudad de M\u00e9xico, S\u00e3o Paulo y Las Vegas. En esta parte de la temporada, los equipos ya enfocan la pr\u00f3xima campa\u00f1a pero son ubicaciones muy medi\u00e1ticas, por lo que aprovechan para hacer algo distinto. Es el caso de Haas, que no falla a su cita anual, y saca su livery especial.<\/p>\n\n\n\n<p>Si bien es cierto que la base del monoplaza es su <a href=\"https:\/\/www.formula1.com\/\" target=\"_blank\" rel=\"noreferrer noopener\">livery<\/a> habitual, Haas introduce estrellas y azul oscuro que recuerdan a la bandera estadounidense. Estos detalles se pueden observar en el aler\u00f3n delantero, morro, pontones, tapa motor y aler\u00f3n trasero. Por otro lado, los dorsales adquieren una tipograf\u00eda retro que hacen referencia al Oeste.<\/p>\n\n\n\n<h2 class=\"wp-block-heading has-normal-font-size\">Declaraciones<\/h2>\n\n\n\n<p>Ayao Komatsu, Director de Haas:<\/p>\n\n\n\n<p><strong>\u00bbEstamos muy emocionados por el GP de EEUU; COTA se siente como si fuera casa. Es una semana con muchas actividades y, al ser Sprint, se descarga adrenalina durante todo el fin de semana. Fue fant\u00e1stico ver c\u00f3mo Ollie puntu\u00f3 en Singapur, as\u00ed que espero que ambos coches puedan puntuar aqu\u00ed. Traemos un peque\u00f1o paquete de mejoras pero s\u00f3lo tenemos los FP1 para evaluarlo, por lo que es crucial empezar con buen pie.\u00bb<\/strong><\/p>\n\n\n\n<p>Ollie Bearman, piloto de Haas:<\/p>\n\n\n\n<p><strong>\u00bbSe siente como si cogi\u00e9ramos ritmo, el coche es r\u00e1pido y la actualizaci\u00f3n del VF-25 en Austin har\u00e1 que sea un fin de semana excelente. Ser\u00e1 mi primer GP de EEUU como piloto de Haas, es genial empaparse del ambiente y la pasi\u00f3n de todos los aficionados locales. COTA ser\u00e1 uno de los momentos m\u00e1s destacados de la temporada con este equipo, sin duda.\u00bb<\/strong><\/p>\n\n\n\n<p>Esteban Ocon, piloto de Haas:<\/p>\n\n\n\n<p><strong>\u00bbEstoy emocionado por volver a Austin, especialmente como piloto de Haas. Es una ciudad con much\u00edsima energ\u00eda y siempre tengo ganas de volver. Esta es una de las carreras locales para nosotros, as\u00ed que sabemos que los aficionados lo dar\u00e1n todo para ofrecer un ambiente incre\u00edble. Tras Singapur, he estado trabajando con el equipo y en el simulador, con el objetivo de tener un buen fin de semana y aprovechar cualquier oportunidad que se nos presente. Tengo muchas ganas de volver a la pista y lucir esta livery especial.\u00bb<\/strong><\/p>\n\n\n\n<figure class=\"wp-block-image size-large\"><img loading=\"lazy\" decoding=\"async\" width=\"1024\" height=\"576\" src=\"https:\/\/www.firstlapf1.com\/wp-content\/uploads\/2025\/10\/1000061826-1024x576.jpg\" alt=\"\" class=\"wp-image-16608\" srcset=\"https:\/\/www.firstlapf1.com\/wp-content\/uploads\/2025\/10\/1000061826-1024x576.jpg 1024w, https:\/\/www.firstlapf1.com\/wp-content\/uploads\/2025\/10\/1000061826-300x169.jpg 300w, https:\/\/www.firstlapf1.com\/wp-content\/uploads\/2025\/10\/1000061826-768x432.jpg 768w, https:\/\/www.firstlapf1.com\/wp-content\/uploads\/2025\/10\/1000061826-1536x864.jpg 1536w, https:\/\/www.firstlapf1.com\/wp-content\/uploads\/2025\/10\/1000061826-18x10.jpg 18w, https:\/\/www.firstlapf1.com\/wp-content\/uploads\/2025\/10\/1000061826-1920x1080.jpg 1920w, https:\/\/www.firstlapf1.com\/wp-content\/uploads\/2025\/10\/1000061826-190x107.jpg 190w, https:\/\/www.firstlapf1.com\/wp-content\/uploads\/2025\/10\/1000061826.jpg 2048w\" sizes=\"auto, (max-width: 1024px) 100vw, 1024px\" \/><figcaption class=\"wp-element-caption\">Fuente: Web MoneyGram Haas F1 Team (fuente portada: MoneyGram Haas F1 Team en X)<\/figcaption><\/figure>\n\n\n\n<p><strong> <\/strong><\/p>","protected":false},"excerpt":{"rendered":"<p>El equipo Haas rinde homenaje a su pa\u00eds natal y cambia su livery para el GP de EEUU de este fin de semana en Austin &hellip; <span class=\"more-button\"><a href=\"https:\/\/www.firstlapf1.com\/en\/oficial-haas-presenta-su-livery-para-el-gp-de-eeuu\/\" class=\"more-link\">Continue reading<span class=\"screen-reader-text\">OFICIAL: Haas presenta su livery para el GP de EEUU<\/span><\/a><\/span><\/p>","protected":false},"author":2,"featured_media":16610,"comment_status":"closed","ping_status":"open","sticky":false,"template":"","format":"standard","meta":{"_jetpack_memberships_contains_paid_content":false,"footnotes":""},"categories":[20,36],"tags":[],"class_list":["post-16606","post","type-post","status-publish","format-standard","has-post-thumbnail","hentry","category-eeuu","category-haas"],"yoast_head":"<!-- This site is optimized with the Yoast SEO plugin v27.0 - https:\/\/yoast.com\/product\/yoast-seo-wordpress\/ -->\n<title>OFICIAL: Haas presenta su livery para el GP de EEUU - Noticias F1 en espa\u00f1ol<\/title>\n<meta name=\"description\" content=\"El equipo Haas rinde homenaje a su pa\u00eds natal y cambia su livery para el GP de EEUU de este fin de semana en Austin\" \/>\n<meta name=\"robots\" content=\"index, follow, max-snippet:-1, max-image-preview:large, max-video-preview:-1\" \/>\n<link rel=\"canonical\" href=\"https:\/\/www.firstlapf1.com\/en\/oficial-haas-presenta-su-livery-para-el-gp-de-eeuu\/\" \/>\n<meta property=\"og:locale\" content=\"en_GB\" \/>\n<meta property=\"og:type\" content=\"article\" \/>\n<meta property=\"og:title\" content=\"OFICIAL: Haas presenta su livery para el GP de EEUU - Noticias F1 en espa\u00f1ol\" \/>\n<meta property=\"og:description\" content=\"El equipo Haas rinde homenaje a su pa\u00eds natal y cambia su livery para el GP de EEUU de este fin de semana en Austin\" \/>\n<meta property=\"og:url\" content=\"https:\/\/www.firstlapf1.com\/en\/oficial-haas-presenta-su-livery-para-el-gp-de-eeuu\/\" \/>\n<meta property=\"og:site_name\" content=\"Noticias F1 en espa\u00f1ol\" \/>\n<meta property=\"article:published_time\" content=\"2025-10-13T13:00:02+00:00\" \/>\n<meta property=\"article:modified_time\" content=\"2025-10-13T13:00:10+00:00\" \/>\n<meta property=\"og:image\" content=\"https:\/\/www.firstlapf1.com\/wp-content\/uploads\/2025\/10\/20251013_143221.jpg\" \/>\n\t<meta property=\"og:image:width\" content=\"2048\" \/>\n\t<meta property=\"og:image:height\" content=\"1152\" \/>\n\t<meta property=\"og:image:type\" content=\"image\/jpeg\" \/>\n<meta name=\"author\" content=\"Miguel Lora-Paquet\" \/>\n<meta name=\"twitter:card\" content=\"summary_large_image\" \/>\n<meta name=\"twitter:label1\" content=\"Written by\" \/>\n\t<meta name=\"twitter:data1\" content=\"Miguel Lora-Paquet\" \/>\n\t<meta name=\"twitter:label2\" content=\"Estimated reading time\" \/>\n\t<meta name=\"twitter:data2\" content=\"3 minutes\" \/>\n<script type=\"application\/ld+json\" class=\"yoast-schema-graph\">{\"@context\":\"https:\/\/schema.org\",\"@graph\":[{\"@type\":\"Article\",\"@id\":\"https:\/\/www.firstlapf1.com\/oficial-haas-presenta-su-livery-para-el-gp-de-eeuu\/#article\",\"isPartOf\":{\"@id\":\"https:\/\/www.firstlapf1.com\/oficial-haas-presenta-su-livery-para-el-gp-de-eeuu\/\"},\"author\":{\"name\":\"Miguel Lora-Paquet\",\"@id\":\"https:\/\/www.firstlapf1.com\/#\/schema\/person\/9eca09873eecb6d7836bc1a0bbd78250\"},\"headline\":\"OFICIAL: Haas presenta su livery para el GP de EEUU\",\"datePublished\":\"2025-10-13T13:00:02+00:00\",\"dateModified\":\"2025-10-13T13:00:10+00:00\",\"mainEntityOfPage\":{\"@id\":\"https:\/\/www.firstlapf1.com\/oficial-haas-presenta-su-livery-para-el-gp-de-eeuu\/\"},\"wordCount\":440,\"image\":{\"@id\":\"https:\/\/www.firstlapf1.com\/oficial-haas-presenta-su-livery-para-el-gp-de-eeuu\/#primaryimage\"},\"thumbnailUrl\":\"https:\/\/www.firstlapf1.com\/wp-content\/uploads\/2025\/10\/20251013_143221.jpg\",\"articleSection\":[\"GP EEUU (COTA)\",\"TGR Haas F1 Team\"],\"inLanguage\":\"en-GB\"},{\"@type\":\"WebPage\",\"@id\":\"https:\/\/www.firstlapf1.com\/oficial-haas-presenta-su-livery-para-el-gp-de-eeuu\/\",\"url\":\"https:\/\/www.firstlapf1.com\/oficial-haas-presenta-su-livery-para-el-gp-de-eeuu\/\",\"name\":\"OFICIAL: Haas presenta su livery para el GP de EEUU - Noticias F1 en espa\u00f1ol\",\"isPartOf\":{\"@id\":\"https:\/\/www.firstlapf1.com\/#website\"},\"primaryImageOfPage\":{\"@id\":\"https:\/\/www.firstlapf1.com\/oficial-haas-presenta-su-livery-para-el-gp-de-eeuu\/#primaryimage\"},\"image\":{\"@id\":\"https:\/\/www.firstlapf1.com\/oficial-haas-presenta-su-livery-para-el-gp-de-eeuu\/#primaryimage\"},\"thumbnailUrl\":\"https:\/\/www.firstlapf1.com\/wp-content\/uploads\/2025\/10\/20251013_143221.jpg\",\"datePublished\":\"2025-10-13T13:00:02+00:00\",\"dateModified\":\"2025-10-13T13:00:10+00:00\",\"author\":{\"@id\":\"https:\/\/www.firstlapf1.com\/#\/schema\/person\/9eca09873eecb6d7836bc1a0bbd78250\"},\"description\":\"El equipo Haas rinde homenaje a su pa\u00eds natal y cambia su livery para el GP de EEUU de este fin de semana en Austin\",\"inLanguage\":\"en-GB\",\"potentialAction\":[{\"@type\":\"ReadAction\",\"target\":[\"https:\/\/www.firstlapf1.com\/oficial-haas-presenta-su-livery-para-el-gp-de-eeuu\/\"]}]},{\"@type\":\"ImageObject\",\"inLanguage\":\"en-GB\",\"@id\":\"https:\/\/www.firstlapf1.com\/oficial-haas-presenta-su-livery-para-el-gp-de-eeuu\/#primaryimage\",\"url\":\"https:\/\/www.firstlapf1.com\/wp-content\/uploads\/2025\/10\/20251013_143221.jpg\",\"contentUrl\":\"https:\/\/www.firstlapf1.com\/wp-content\/uploads\/2025\/10\/20251013_143221.jpg\",\"width\":2048,\"height\":1152},{\"@type\":\"WebSite\",\"@id\":\"https:\/\/www.firstlapf1.com\/#website\",\"url\":\"https:\/\/www.firstlapf1.com\/\",\"name\":\"Noticias F1 en espa\u00f1ol\",\"description\":\"Noticias F1 en espa\u00f1ol\",\"potentialAction\":[{\"@type\":\"SearchAction\",\"target\":{\"@type\":\"EntryPoint\",\"urlTemplate\":\"https:\/\/www.firstlapf1.com\/?s={search_term_string}\"},\"query-input\":{\"@type\":\"PropertyValueSpecification\",\"valueRequired\":true,\"valueName\":\"search_term_string\"}}],\"inLanguage\":\"en-GB\"},{\"@type\":\"Person\",\"@id\":\"https:\/\/www.firstlapf1.com\/#\/schema\/person\/9eca09873eecb6d7836bc1a0bbd78250\",\"name\":\"Miguel Lora-Paquet\",\"image\":{\"@type\":\"ImageObject\",\"inLanguage\":\"en-GB\",\"@id\":\"https:\/\/www.firstlapf1.com\/#\/schema\/person\/image\/\",\"url\":\"https:\/\/www.firstlapf1.com\/wp-content\/uploads\/2022\/09\/7d393f41-126a-4a1e-bf1d-9d04e2ebc621.jpeg\",\"contentUrl\":\"https:\/\/www.firstlapf1.com\/wp-content\/uploads\/2022\/09\/7d393f41-126a-4a1e-bf1d-9d04e2ebc621.jpeg\",\"caption\":\"Miguel Lora-Paquet\"},\"url\":\"https:\/\/www.firstlapf1.com\/en\/author\/miguel\/\"}]}<\/script>\n<!-- \/ Yoast SEO plugin. -->","yoast_head_json":{"title":"OFICIAL: Haas presenta su livery para el GP de EEUU - Noticias F1 en espa\u00f1ol","description":"El equipo Haas rinde homenaje a su pa\u00eds natal y cambia su livery para el GP de EEUU de este fin de semana en Austin","robots":{"index":"index","follow":"follow","max-snippet":"max-snippet:-1","max-image-preview":"max-image-preview:large","max-video-preview":"max-video-preview:-1"},"canonical":"https:\/\/www.firstlapf1.com\/en\/oficial-haas-presenta-su-livery-para-el-gp-de-eeuu\/","og_locale":"en_GB","og_type":"article","og_title":"OFICIAL: Haas presenta su livery para el GP de EEUU - Noticias F1 en espa\u00f1ol","og_description":"El equipo Haas rinde homenaje a su pa\u00eds natal y cambia su livery para el GP de EEUU de este fin de semana en Austin","og_url":"https:\/\/www.firstlapf1.com\/en\/oficial-haas-presenta-su-livery-para-el-gp-de-eeuu\/","og_site_name":"Noticias F1 en espa\u00f1ol","article_published_time":"2025-10-13T13:00:02+00:00","article_modified_time":"2025-10-13T13:00:10+00:00","og_image":[{"width":2048,"height":1152,"url":"https:\/\/www.firstlapf1.com\/wp-content\/uploads\/2025\/10\/20251013_143221.jpg","type":"image\/jpeg"}],"author":"Miguel Lora-Paquet","twitter_card":"summary_large_image","twitter_misc":{"Written by":"Miguel Lora-Paquet","Estimated reading time":"3 minutes"},"schema":{"@context":"https:\/\/schema.org","@graph":[{"@type":"Article","@id":"https:\/\/www.firstlapf1.com\/oficial-haas-presenta-su-livery-para-el-gp-de-eeuu\/#article","isPartOf":{"@id":"https:\/\/www.firstlapf1.com\/oficial-haas-presenta-su-livery-para-el-gp-de-eeuu\/"},"author":{"name":"Miguel Lora-Paquet","@id":"https:\/\/www.firstlapf1.com\/#\/schema\/person\/9eca09873eecb6d7836bc1a0bbd78250"},"headline":"OFICIAL: Haas presenta su livery para el GP de EEUU","datePublished":"2025-10-13T13:00:02+00:00","dateModified":"2025-10-13T13:00:10+00:00","mainEntityOfPage":{"@id":"https:\/\/www.firstlapf1.com\/oficial-haas-presenta-su-livery-para-el-gp-de-eeuu\/"},"wordCount":440,"image":{"@id":"https:\/\/www.firstlapf1.com\/oficial-haas-presenta-su-livery-para-el-gp-de-eeuu\/#primaryimage"},"thumbnailUrl":"https:\/\/www.firstlapf1.com\/wp-content\/uploads\/2025\/10\/20251013_143221.jpg","articleSection":["GP EEUU (COTA)","TGR Haas F1 Team"],"inLanguage":"en-GB"},{"@type":"WebPage","@id":"https:\/\/www.firstlapf1.com\/oficial-haas-presenta-su-livery-para-el-gp-de-eeuu\/","url":"https:\/\/www.firstlapf1.com\/oficial-haas-presenta-su-livery-para-el-gp-de-eeuu\/","name":"OFICIAL: Haas presenta su livery para el GP de EEUU - Noticias F1 en espa\u00f1ol","isPartOf":{"@id":"https:\/\/www.firstlapf1.com\/#website"},"primaryImageOfPage":{"@id":"https:\/\/www.firstlapf1.com\/oficial-haas-presenta-su-livery-para-el-gp-de-eeuu\/#primaryimage"},"image":{"@id":"https:\/\/www.firstlapf1.com\/oficial-haas-presenta-su-livery-para-el-gp-de-eeuu\/#primaryimage"},"thumbnailUrl":"https:\/\/www.firstlapf1.com\/wp-content\/uploads\/2025\/10\/20251013_143221.jpg","datePublished":"2025-10-13T13:00:02+00:00","dateModified":"2025-10-13T13:00:10+00:00","author":{"@id":"https:\/\/www.firstlapf1.com\/#\/schema\/person\/9eca09873eecb6d7836bc1a0bbd78250"},"description":"El equipo Haas rinde homenaje a su pa\u00eds natal y cambia su livery para el GP de EEUU de este fin de semana en Austin","inLanguage":"en-GB","potentialAction":[{"@type":"ReadAction","target":["https:\/\/www.firstlapf1.com\/oficial-haas-presenta-su-livery-para-el-gp-de-eeuu\/"]}]},{"@type":"ImageObject","inLanguage":"en-GB","@id":"https:\/\/www.firstlapf1.com\/oficial-haas-presenta-su-livery-para-el-gp-de-eeuu\/#primaryimage","url":"https:\/\/www.firstlapf1.com\/wp-content\/uploads\/2025\/10\/20251013_143221.jpg","contentUrl":"https:\/\/www.firstlapf1.com\/wp-content\/uploads\/2025\/10\/20251013_143221.jpg","width":2048,"height":1152},{"@type":"WebSite","@id":"https:\/\/www.firstlapf1.com\/#website","url":"https:\/\/www.firstlapf1.com\/","name":"Noticias F1 en espa\u00f1ol","description":"Noticias F1 en espa\u00f1ol","potentialAction":[{"@type":"SearchAction","target":{"@type":"EntryPoint","urlTemplate":"https:\/\/www.firstlapf1.com\/?s={search_term_string}"},"query-input":{"@type":"PropertyValueSpecification","valueRequired":true,"valueName":"search_term_string"}}],"inLanguage":"en-GB"},{"@type":"Person","@id":"https:\/\/www.firstlapf1.com\/#\/schema\/person\/9eca09873eecb6d7836bc1a0bbd78250","name":"Miguel Lora-Paquet","image":{"@type":"ImageObject","inLanguage":"en-GB","@id":"https:\/\/www.firstlapf1.com\/#\/schema\/person\/image\/","url":"https:\/\/www.firstlapf1.com\/wp-content\/uploads\/2022\/09\/7d393f41-126a-4a1e-bf1d-9d04e2ebc621.jpeg","contentUrl":"https:\/\/www.firstlapf1.com\/wp-content\/uploads\/2022\/09\/7d393f41-126a-4a1e-bf1d-9d04e2ebc621.jpeg","caption":"Miguel Lora-Paquet"},"url":"https:\/\/www.firstlapf1.com\/en\/author\/miguel\/"}]}},"jetpack_featured_media_url":"https:\/\/www.firstlapf1.com\/wp-content\/uploads\/2025\/10\/20251013_143221.jpg","jetpack_sharing_enabled":true,"_links":{"self":[{"href":"https:\/\/www.firstlapf1.com\/en\/wp-json\/wp\/v2\/posts\/16606","targetHints":{"allow":["GET"]}}],"collection":[{"href":"https:\/\/www.firstlapf1.com\/en\/wp-json\/wp\/v2\/posts"}],"about":[{"href":"https:\/\/www.firstlapf1.com\/en\/wp-json\/wp\/v2\/types\/post"}],"author":[{"embeddable":true,"href":"https:\/\/www.firstlapf1.com\/en\/wp-json\/wp\/v2\/users\/2"}],"replies":[{"embeddable":true,"href":"https:\/\/www.firstlapf1.com\/en\/wp-json\/wp\/v2\/comments?post=16606"}],"version-history":[{"count":2,"href":"https:\/\/www.firstlapf1.com\/en\/wp-json\/wp\/v2\/posts\/16606\/revisions"}],"predecessor-version":[{"id":16611,"href":"https:\/\/www.firstlapf1.com\/en\/wp-json\/wp\/v2\/posts\/16606\/revisions\/16611"}],"wp:featuredmedia":[{"embeddable":true,"href":"https:\/\/www.firstlapf1.com\/en\/wp-json\/wp\/v2\/media\/16610"}],"wp:attachment":[{"href":"https:\/\/www.firstlapf1.com\/en\/wp-json\/wp\/v2\/media?parent=16606"}],"wp:term":[{"taxonomy":"category","embeddable":true,"href":"https:\/\/www.firstlapf1.com\/en\/wp-json\/wp\/v2\/categories?post=16606"},{"taxonomy":"post_tag","embeddable":true,"href":"https:\/\/www.firstlapf1.com\/en\/wp-json\/wp\/v2\/tags?post=16606"}],"curies":[{"name":"wp","href":"https:\/\/api.w.org\/{rel}","templated":true}]}}