{"id":16584,"date":"2025-10-15T08:41:31","date_gmt":"2025-10-15T08:41:31","guid":{"rendered":"https:\/\/www.firstlapf1.com\/?p=16584"},"modified":"2025-10-15T08:41:33","modified_gmt":"2025-10-15T08:41:33","slug":"oficial-louis-sharp-se-une-al-trio-de-prema","status":"publish","type":"post","link":"https:\/\/www.firstlapf1.com\/en\/oficial-louis-sharp-se-une-al-trio-de-prema\/","title":{"rendered":"OFICIAL: Louis Sharp se une al tr\u00edo de PREMA"},"content":{"rendered":"<h2 class=\"wp-block-heading\">El piloto neozeland\u00e9s Louis Sharp deja Rodin y se une al equipo PREMA para la F\u00f3rmula 3 2026, en su segunda campa\u00f1a en la categor\u00eda de bronce<\/h2>\n\n\n\n<p>Con la temporada 2025 ya finalizada en Monza, los equipos de F\u00f3rmula 3 comienzan a perfilar sus plantillas de cara al pr\u00f3ximo a\u00f1o. Tras anunciar a Enzo Deligny como su primer integrante y a James Wharton como su segundo miembro, el equipo italiano&nbsp;<a href=\"https:\/\/www.firstlapf1.com\/en\/category\/prema\/\" target=\"_blank\" rel=\"noreferrer noopener\">PREMA<\/a>&nbsp;ha confirmado ahora la incorporaci\u00f3n del neozeland\u00e9s&nbsp;Louis Sharp, que ocupar\u00e1 la tercera plaza de su alineaci\u00f3n para 2026.<\/p>\n\n\n\n<h2 class=\"wp-block-heading has-normal-font-size\">Declaraciones<\/h2>\n\n\n\n<p>Louis Sharp:<\/p>\n\n\n\n<p><strong>\u00bbEstoy muy, muy contento y emocionado por esta temporada. PREMA tiene una gran historia ganando campeonatos y desarrollando pilotos para la F1. Poder decir que soy piloto de PREMA me hace estar orgulloso y viendo trabajar al equipo, puedo ver lo motivados que est\u00e1n y qu\u00e9 quieren de m\u00ed. Tengo ganas de tener una gran temporada con ellos. Estoy muy orgulloso de estar aqu\u00ed.\u00bb <\/strong><\/p>\n\n\n\n<p>Ren\u00e9 Rosin, Director de PREMA F3:<\/p>\n\n\n\n<p><strong>\u00bbCreemos que Louis es un piloto prometedor. Ha conseguido grandes \u00e9xitos muy joven y creemos que puede dar m\u00e1s de s\u00ed. Confiamos en que se integrar\u00e1 bien con el equipo desde el principio y con nuestra forma de trabajar. Tiene el potencial de lograr grandes resultados en su segundo a\u00f1o en la categor\u00eda y queremos explotar ese potencial lo antes posible.\u00bb<\/strong><br><\/p>\n\n\n\n<h2 class=\"wp-block-heading has-normal-font-size\">Trayectoria<\/h2>\n\n\n\n<p>El piloto neozeland\u00e9s&nbsp;comenz\u00f3 su carrera en monoplazas en 2020, debutando en la Formula First&nbsp;de Nueva Zelanda, donde logr\u00f3 una victoria y varios podios. Un a\u00f1o m\u00e1s tarde compiti\u00f3 en la&nbsp;Formula Ford, destacando con m\u00faltiples triunfos antes de ser llamado por Carlin para correr en el&nbsp;Campeonato Brit\u00e1nico de F4.<\/p>\n\n\n\n<p>En&nbsp;2022, ya con Carlin, Sharp complet\u00f3 una gran temporada en la F4 Brit\u00e1nica pese a perderse la primera cita por edad, consiguiendo dos victorias y el cuarto puesto en la general. En&nbsp;2023, con el equipo Rodin Carlin, se proclam\u00f3&nbsp;campe\u00f3n brit\u00e1nico de F4, sumando seis victorias y varios reconocimientos, entre ellos el premio&nbsp;Henry  Surtees Award&nbsp;y el de&nbsp;Piloto Nacional del A\u00f1o&nbsp;por&nbsp;Motorsport News. El salto a la&nbsp;GB3 Championship&nbsp;lleg\u00f3 en&nbsp;2024, nuevamente con Rodin Motorsport. Con siete victorias y m\u00faltiples podios, Sharp conquist\u00f3 el t\u00edtulo en su temporada de debut. Ese mismo a\u00f1o particip\u00f3 en los tests postemporada de&nbsp;FIA F\u00f3rmula 3&nbsp;con Rodin Carlin, con quienes compiti\u00f3 durante 2025.<\/p>\n\n\n\n<p>Tras su s\u00f3lida temporada en la categor\u00eda,&nbsp;Louis Sharp se une ahora a PREMA como segundo piloto confirmado para la F\u00f3rmula 3 2026, formando parte del tr\u00edo junto a Enzo Deligny y a James Wharton.<\/p>\n\n\n\n<p>Con este fichaje, quedan 5 asientos en la <a href=\"https:\/\/www.fiaformula3.com\/\" target=\"_blank\" rel=\"noreferrer noopener\">parrilla de F3 2026<\/a>.<\/p>\n\n\n\n<figure class=\"wp-block-image size-large\"><img loading=\"lazy\" decoding=\"async\" width=\"1024\" height=\"646\" src=\"https:\/\/www.firstlapf1.com\/wp-content\/uploads\/2025\/10\/1000062036-1024x646.jpg\" alt=\"\" class=\"wp-image-16623\" srcset=\"https:\/\/www.firstlapf1.com\/wp-content\/uploads\/2025\/10\/1000062036-1024x646.jpg 1024w, https:\/\/www.firstlapf1.com\/wp-content\/uploads\/2025\/10\/1000062036-300x189.jpg 300w, https:\/\/www.firstlapf1.com\/wp-content\/uploads\/2025\/10\/1000062036-768x485.jpg 768w, https:\/\/www.firstlapf1.com\/wp-content\/uploads\/2025\/10\/1000062036-1536x969.jpg 1536w, https:\/\/www.firstlapf1.com\/wp-content\/uploads\/2025\/10\/1000062036-18x12.jpg 18w, https:\/\/www.firstlapf1.com\/wp-content\/uploads\/2025\/10\/1000062036.jpg 2048w\" sizes=\"auto, (max-width: 1024px) 100vw, 1024px\" \/><figcaption class=\"wp-element-caption\">Fuente: PREMA en X (fuente portada: F3 en X)<\/figcaption><\/figure>","protected":false},"excerpt":{"rendered":"<p>El piloto neozeland\u00e9s Louis Sharp deja Rodin y se une al equipo PREMA para la F\u00f3rmula 3 2026, en su segunda campa\u00f1a en la categor\u00eda de bronce &hellip; <span class=\"more-button\"><a href=\"https:\/\/www.firstlapf1.com\/en\/oficial-louis-sharp-se-une-al-trio-de-prema\/\" class=\"more-link\">Continue reading<span class=\"screen-reader-text\">OFICIAL: Louis Sharp se une al tr\u00edo de PREMA<\/span><\/a><\/span><\/p>","protected":false},"author":82,"featured_media":16624,"comment_status":"closed","ping_status":"open","sticky":false,"template":"","format":"standard","meta":{"_jetpack_memberships_contains_paid_content":false,"footnotes":""},"categories":[69,70,79],"tags":[],"class_list":["post-16584","post","type-post","status-publish","format-standard","has-post-thumbnail","hentry","category-f3","category-prema","category-rodin-motorsport-f3"],"yoast_head":"<!-- This site is optimized with the Yoast SEO plugin v27.0 - https:\/\/yoast.com\/product\/yoast-seo-wordpress\/ -->\n<title>OFICIAL: Louis Sharp se une al tr\u00edo de PREMA - Noticias F1 en espa\u00f1ol<\/title>\n<meta name=\"description\" content=\"El piloto neozeland\u00e9s Louis Sharp deja Rodin y se une al equipo PREMA para la F\u00f3rmula 3 2026, en su segunda campa\u00f1a en la categor\u00eda de bronce\" \/>\n<meta name=\"robots\" content=\"index, follow, max-snippet:-1, max-image-preview:large, max-video-preview:-1\" \/>\n<link rel=\"canonical\" href=\"https:\/\/www.firstlapf1.com\/en\/oficial-louis-sharp-se-une-al-trio-de-prema\/\" \/>\n<meta property=\"og:locale\" content=\"en_GB\" \/>\n<meta property=\"og:type\" content=\"article\" \/>\n<meta property=\"og:title\" content=\"OFICIAL: Louis Sharp se une al tr\u00edo de PREMA - Noticias F1 en espa\u00f1ol\" \/>\n<meta property=\"og:description\" content=\"El piloto neozeland\u00e9s Louis Sharp deja Rodin y se une al equipo PREMA para la F\u00f3rmula 3 2026, en su segunda campa\u00f1a en la categor\u00eda de bronce\" \/>\n<meta property=\"og:url\" content=\"https:\/\/www.firstlapf1.com\/en\/oficial-louis-sharp-se-une-al-trio-de-prema\/\" \/>\n<meta property=\"og:site_name\" content=\"Noticias F1 en espa\u00f1ol\" \/>\n<meta property=\"article:published_time\" content=\"2025-10-15T08:41:31+00:00\" \/>\n<meta property=\"article:modified_time\" content=\"2025-10-15T08:41:33+00:00\" \/>\n<meta property=\"og:image\" content=\"https:\/\/www.firstlapf1.com\/wp-content\/uploads\/2025\/10\/20251015_102107.jpg\" \/>\n\t<meta property=\"og:image:width\" content=\"1080\" \/>\n\t<meta property=\"og:image:height\" content=\"1350\" \/>\n\t<meta property=\"og:image:type\" content=\"image\/jpeg\" \/>\n<meta name=\"author\" content=\"J\u00falia R\u00faa\" \/>\n<meta name=\"twitter:card\" content=\"summary_large_image\" \/>\n<meta name=\"twitter:label1\" content=\"Written by\" \/>\n\t<meta name=\"twitter:data1\" content=\"J\u00falia R\u00faa\" \/>\n\t<meta name=\"twitter:label2\" content=\"Estimated reading time\" \/>\n\t<meta name=\"twitter:data2\" content=\"3 minutes\" \/>\n<script type=\"application\/ld+json\" class=\"yoast-schema-graph\">{\"@context\":\"https:\/\/schema.org\",\"@graph\":[{\"@type\":\"Article\",\"@id\":\"https:\/\/www.firstlapf1.com\/oficial-louis-sharp-se-une-al-trio-de-prema\/#article\",\"isPartOf\":{\"@id\":\"https:\/\/www.firstlapf1.com\/oficial-louis-sharp-se-une-al-trio-de-prema\/\"},\"author\":{\"name\":\"J\u00falia R\u00faa\",\"@id\":\"https:\/\/www.firstlapf1.com\/#\/schema\/person\/da143077d155ab802aab8e91ec4f262d\"},\"headline\":\"OFICIAL: Louis Sharp se une al tr\u00edo de PREMA\",\"datePublished\":\"2025-10-15T08:41:31+00:00\",\"dateModified\":\"2025-10-15T08:41:33+00:00\",\"mainEntityOfPage\":{\"@id\":\"https:\/\/www.firstlapf1.com\/oficial-louis-sharp-se-une-al-trio-de-prema\/\"},\"wordCount\":498,\"image\":{\"@id\":\"https:\/\/www.firstlapf1.com\/oficial-louis-sharp-se-une-al-trio-de-prema\/#primaryimage\"},\"thumbnailUrl\":\"https:\/\/www.firstlapf1.com\/wp-content\/uploads\/2025\/10\/20251015_102107.jpg\",\"articleSection\":[\"F3\",\"PREMA Racing (F3)\",\"Rodin Motorsport (F3)\"],\"inLanguage\":\"en-GB\"},{\"@type\":\"WebPage\",\"@id\":\"https:\/\/www.firstlapf1.com\/oficial-louis-sharp-se-une-al-trio-de-prema\/\",\"url\":\"https:\/\/www.firstlapf1.com\/oficial-louis-sharp-se-une-al-trio-de-prema\/\",\"name\":\"OFICIAL: Louis Sharp se une al tr\u00edo de PREMA - Noticias F1 en espa\u00f1ol\",\"isPartOf\":{\"@id\":\"https:\/\/www.firstlapf1.com\/#website\"},\"primaryImageOfPage\":{\"@id\":\"https:\/\/www.firstlapf1.com\/oficial-louis-sharp-se-une-al-trio-de-prema\/#primaryimage\"},\"image\":{\"@id\":\"https:\/\/www.firstlapf1.com\/oficial-louis-sharp-se-une-al-trio-de-prema\/#primaryimage\"},\"thumbnailUrl\":\"https:\/\/www.firstlapf1.com\/wp-content\/uploads\/2025\/10\/20251015_102107.jpg\",\"datePublished\":\"2025-10-15T08:41:31+00:00\",\"dateModified\":\"2025-10-15T08:41:33+00:00\",\"author\":{\"@id\":\"https:\/\/www.firstlapf1.com\/#\/schema\/person\/da143077d155ab802aab8e91ec4f262d\"},\"description\":\"El piloto neozeland\u00e9s Louis Sharp deja Rodin y se une al equipo PREMA para la F\u00f3rmula 3 2026, en su segunda campa\u00f1a en la categor\u00eda de bronce\",\"inLanguage\":\"en-GB\",\"potentialAction\":[{\"@type\":\"ReadAction\",\"target\":[\"https:\/\/www.firstlapf1.com\/oficial-louis-sharp-se-une-al-trio-de-prema\/\"]}]},{\"@type\":\"ImageObject\",\"inLanguage\":\"en-GB\",\"@id\":\"https:\/\/www.firstlapf1.com\/oficial-louis-sharp-se-une-al-trio-de-prema\/#primaryimage\",\"url\":\"https:\/\/www.firstlapf1.com\/wp-content\/uploads\/2025\/10\/20251015_102107.jpg\",\"contentUrl\":\"https:\/\/www.firstlapf1.com\/wp-content\/uploads\/2025\/10\/20251015_102107.jpg\",\"width\":1080,\"height\":1350},{\"@type\":\"WebSite\",\"@id\":\"https:\/\/www.firstlapf1.com\/#website\",\"url\":\"https:\/\/www.firstlapf1.com\/\",\"name\":\"Noticias F1 en espa\u00f1ol\",\"description\":\"Noticias F1 en espa\u00f1ol\",\"potentialAction\":[{\"@type\":\"SearchAction\",\"target\":{\"@type\":\"EntryPoint\",\"urlTemplate\":\"https:\/\/www.firstlapf1.com\/?s={search_term_string}\"},\"query-input\":{\"@type\":\"PropertyValueSpecification\",\"valueRequired\":true,\"valueName\":\"search_term_string\"}}],\"inLanguage\":\"en-GB\"},{\"@type\":\"Person\",\"@id\":\"https:\/\/www.firstlapf1.com\/#\/schema\/person\/da143077d155ab802aab8e91ec4f262d\",\"name\":\"J\u00falia R\u00faa\",\"image\":{\"@type\":\"ImageObject\",\"inLanguage\":\"en-GB\",\"@id\":\"https:\/\/www.firstlapf1.com\/#\/schema\/person\/image\/\",\"url\":\"https:\/\/secure.gravatar.com\/avatar\/ab3a50372b1e933b49a7f04070004263f5f840eba4f258016b63c33a36536a8b?s=96&d=mm&r=g\",\"contentUrl\":\"https:\/\/secure.gravatar.com\/avatar\/ab3a50372b1e933b49a7f04070004263f5f840eba4f258016b63c33a36536a8b?s=96&d=mm&r=g\",\"caption\":\"J\u00falia R\u00faa\"},\"sameAs\":[\"http:\/\/www.firstlapf1.com\/\"],\"url\":\"https:\/\/www.firstlapf1.com\/en\/author\/julrua\/\"}]}<\/script>\n<!-- \/ Yoast SEO plugin. -->","yoast_head_json":{"title":"OFICIAL: Louis Sharp se une al tr\u00edo de PREMA - Noticias F1 en espa\u00f1ol","description":"El piloto neozeland\u00e9s Louis Sharp deja Rodin y se une al equipo PREMA para la F\u00f3rmula 3 2026, en su segunda campa\u00f1a en la categor\u00eda de bronce","robots":{"index":"index","follow":"follow","max-snippet":"max-snippet:-1","max-image-preview":"max-image-preview:large","max-video-preview":"max-video-preview:-1"},"canonical":"https:\/\/www.firstlapf1.com\/en\/oficial-louis-sharp-se-une-al-trio-de-prema\/","og_locale":"en_GB","og_type":"article","og_title":"OFICIAL: Louis Sharp se une al tr\u00edo de PREMA - Noticias F1 en espa\u00f1ol","og_description":"El piloto neozeland\u00e9s Louis Sharp deja Rodin y se une al equipo PREMA para la F\u00f3rmula 3 2026, en su segunda campa\u00f1a en la categor\u00eda de bronce","og_url":"https:\/\/www.firstlapf1.com\/en\/oficial-louis-sharp-se-une-al-trio-de-prema\/","og_site_name":"Noticias F1 en espa\u00f1ol","article_published_time":"2025-10-15T08:41:31+00:00","article_modified_time":"2025-10-15T08:41:33+00:00","og_image":[{"width":1080,"height":1350,"url":"https:\/\/www.firstlapf1.com\/wp-content\/uploads\/2025\/10\/20251015_102107.jpg","type":"image\/jpeg"}],"author":"J\u00falia R\u00faa","twitter_card":"summary_large_image","twitter_misc":{"Written by":"J\u00falia R\u00faa","Estimated reading time":"3 minutes"},"schema":{"@context":"https:\/\/schema.org","@graph":[{"@type":"Article","@id":"https:\/\/www.firstlapf1.com\/oficial-louis-sharp-se-une-al-trio-de-prema\/#article","isPartOf":{"@id":"https:\/\/www.firstlapf1.com\/oficial-louis-sharp-se-une-al-trio-de-prema\/"},"author":{"name":"J\u00falia R\u00faa","@id":"https:\/\/www.firstlapf1.com\/#\/schema\/person\/da143077d155ab802aab8e91ec4f262d"},"headline":"OFICIAL: Louis Sharp se une al tr\u00edo de PREMA","datePublished":"2025-10-15T08:41:31+00:00","dateModified":"2025-10-15T08:41:33+00:00","mainEntityOfPage":{"@id":"https:\/\/www.firstlapf1.com\/oficial-louis-sharp-se-une-al-trio-de-prema\/"},"wordCount":498,"image":{"@id":"https:\/\/www.firstlapf1.com\/oficial-louis-sharp-se-une-al-trio-de-prema\/#primaryimage"},"thumbnailUrl":"https:\/\/www.firstlapf1.com\/wp-content\/uploads\/2025\/10\/20251015_102107.jpg","articleSection":["F3","PREMA Racing (F3)","Rodin Motorsport (F3)"],"inLanguage":"en-GB"},{"@type":"WebPage","@id":"https:\/\/www.firstlapf1.com\/oficial-louis-sharp-se-une-al-trio-de-prema\/","url":"https:\/\/www.firstlapf1.com\/oficial-louis-sharp-se-une-al-trio-de-prema\/","name":"OFICIAL: Louis Sharp se une al tr\u00edo de PREMA - Noticias F1 en espa\u00f1ol","isPartOf":{"@id":"https:\/\/www.firstlapf1.com\/#website"},"primaryImageOfPage":{"@id":"https:\/\/www.firstlapf1.com\/oficial-louis-sharp-se-une-al-trio-de-prema\/#primaryimage"},"image":{"@id":"https:\/\/www.firstlapf1.com\/oficial-louis-sharp-se-une-al-trio-de-prema\/#primaryimage"},"thumbnailUrl":"https:\/\/www.firstlapf1.com\/wp-content\/uploads\/2025\/10\/20251015_102107.jpg","datePublished":"2025-10-15T08:41:31+00:00","dateModified":"2025-10-15T08:41:33+00:00","author":{"@id":"https:\/\/www.firstlapf1.com\/#\/schema\/person\/da143077d155ab802aab8e91ec4f262d"},"description":"El piloto neozeland\u00e9s Louis Sharp deja Rodin y se une al equipo PREMA para la F\u00f3rmula 3 2026, en su segunda campa\u00f1a en la categor\u00eda de bronce","inLanguage":"en-GB","potentialAction":[{"@type":"ReadAction","target":["https:\/\/www.firstlapf1.com\/oficial-louis-sharp-se-une-al-trio-de-prema\/"]}]},{"@type":"ImageObject","inLanguage":"en-GB","@id":"https:\/\/www.firstlapf1.com\/oficial-louis-sharp-se-une-al-trio-de-prema\/#primaryimage","url":"https:\/\/www.firstlapf1.com\/wp-content\/uploads\/2025\/10\/20251015_102107.jpg","contentUrl":"https:\/\/www.firstlapf1.com\/wp-content\/uploads\/2025\/10\/20251015_102107.jpg","width":1080,"height":1350},{"@type":"WebSite","@id":"https:\/\/www.firstlapf1.com\/#website","url":"https:\/\/www.firstlapf1.com\/","name":"Noticias F1 en espa\u00f1ol","description":"Noticias F1 en espa\u00f1ol","potentialAction":[{"@type":"SearchAction","target":{"@type":"EntryPoint","urlTemplate":"https:\/\/www.firstlapf1.com\/?s={search_term_string}"},"query-input":{"@type":"PropertyValueSpecification","valueRequired":true,"valueName":"search_term_string"}}],"inLanguage":"en-GB"},{"@type":"Person","@id":"https:\/\/www.firstlapf1.com\/#\/schema\/person\/da143077d155ab802aab8e91ec4f262d","name":"J\u00falia R\u00faa","image":{"@type":"ImageObject","inLanguage":"en-GB","@id":"https:\/\/www.firstlapf1.com\/#\/schema\/person\/image\/","url":"https:\/\/secure.gravatar.com\/avatar\/ab3a50372b1e933b49a7f04070004263f5f840eba4f258016b63c33a36536a8b?s=96&d=mm&r=g","contentUrl":"https:\/\/secure.gravatar.com\/avatar\/ab3a50372b1e933b49a7f04070004263f5f840eba4f258016b63c33a36536a8b?s=96&d=mm&r=g","caption":"J\u00falia R\u00faa"},"sameAs":["http:\/\/www.firstlapf1.com\/"],"url":"https:\/\/www.firstlapf1.com\/en\/author\/julrua\/"}]}},"jetpack_featured_media_url":"https:\/\/www.firstlapf1.com\/wp-content\/uploads\/2025\/10\/20251015_102107.jpg","jetpack_sharing_enabled":true,"_links":{"self":[{"href":"https:\/\/www.firstlapf1.com\/en\/wp-json\/wp\/v2\/posts\/16584","targetHints":{"allow":["GET"]}}],"collection":[{"href":"https:\/\/www.firstlapf1.com\/en\/wp-json\/wp\/v2\/posts"}],"about":[{"href":"https:\/\/www.firstlapf1.com\/en\/wp-json\/wp\/v2\/types\/post"}],"author":[{"embeddable":true,"href":"https:\/\/www.firstlapf1.com\/en\/wp-json\/wp\/v2\/users\/82"}],"replies":[{"embeddable":true,"href":"https:\/\/www.firstlapf1.com\/en\/wp-json\/wp\/v2\/comments?post=16584"}],"version-history":[{"count":6,"href":"https:\/\/www.firstlapf1.com\/en\/wp-json\/wp\/v2\/posts\/16584\/revisions"}],"predecessor-version":[{"id":16626,"href":"https:\/\/www.firstlapf1.com\/en\/wp-json\/wp\/v2\/posts\/16584\/revisions\/16626"}],"wp:featuredmedia":[{"embeddable":true,"href":"https:\/\/www.firstlapf1.com\/en\/wp-json\/wp\/v2\/media\/16624"}],"wp:attachment":[{"href":"https:\/\/www.firstlapf1.com\/en\/wp-json\/wp\/v2\/media?parent=16584"}],"wp:term":[{"taxonomy":"category","embeddable":true,"href":"https:\/\/www.firstlapf1.com\/en\/wp-json\/wp\/v2\/categories?post=16584"},{"taxonomy":"post_tag","embeddable":true,"href":"https:\/\/www.firstlapf1.com\/en\/wp-json\/wp\/v2\/tags?post=16584"}],"curies":[{"name":"wp","href":"https:\/\/api.w.org\/{rel}","templated":true}]}}