{"id":16568,"date":"2025-10-06T09:05:50","date_gmt":"2025-10-06T09:05:50","guid":{"rendered":"https:\/\/www.firstlapf1.com\/?p=16568"},"modified":"2025-10-07T05:35:08","modified_gmt":"2025-10-07T05:35:08","slug":"oficial-fionn-mclaughlin-completa-el-trio-de-hitech-2026","status":"publish","type":"post","link":"https:\/\/www.firstlapf1.com\/en\/oficial-fionn-mclaughlin-completa-el-trio-de-hitech-2026\/","title":{"rendered":"OFICIAL: Fionn McLaughlin completa el tr\u00edo de Hitech 2026"},"content":{"rendered":"<h2 class=\"wp-block-heading\">El piloto irland\u00e9s Fionn McLaughlin es el \u00faltimo piloto confirmado para la alineaci\u00f3n de Hitech en la F3 2026<\/h2>\n\n\n\n<p>A faltas de escasas horas para que den comienzo los tests postemporada en Jerez, los equipos ultiman detalles y apuntalan sus hombres para llevar al equipo al objetivo que hayan marcado. En esa tesitura se encuentra <a href=\"https:\/\/www.firstlapf1.com\/en\/category\/hitech-2\/\" target=\"_blank\" rel=\"noreferrer noopener\">Hitech<\/a> que, tras anunciar a Jin Nakamura y Michael Shin, se aventuran con Fionn McLaughlin para la pr\u00f3xima temporada.<\/p>\n\n\n\n<h2 class=\"wp-block-heading has-normal-font-size\">Declaraciones<\/h2>\n\n\n\n<p>Fionn McLaughlin:<\/p>\n\n\n\n<p><strong>\u00bbEstoy muy orgulloso de lo que he conseguido este a\u00f1o. Pasar del karting a monoplazas ha sido un viaje complicado, y llegar a la F3 es un sue\u00f1o hecho realidad. Quiero agradecer a todos los que me han apoyado, especialmente a Hitech y al Red Bull Junior Team por creer en mi potencial.\u00bb<\/strong><\/p>\n\n\n\n<p>Paul Bellringer, Director de Hitech F3:<\/p>\n\n\n\n<p><strong>\u00bbEn Hitech hemos seguido de cerca el progreso de Fionn en la Formula Winter Series y en la F4 Brit\u00e1nica, y nos ha impresionado su constancia, madurez y habilidad en las carreras. Su r\u00e1pido desarrollo y capacidad, el adaptarse a nuevos retos o pistas nuevas de F1 como Silverstone o Zandvoort le ser\u00e1 muy \u00fatil de cara la F3. Confiamos que Fionn est\u00e9 listo para este paso y seguiremos apoy\u00e1ndole en su camino a la cima.\u00bb <\/strong><\/p>\n\n\n\n<h2 class=\"wp-block-heading has-normal-font-size\">Trayectoria<\/h2>\n\n\n\n<p>Como bien ha mencionado el propio McLaughlin, 2025 ha sido el a\u00f1o de transici\u00f3n a los monoplazas. De hecho, a estas alturas estaba corriendo en karting. Su ascenso a los f\u00f3rmulas ha sido todo un \u00e9xito. Debut\u00f3 en la FWS, consiguiendo 3 victorias, 6 podios y una vuelta r\u00e1pida, lo que le hizo quedar 3\u00ba en la clasificaci\u00f3n general. El mayor logro hasta ahora ha sido la F4 Brit\u00e1nica que ha sellado este fin de semana pasado. 5 victorias, 14 podios, 8 vueltas r\u00e1pidas y 3 poles le han bastado para llevarse a casa el t\u00edtulo.<\/p>\n\n\n\n<p>Con este movimiento, quedan 10 asientos en la parrilla de <a href=\"https:\/\/www.fiaformula3.com\/\" target=\"_blank\" rel=\"noreferrer noopener\">F3 2026<\/a>.<\/p>\n\n\n\n<figure class=\"wp-block-image size-large\"><img loading=\"lazy\" decoding=\"async\" width=\"779\" height=\"1024\" src=\"https:\/\/www.firstlapf1.com\/wp-content\/uploads\/2025\/10\/1000060390-779x1024.jpg\" alt=\"\" class=\"wp-image-16573\" srcset=\"https:\/\/www.firstlapf1.com\/wp-content\/uploads\/2025\/10\/1000060390-779x1024.jpg 779w, https:\/\/www.firstlapf1.com\/wp-content\/uploads\/2025\/10\/1000060390-228x300.jpg 228w, https:\/\/www.firstlapf1.com\/wp-content\/uploads\/2025\/10\/1000060390-768x1010.jpg 768w, https:\/\/www.firstlapf1.com\/wp-content\/uploads\/2025\/10\/1000060390-1168x1536.jpg 1168w, https:\/\/www.firstlapf1.com\/wp-content\/uploads\/2025\/10\/1000060390-9x12.jpg 9w, https:\/\/www.firstlapf1.com\/wp-content\/uploads\/2025\/10\/1000060390.jpg 1220w\" sizes=\"auto, (max-width: 779px) 100vw, 779px\" \/><figcaption class=\"wp-element-caption\">Fuente: Hitech GP en Instagram (fuente portada: F3 en X)<\/figcaption><\/figure>","protected":false},"excerpt":{"rendered":"<p>El piloto irland\u00e9s Fionn McLaughlin es el \u00faltimo piloto confirmado para la alineaci\u00f3n de Hitech en la F3 2026 &hellip; <span class=\"more-button\"><a href=\"https:\/\/www.firstlapf1.com\/en\/oficial-fionn-mclaughlin-completa-el-trio-de-hitech-2026\/\" class=\"more-link\">Continue reading<span class=\"screen-reader-text\">OFICIAL: Fionn McLaughlin completa el tr\u00edo de Hitech 2026<\/span><\/a><\/span><\/p>","protected":false},"author":2,"featured_media":16574,"comment_status":"closed","ping_status":"open","sticky":false,"template":"","format":"standard","meta":{"_jetpack_memberships_contains_paid_content":false,"footnotes":""},"categories":[69,74,37],"tags":[],"class_list":["post-16568","post","type-post","status-publish","format-standard","has-post-thumbnail","hentry","category-f3","category-hitech-2","category-red-bull"],"yoast_head":"<!-- This site is optimized with the Yoast SEO plugin v27.0 - https:\/\/yoast.com\/product\/yoast-seo-wordpress\/ -->\n<title>OFICIAL: Fionn McLaughlin completa el tr\u00edo de Hitech 2026 - Noticias F1 en espa\u00f1ol<\/title>\n<meta name=\"description\" content=\"El piloto irland\u00e9s Fionn McLaughlin es el \u00faltimo piloto confirmado para la alineaci\u00f3n de Hitech en la F3 2026\" \/>\n<meta name=\"robots\" content=\"index, follow, max-snippet:-1, max-image-preview:large, max-video-preview:-1\" \/>\n<link rel=\"canonical\" href=\"https:\/\/www.firstlapf1.com\/en\/oficial-fionn-mclaughlin-completa-el-trio-de-hitech-2026\/\" \/>\n<meta property=\"og:locale\" content=\"en_GB\" \/>\n<meta property=\"og:type\" content=\"article\" \/>\n<meta property=\"og:title\" content=\"OFICIAL: Fionn McLaughlin completa el tr\u00edo de Hitech 2026 - Noticias F1 en espa\u00f1ol\" \/>\n<meta property=\"og:description\" content=\"El piloto irland\u00e9s Fionn McLaughlin es el \u00faltimo piloto confirmado para la alineaci\u00f3n de Hitech en la F3 2026\" \/>\n<meta property=\"og:url\" content=\"https:\/\/www.firstlapf1.com\/en\/oficial-fionn-mclaughlin-completa-el-trio-de-hitech-2026\/\" \/>\n<meta property=\"og:site_name\" content=\"Noticias F1 en espa\u00f1ol\" \/>\n<meta property=\"article:published_time\" content=\"2025-10-06T09:05:50+00:00\" \/>\n<meta property=\"article:modified_time\" content=\"2025-10-07T05:35:08+00:00\" \/>\n<meta property=\"og:image\" content=\"https:\/\/www.firstlapf1.com\/wp-content\/uploads\/2025\/10\/20251006_102354.jpg\" \/>\n\t<meta property=\"og:image:width\" content=\"1080\" \/>\n\t<meta property=\"og:image:height\" content=\"1350\" \/>\n\t<meta property=\"og:image:type\" content=\"image\/jpeg\" \/>\n<meta name=\"author\" content=\"Miguel Lora-Paquet\" \/>\n<meta name=\"twitter:card\" content=\"summary_large_image\" \/>\n<meta name=\"twitter:label1\" content=\"Written by\" \/>\n\t<meta name=\"twitter:data1\" content=\"Miguel Lora-Paquet\" \/>\n\t<meta name=\"twitter:label2\" content=\"Estimated reading time\" \/>\n\t<meta name=\"twitter:data2\" content=\"2 minutes\" \/>\n<script type=\"application\/ld+json\" class=\"yoast-schema-graph\">{\"@context\":\"https:\/\/schema.org\",\"@graph\":[{\"@type\":\"Article\",\"@id\":\"https:\/\/www.firstlapf1.com\/oficial-fionn-mclaughlin-completa-el-trio-de-hitech-2026\/#article\",\"isPartOf\":{\"@id\":\"https:\/\/www.firstlapf1.com\/oficial-fionn-mclaughlin-completa-el-trio-de-hitech-2026\/\"},\"author\":{\"name\":\"Miguel Lora-Paquet\",\"@id\":\"https:\/\/www.firstlapf1.com\/#\/schema\/person\/9eca09873eecb6d7836bc1a0bbd78250\"},\"headline\":\"OFICIAL: Fionn McLaughlin completa el tr\u00edo de Hitech 2026\",\"datePublished\":\"2025-10-06T09:05:50+00:00\",\"dateModified\":\"2025-10-07T05:35:08+00:00\",\"mainEntityOfPage\":{\"@id\":\"https:\/\/www.firstlapf1.com\/oficial-fionn-mclaughlin-completa-el-trio-de-hitech-2026\/\"},\"wordCount\":347,\"image\":{\"@id\":\"https:\/\/www.firstlapf1.com\/oficial-fionn-mclaughlin-completa-el-trio-de-hitech-2026\/#primaryimage\"},\"thumbnailUrl\":\"https:\/\/www.firstlapf1.com\/wp-content\/uploads\/2025\/10\/20251006_102354.jpg\",\"articleSection\":[\"F3\",\"Hitech TGR (F3)\",\"Oracle Red Bull Racing\"],\"inLanguage\":\"en-GB\"},{\"@type\":\"WebPage\",\"@id\":\"https:\/\/www.firstlapf1.com\/oficial-fionn-mclaughlin-completa-el-trio-de-hitech-2026\/\",\"url\":\"https:\/\/www.firstlapf1.com\/oficial-fionn-mclaughlin-completa-el-trio-de-hitech-2026\/\",\"name\":\"OFICIAL: Fionn McLaughlin completa el tr\u00edo de Hitech 2026 - Noticias F1 en espa\u00f1ol\",\"isPartOf\":{\"@id\":\"https:\/\/www.firstlapf1.com\/#website\"},\"primaryImageOfPage\":{\"@id\":\"https:\/\/www.firstlapf1.com\/oficial-fionn-mclaughlin-completa-el-trio-de-hitech-2026\/#primaryimage\"},\"image\":{\"@id\":\"https:\/\/www.firstlapf1.com\/oficial-fionn-mclaughlin-completa-el-trio-de-hitech-2026\/#primaryimage\"},\"thumbnailUrl\":\"https:\/\/www.firstlapf1.com\/wp-content\/uploads\/2025\/10\/20251006_102354.jpg\",\"datePublished\":\"2025-10-06T09:05:50+00:00\",\"dateModified\":\"2025-10-07T05:35:08+00:00\",\"author\":{\"@id\":\"https:\/\/www.firstlapf1.com\/#\/schema\/person\/9eca09873eecb6d7836bc1a0bbd78250\"},\"description\":\"El piloto irland\u00e9s Fionn McLaughlin es el \u00faltimo piloto confirmado para la alineaci\u00f3n de Hitech en la F3 2026\",\"inLanguage\":\"en-GB\",\"potentialAction\":[{\"@type\":\"ReadAction\",\"target\":[\"https:\/\/www.firstlapf1.com\/oficial-fionn-mclaughlin-completa-el-trio-de-hitech-2026\/\"]}]},{\"@type\":\"ImageObject\",\"inLanguage\":\"en-GB\",\"@id\":\"https:\/\/www.firstlapf1.com\/oficial-fionn-mclaughlin-completa-el-trio-de-hitech-2026\/#primaryimage\",\"url\":\"https:\/\/www.firstlapf1.com\/wp-content\/uploads\/2025\/10\/20251006_102354.jpg\",\"contentUrl\":\"https:\/\/www.firstlapf1.com\/wp-content\/uploads\/2025\/10\/20251006_102354.jpg\",\"width\":1080,\"height\":1350},{\"@type\":\"WebSite\",\"@id\":\"https:\/\/www.firstlapf1.com\/#website\",\"url\":\"https:\/\/www.firstlapf1.com\/\",\"name\":\"Noticias F1 en espa\u00f1ol\",\"description\":\"Noticias F1 en espa\u00f1ol\",\"potentialAction\":[{\"@type\":\"SearchAction\",\"target\":{\"@type\":\"EntryPoint\",\"urlTemplate\":\"https:\/\/www.firstlapf1.com\/?s={search_term_string}\"},\"query-input\":{\"@type\":\"PropertyValueSpecification\",\"valueRequired\":true,\"valueName\":\"search_term_string\"}}],\"inLanguage\":\"en-GB\"},{\"@type\":\"Person\",\"@id\":\"https:\/\/www.firstlapf1.com\/#\/schema\/person\/9eca09873eecb6d7836bc1a0bbd78250\",\"name\":\"Miguel Lora-Paquet\",\"image\":{\"@type\":\"ImageObject\",\"inLanguage\":\"en-GB\",\"@id\":\"https:\/\/www.firstlapf1.com\/#\/schema\/person\/image\/\",\"url\":\"https:\/\/www.firstlapf1.com\/wp-content\/uploads\/2022\/09\/7d393f41-126a-4a1e-bf1d-9d04e2ebc621.jpeg\",\"contentUrl\":\"https:\/\/www.firstlapf1.com\/wp-content\/uploads\/2022\/09\/7d393f41-126a-4a1e-bf1d-9d04e2ebc621.jpeg\",\"caption\":\"Miguel Lora-Paquet\"},\"url\":\"https:\/\/www.firstlapf1.com\/en\/author\/miguel\/\"}]}<\/script>\n<!-- \/ Yoast SEO plugin. -->","yoast_head_json":{"title":"OFICIAL: Fionn McLaughlin completa el tr\u00edo de Hitech 2026 - Noticias F1 en espa\u00f1ol","description":"El piloto irland\u00e9s Fionn McLaughlin es el \u00faltimo piloto confirmado para la alineaci\u00f3n de Hitech en la F3 2026","robots":{"index":"index","follow":"follow","max-snippet":"max-snippet:-1","max-image-preview":"max-image-preview:large","max-video-preview":"max-video-preview:-1"},"canonical":"https:\/\/www.firstlapf1.com\/en\/oficial-fionn-mclaughlin-completa-el-trio-de-hitech-2026\/","og_locale":"en_GB","og_type":"article","og_title":"OFICIAL: Fionn McLaughlin completa el tr\u00edo de Hitech 2026 - Noticias F1 en espa\u00f1ol","og_description":"El piloto irland\u00e9s Fionn McLaughlin es el \u00faltimo piloto confirmado para la alineaci\u00f3n de Hitech en la F3 2026","og_url":"https:\/\/www.firstlapf1.com\/en\/oficial-fionn-mclaughlin-completa-el-trio-de-hitech-2026\/","og_site_name":"Noticias F1 en espa\u00f1ol","article_published_time":"2025-10-06T09:05:50+00:00","article_modified_time":"2025-10-07T05:35:08+00:00","og_image":[{"width":1080,"height":1350,"url":"https:\/\/www.firstlapf1.com\/wp-content\/uploads\/2025\/10\/20251006_102354.jpg","type":"image\/jpeg"}],"author":"Miguel Lora-Paquet","twitter_card":"summary_large_image","twitter_misc":{"Written by":"Miguel Lora-Paquet","Estimated reading time":"2 minutes"},"schema":{"@context":"https:\/\/schema.org","@graph":[{"@type":"Article","@id":"https:\/\/www.firstlapf1.com\/oficial-fionn-mclaughlin-completa-el-trio-de-hitech-2026\/#article","isPartOf":{"@id":"https:\/\/www.firstlapf1.com\/oficial-fionn-mclaughlin-completa-el-trio-de-hitech-2026\/"},"author":{"name":"Miguel Lora-Paquet","@id":"https:\/\/www.firstlapf1.com\/#\/schema\/person\/9eca09873eecb6d7836bc1a0bbd78250"},"headline":"OFICIAL: Fionn McLaughlin completa el tr\u00edo de Hitech 2026","datePublished":"2025-10-06T09:05:50+00:00","dateModified":"2025-10-07T05:35:08+00:00","mainEntityOfPage":{"@id":"https:\/\/www.firstlapf1.com\/oficial-fionn-mclaughlin-completa-el-trio-de-hitech-2026\/"},"wordCount":347,"image":{"@id":"https:\/\/www.firstlapf1.com\/oficial-fionn-mclaughlin-completa-el-trio-de-hitech-2026\/#primaryimage"},"thumbnailUrl":"https:\/\/www.firstlapf1.com\/wp-content\/uploads\/2025\/10\/20251006_102354.jpg","articleSection":["F3","Hitech TGR (F3)","Oracle Red Bull Racing"],"inLanguage":"en-GB"},{"@type":"WebPage","@id":"https:\/\/www.firstlapf1.com\/oficial-fionn-mclaughlin-completa-el-trio-de-hitech-2026\/","url":"https:\/\/www.firstlapf1.com\/oficial-fionn-mclaughlin-completa-el-trio-de-hitech-2026\/","name":"OFICIAL: Fionn McLaughlin completa el tr\u00edo de Hitech 2026 - Noticias F1 en espa\u00f1ol","isPartOf":{"@id":"https:\/\/www.firstlapf1.com\/#website"},"primaryImageOfPage":{"@id":"https:\/\/www.firstlapf1.com\/oficial-fionn-mclaughlin-completa-el-trio-de-hitech-2026\/#primaryimage"},"image":{"@id":"https:\/\/www.firstlapf1.com\/oficial-fionn-mclaughlin-completa-el-trio-de-hitech-2026\/#primaryimage"},"thumbnailUrl":"https:\/\/www.firstlapf1.com\/wp-content\/uploads\/2025\/10\/20251006_102354.jpg","datePublished":"2025-10-06T09:05:50+00:00","dateModified":"2025-10-07T05:35:08+00:00","author":{"@id":"https:\/\/www.firstlapf1.com\/#\/schema\/person\/9eca09873eecb6d7836bc1a0bbd78250"},"description":"El piloto irland\u00e9s Fionn McLaughlin es el \u00faltimo piloto confirmado para la alineaci\u00f3n de Hitech en la F3 2026","inLanguage":"en-GB","potentialAction":[{"@type":"ReadAction","target":["https:\/\/www.firstlapf1.com\/oficial-fionn-mclaughlin-completa-el-trio-de-hitech-2026\/"]}]},{"@type":"ImageObject","inLanguage":"en-GB","@id":"https:\/\/www.firstlapf1.com\/oficial-fionn-mclaughlin-completa-el-trio-de-hitech-2026\/#primaryimage","url":"https:\/\/www.firstlapf1.com\/wp-content\/uploads\/2025\/10\/20251006_102354.jpg","contentUrl":"https:\/\/www.firstlapf1.com\/wp-content\/uploads\/2025\/10\/20251006_102354.jpg","width":1080,"height":1350},{"@type":"WebSite","@id":"https:\/\/www.firstlapf1.com\/#website","url":"https:\/\/www.firstlapf1.com\/","name":"Noticias F1 en espa\u00f1ol","description":"Noticias F1 en espa\u00f1ol","potentialAction":[{"@type":"SearchAction","target":{"@type":"EntryPoint","urlTemplate":"https:\/\/www.firstlapf1.com\/?s={search_term_string}"},"query-input":{"@type":"PropertyValueSpecification","valueRequired":true,"valueName":"search_term_string"}}],"inLanguage":"en-GB"},{"@type":"Person","@id":"https:\/\/www.firstlapf1.com\/#\/schema\/person\/9eca09873eecb6d7836bc1a0bbd78250","name":"Miguel Lora-Paquet","image":{"@type":"ImageObject","inLanguage":"en-GB","@id":"https:\/\/www.firstlapf1.com\/#\/schema\/person\/image\/","url":"https:\/\/www.firstlapf1.com\/wp-content\/uploads\/2022\/09\/7d393f41-126a-4a1e-bf1d-9d04e2ebc621.jpeg","contentUrl":"https:\/\/www.firstlapf1.com\/wp-content\/uploads\/2022\/09\/7d393f41-126a-4a1e-bf1d-9d04e2ebc621.jpeg","caption":"Miguel Lora-Paquet"},"url":"https:\/\/www.firstlapf1.com\/en\/author\/miguel\/"}]}},"jetpack_featured_media_url":"https:\/\/www.firstlapf1.com\/wp-content\/uploads\/2025\/10\/20251006_102354.jpg","jetpack_sharing_enabled":true,"_links":{"self":[{"href":"https:\/\/www.firstlapf1.com\/en\/wp-json\/wp\/v2\/posts\/16568","targetHints":{"allow":["GET"]}}],"collection":[{"href":"https:\/\/www.firstlapf1.com\/en\/wp-json\/wp\/v2\/posts"}],"about":[{"href":"https:\/\/www.firstlapf1.com\/en\/wp-json\/wp\/v2\/types\/post"}],"author":[{"embeddable":true,"href":"https:\/\/www.firstlapf1.com\/en\/wp-json\/wp\/v2\/users\/2"}],"replies":[{"embeddable":true,"href":"https:\/\/www.firstlapf1.com\/en\/wp-json\/wp\/v2\/comments?post=16568"}],"version-history":[{"count":3,"href":"https:\/\/www.firstlapf1.com\/en\/wp-json\/wp\/v2\/posts\/16568\/revisions"}],"predecessor-version":[{"id":16575,"href":"https:\/\/www.firstlapf1.com\/en\/wp-json\/wp\/v2\/posts\/16568\/revisions\/16575"}],"wp:featuredmedia":[{"embeddable":true,"href":"https:\/\/www.firstlapf1.com\/en\/wp-json\/wp\/v2\/media\/16574"}],"wp:attachment":[{"href":"https:\/\/www.firstlapf1.com\/en\/wp-json\/wp\/v2\/media?parent=16568"}],"wp:term":[{"taxonomy":"category","embeddable":true,"href":"https:\/\/www.firstlapf1.com\/en\/wp-json\/wp\/v2\/categories?post=16568"},{"taxonomy":"post_tag","embeddable":true,"href":"https:\/\/www.firstlapf1.com\/en\/wp-json\/wp\/v2\/tags?post=16568"}],"curies":[{"name":"wp","href":"https:\/\/api.w.org\/{rel}","templated":true}]}}