{"id":16453,"date":"2025-10-14T09:25:11","date_gmt":"2025-10-14T09:25:11","guid":{"rendered":"https:\/\/www.firstlapf1.com\/?p=16453"},"modified":"2025-10-14T09:25:13","modified_gmt":"2025-10-14T09:25:13","slug":"oficial-james-wharton-se-muda-a-prema-para-la-f3-2026","status":"publish","type":"post","link":"https:\/\/www.firstlapf1.com\/en\/oficial-james-wharton-se-muda-a-prema-para-la-f3-2026\/","title":{"rendered":"OFICIAL: James Wharton se muda a PREMA para la F3 2026"},"content":{"rendered":"<h2 class=\"wp-block-heading\">El piloto australiano James Wharton abandona ART y pone rumbo a PREMA para su segunda temporada en la F\u00f3rmula 3<\/h2>\n\n\n\n<p>La categor\u00eda de bronce sigue el plan establecido y, a falta de menos de una semana para los tests postemporada en Jerez, los equipos apuntalan sus respectivas alineaciones de cara a 2026. Es el caso de PREMA, que confirma a James Wharton como su segundo piloto tras el anuncio de Enzo Deligny.<\/p>\n\n\n\n<h2 class=\"wp-block-heading has-normal-font-size\">Declaraciones<\/h2>\n\n\n\n<p>James Wharton:<\/p>\n\n\n\n<p><strong>\u00bbEstoy super emocionado por volver a m\u00ed segunda casa en la temporada 2026. Los tests consisten en familiarizarse con el coche y con el equipo para empezar 2026 en Melbourne con buen pie. Extra\u00f1\u00e9 mucho a PREMA porque todos los miembros del equipo son excepcionales y se siente como si fuera una familia.\u00bb<\/strong><\/p>\n\n\n\n<p>Ren\u00e9 Rosin, Director de PREMA F3:<\/p>\n\n\n\n<p><strong>\u00bbEstamos encantados de dar de nuevo la bienvenida a James a nuestro equipo. Disfrutamos mucho con \u00e9l en sus inicios en el automovilismo y estamos orgullosos de su carrera, por lo que creemos en su gran potencial. Contar con \u00e9l para 2026 era algo l\u00f3gico, veremos qu\u00e9 nos depara la pr\u00f3xima temporada.\u00bb<\/strong><\/p>\n\n\n\n<h2 class=\"wp-block-heading has-normal-font-size\">Trayectoria<\/h2>\n\n\n\n<p>El australiano no es nuevo en esta categor\u00eda. Debut\u00f3 en Silverstone 2024, cuando tuvo que sustituir a un sancionado Martinius Stenshorne en Hitech. Ambos han estado este a\u00f1o en F3; Stenshorne, renovado con Hitech y Wharton en ART. El noruego ha tenido m\u00e1s suerte que el oce\u00e1nico y estar\u00e1 en la F2 con Rodin en 2026. Wharton ha logrado 1 victoria y un podio, quedando 18\u00ba en la clasificaci\u00f3n general.<\/p>\n\n\n\n<p>En los primeros tests de postemporada en Jerez, James qued\u00f3 19\u00b0 y 7\u00b0 en los dos d\u00edas, respectivamente. Ambos registros los realiz\u00f3 en la sesi\u00f3n de ma\u00f1ana.<\/p>\n\n\n\n<p>Con este fichaje, quedan 6 asientos libres para la parrilla de F3 2026.<\/p>\n\n\n\n<figure class=\"wp-block-image size-large\"><img loading=\"lazy\" decoding=\"async\" width=\"1024\" height=\"643\" src=\"https:\/\/www.firstlapf1.com\/wp-content\/uploads\/2025\/10\/1000061903-1024x643.jpg\" alt=\"\" class=\"wp-image-16616\" srcset=\"https:\/\/www.firstlapf1.com\/wp-content\/uploads\/2025\/10\/1000061903-1024x643.jpg 1024w, https:\/\/www.firstlapf1.com\/wp-content\/uploads\/2025\/10\/1000061903-300x188.jpg 300w, https:\/\/www.firstlapf1.com\/wp-content\/uploads\/2025\/10\/1000061903-768x482.jpg 768w, https:\/\/www.firstlapf1.com\/wp-content\/uploads\/2025\/10\/1000061903-1536x965.jpg 1536w, https:\/\/www.firstlapf1.com\/wp-content\/uploads\/2025\/10\/1000061903-18x12.jpg 18w, https:\/\/www.firstlapf1.com\/wp-content\/uploads\/2025\/10\/1000061903.jpg 2048w\" sizes=\"auto, (max-width: 1024px) 100vw, 1024px\" \/><figcaption class=\"wp-element-caption\">Fuente: PREMA Team en X (fuente portada: F3 en X)<\/figcaption><\/figure>","protected":false},"excerpt":{"rendered":"<p>El piloto australiano James Wharton abandona ART y pone rumbo a PREMA para su segunda temporada en la F\u00f3rmula 3 &hellip; <span class=\"more-button\"><a href=\"https:\/\/www.firstlapf1.com\/en\/oficial-james-wharton-se-muda-a-prema-para-la-f3-2026\/\" class=\"more-link\">Continue reading<span class=\"screen-reader-text\">OFICIAL: James Wharton se muda a PREMA para la F3 2026<\/span><\/a><\/span><\/p>","protected":false},"author":1,"featured_media":16617,"comment_status":"closed","ping_status":"open","sticky":false,"template":"","format":"standard","meta":{"_jetpack_memberships_contains_paid_content":false,"footnotes":""},"categories":[77,69,70],"tags":[],"class_list":["post-16453","post","type-post","status-publish","format-standard","has-post-thumbnail","hentry","category-art-gp","category-f3","category-prema"],"yoast_head":"<!-- This site is optimized with the Yoast SEO plugin v27.0 - https:\/\/yoast.com\/product\/yoast-seo-wordpress\/ -->\n<title>OFICIAL: James Wharton se muda a PREMA para la F3 2026 - Noticias F1 en espa\u00f1ol<\/title>\n<meta name=\"description\" content=\"El piloto australiano James Wharton abandona ART y pone rumbo a PREMA para su segunda temporada en la F\u00f3rmula 3\" \/>\n<meta name=\"robots\" content=\"index, follow, max-snippet:-1, max-image-preview:large, max-video-preview:-1\" \/>\n<link rel=\"canonical\" href=\"https:\/\/www.firstlapf1.com\/en\/oficial-james-wharton-se-muda-a-prema-para-la-f3-2026\/\" \/>\n<meta property=\"og:locale\" content=\"en_GB\" \/>\n<meta property=\"og:type\" content=\"article\" \/>\n<meta property=\"og:title\" content=\"OFICIAL: James Wharton se muda a PREMA para la F3 2026 - Noticias F1 en espa\u00f1ol\" \/>\n<meta property=\"og:description\" content=\"El piloto australiano James Wharton abandona ART y pone rumbo a PREMA para su segunda temporada en la F\u00f3rmula 3\" \/>\n<meta property=\"og:url\" content=\"https:\/\/www.firstlapf1.com\/en\/oficial-james-wharton-se-muda-a-prema-para-la-f3-2026\/\" \/>\n<meta property=\"og:site_name\" content=\"Noticias F1 en espa\u00f1ol\" \/>\n<meta property=\"article:published_time\" content=\"2025-10-14T09:25:11+00:00\" \/>\n<meta property=\"article:modified_time\" content=\"2025-10-14T09:25:13+00:00\" \/>\n<meta property=\"og:image\" content=\"https:\/\/www.firstlapf1.com\/wp-content\/uploads\/2025\/10\/20251014_110908.jpg\" \/>\n\t<meta property=\"og:image:width\" content=\"1080\" \/>\n\t<meta property=\"og:image:height\" content=\"1350\" \/>\n\t<meta property=\"og:image:type\" content=\"image\/jpeg\" \/>\n<meta name=\"author\" content=\"firstlap_admin\" \/>\n<meta name=\"twitter:card\" content=\"summary_large_image\" \/>\n<meta name=\"twitter:label1\" content=\"Written by\" \/>\n\t<meta name=\"twitter:data1\" content=\"firstlap_admin\" \/>\n\t<meta name=\"twitter:label2\" content=\"Estimated reading time\" \/>\n\t<meta name=\"twitter:data2\" content=\"2 minutes\" \/>\n<script type=\"application\/ld+json\" class=\"yoast-schema-graph\">{\"@context\":\"https:\/\/schema.org\",\"@graph\":[{\"@type\":\"Article\",\"@id\":\"https:\/\/www.firstlapf1.com\/oficial-james-wharton-se-muda-a-prema-para-la-f3-2026\/#article\",\"isPartOf\":{\"@id\":\"https:\/\/www.firstlapf1.com\/oficial-james-wharton-se-muda-a-prema-para-la-f3-2026\/\"},\"author\":{\"name\":\"firstlap_admin\",\"@id\":\"https:\/\/www.firstlapf1.com\/#\/schema\/person\/875f779e8ddc35d0fa99a117124b74d1\"},\"headline\":\"OFICIAL: James Wharton se muda a PREMA para la F3 2026\",\"datePublished\":\"2025-10-14T09:25:11+00:00\",\"dateModified\":\"2025-10-14T09:25:13+00:00\",\"mainEntityOfPage\":{\"@id\":\"https:\/\/www.firstlapf1.com\/oficial-james-wharton-se-muda-a-prema-para-la-f3-2026\/\"},\"wordCount\":316,\"image\":{\"@id\":\"https:\/\/www.firstlapf1.com\/oficial-james-wharton-se-muda-a-prema-para-la-f3-2026\/#primaryimage\"},\"thumbnailUrl\":\"https:\/\/www.firstlapf1.com\/wp-content\/uploads\/2025\/10\/20251014_110908.jpg\",\"articleSection\":[\"ART Grand Prix (F3)\",\"F3\",\"PREMA Racing (F3)\"],\"inLanguage\":\"en-GB\"},{\"@type\":\"WebPage\",\"@id\":\"https:\/\/www.firstlapf1.com\/oficial-james-wharton-se-muda-a-prema-para-la-f3-2026\/\",\"url\":\"https:\/\/www.firstlapf1.com\/oficial-james-wharton-se-muda-a-prema-para-la-f3-2026\/\",\"name\":\"OFICIAL: James Wharton se muda a PREMA para la F3 2026 - Noticias F1 en espa\u00f1ol\",\"isPartOf\":{\"@id\":\"https:\/\/www.firstlapf1.com\/#website\"},\"primaryImageOfPage\":{\"@id\":\"https:\/\/www.firstlapf1.com\/oficial-james-wharton-se-muda-a-prema-para-la-f3-2026\/#primaryimage\"},\"image\":{\"@id\":\"https:\/\/www.firstlapf1.com\/oficial-james-wharton-se-muda-a-prema-para-la-f3-2026\/#primaryimage\"},\"thumbnailUrl\":\"https:\/\/www.firstlapf1.com\/wp-content\/uploads\/2025\/10\/20251014_110908.jpg\",\"datePublished\":\"2025-10-14T09:25:11+00:00\",\"dateModified\":\"2025-10-14T09:25:13+00:00\",\"author\":{\"@id\":\"https:\/\/www.firstlapf1.com\/#\/schema\/person\/875f779e8ddc35d0fa99a117124b74d1\"},\"description\":\"El piloto australiano James Wharton abandona ART y pone rumbo a PREMA para su segunda temporada en la F\u00f3rmula 3\",\"inLanguage\":\"en-GB\",\"potentialAction\":[{\"@type\":\"ReadAction\",\"target\":[\"https:\/\/www.firstlapf1.com\/oficial-james-wharton-se-muda-a-prema-para-la-f3-2026\/\"]}]},{\"@type\":\"ImageObject\",\"inLanguage\":\"en-GB\",\"@id\":\"https:\/\/www.firstlapf1.com\/oficial-james-wharton-se-muda-a-prema-para-la-f3-2026\/#primaryimage\",\"url\":\"https:\/\/www.firstlapf1.com\/wp-content\/uploads\/2025\/10\/20251014_110908.jpg\",\"contentUrl\":\"https:\/\/www.firstlapf1.com\/wp-content\/uploads\/2025\/10\/20251014_110908.jpg\",\"width\":1080,\"height\":1350},{\"@type\":\"WebSite\",\"@id\":\"https:\/\/www.firstlapf1.com\/#website\",\"url\":\"https:\/\/www.firstlapf1.com\/\",\"name\":\"Noticias F1 en espa\u00f1ol\",\"description\":\"Noticias F1 en espa\u00f1ol\",\"potentialAction\":[{\"@type\":\"SearchAction\",\"target\":{\"@type\":\"EntryPoint\",\"urlTemplate\":\"https:\/\/www.firstlapf1.com\/?s={search_term_string}\"},\"query-input\":{\"@type\":\"PropertyValueSpecification\",\"valueRequired\":true,\"valueName\":\"search_term_string\"}}],\"inLanguage\":\"en-GB\"},{\"@type\":\"Person\",\"@id\":\"https:\/\/www.firstlapf1.com\/#\/schema\/person\/875f779e8ddc35d0fa99a117124b74d1\",\"name\":\"firstlap_admin\",\"image\":{\"@type\":\"ImageObject\",\"inLanguage\":\"en-GB\",\"@id\":\"https:\/\/www.firstlapf1.com\/#\/schema\/person\/image\/\",\"url\":\"https:\/\/secure.gravatar.com\/avatar\/84be0310c4060e415ae8a26c2500f614a7a109a82dc35ca0486653ff5039956b?s=96&d=mm&r=g\",\"contentUrl\":\"https:\/\/secure.gravatar.com\/avatar\/84be0310c4060e415ae8a26c2500f614a7a109a82dc35ca0486653ff5039956b?s=96&d=mm&r=g\",\"caption\":\"firstlap_admin\"},\"sameAs\":[\"https:\/\/www.firstlapf1.com\"],\"url\":\"https:\/\/www.firstlapf1.com\/en\/author\/firstlap_admin\/\"}]}<\/script>\n<!-- \/ Yoast SEO plugin. -->","yoast_head_json":{"title":"OFICIAL: James Wharton se muda a PREMA para la F3 2026 - Noticias F1 en espa\u00f1ol","description":"El piloto australiano James Wharton abandona ART y pone rumbo a PREMA para su segunda temporada en la F\u00f3rmula 3","robots":{"index":"index","follow":"follow","max-snippet":"max-snippet:-1","max-image-preview":"max-image-preview:large","max-video-preview":"max-video-preview:-1"},"canonical":"https:\/\/www.firstlapf1.com\/en\/oficial-james-wharton-se-muda-a-prema-para-la-f3-2026\/","og_locale":"en_GB","og_type":"article","og_title":"OFICIAL: James Wharton se muda a PREMA para la F3 2026 - Noticias F1 en espa\u00f1ol","og_description":"El piloto australiano James Wharton abandona ART y pone rumbo a PREMA para su segunda temporada en la F\u00f3rmula 3","og_url":"https:\/\/www.firstlapf1.com\/en\/oficial-james-wharton-se-muda-a-prema-para-la-f3-2026\/","og_site_name":"Noticias F1 en espa\u00f1ol","article_published_time":"2025-10-14T09:25:11+00:00","article_modified_time":"2025-10-14T09:25:13+00:00","og_image":[{"width":1080,"height":1350,"url":"https:\/\/www.firstlapf1.com\/wp-content\/uploads\/2025\/10\/20251014_110908.jpg","type":"image\/jpeg"}],"author":"firstlap_admin","twitter_card":"summary_large_image","twitter_misc":{"Written by":"firstlap_admin","Estimated reading time":"2 minutes"},"schema":{"@context":"https:\/\/schema.org","@graph":[{"@type":"Article","@id":"https:\/\/www.firstlapf1.com\/oficial-james-wharton-se-muda-a-prema-para-la-f3-2026\/#article","isPartOf":{"@id":"https:\/\/www.firstlapf1.com\/oficial-james-wharton-se-muda-a-prema-para-la-f3-2026\/"},"author":{"name":"firstlap_admin","@id":"https:\/\/www.firstlapf1.com\/#\/schema\/person\/875f779e8ddc35d0fa99a117124b74d1"},"headline":"OFICIAL: James Wharton se muda a PREMA para la F3 2026","datePublished":"2025-10-14T09:25:11+00:00","dateModified":"2025-10-14T09:25:13+00:00","mainEntityOfPage":{"@id":"https:\/\/www.firstlapf1.com\/oficial-james-wharton-se-muda-a-prema-para-la-f3-2026\/"},"wordCount":316,"image":{"@id":"https:\/\/www.firstlapf1.com\/oficial-james-wharton-se-muda-a-prema-para-la-f3-2026\/#primaryimage"},"thumbnailUrl":"https:\/\/www.firstlapf1.com\/wp-content\/uploads\/2025\/10\/20251014_110908.jpg","articleSection":["ART Grand Prix (F3)","F3","PREMA Racing (F3)"],"inLanguage":"en-GB"},{"@type":"WebPage","@id":"https:\/\/www.firstlapf1.com\/oficial-james-wharton-se-muda-a-prema-para-la-f3-2026\/","url":"https:\/\/www.firstlapf1.com\/oficial-james-wharton-se-muda-a-prema-para-la-f3-2026\/","name":"OFICIAL: James Wharton se muda a PREMA para la F3 2026 - Noticias F1 en espa\u00f1ol","isPartOf":{"@id":"https:\/\/www.firstlapf1.com\/#website"},"primaryImageOfPage":{"@id":"https:\/\/www.firstlapf1.com\/oficial-james-wharton-se-muda-a-prema-para-la-f3-2026\/#primaryimage"},"image":{"@id":"https:\/\/www.firstlapf1.com\/oficial-james-wharton-se-muda-a-prema-para-la-f3-2026\/#primaryimage"},"thumbnailUrl":"https:\/\/www.firstlapf1.com\/wp-content\/uploads\/2025\/10\/20251014_110908.jpg","datePublished":"2025-10-14T09:25:11+00:00","dateModified":"2025-10-14T09:25:13+00:00","author":{"@id":"https:\/\/www.firstlapf1.com\/#\/schema\/person\/875f779e8ddc35d0fa99a117124b74d1"},"description":"El piloto australiano James Wharton abandona ART y pone rumbo a PREMA para su segunda temporada en la F\u00f3rmula 3","inLanguage":"en-GB","potentialAction":[{"@type":"ReadAction","target":["https:\/\/www.firstlapf1.com\/oficial-james-wharton-se-muda-a-prema-para-la-f3-2026\/"]}]},{"@type":"ImageObject","inLanguage":"en-GB","@id":"https:\/\/www.firstlapf1.com\/oficial-james-wharton-se-muda-a-prema-para-la-f3-2026\/#primaryimage","url":"https:\/\/www.firstlapf1.com\/wp-content\/uploads\/2025\/10\/20251014_110908.jpg","contentUrl":"https:\/\/www.firstlapf1.com\/wp-content\/uploads\/2025\/10\/20251014_110908.jpg","width":1080,"height":1350},{"@type":"WebSite","@id":"https:\/\/www.firstlapf1.com\/#website","url":"https:\/\/www.firstlapf1.com\/","name":"Noticias F1 en espa\u00f1ol","description":"Noticias F1 en espa\u00f1ol","potentialAction":[{"@type":"SearchAction","target":{"@type":"EntryPoint","urlTemplate":"https:\/\/www.firstlapf1.com\/?s={search_term_string}"},"query-input":{"@type":"PropertyValueSpecification","valueRequired":true,"valueName":"search_term_string"}}],"inLanguage":"en-GB"},{"@type":"Person","@id":"https:\/\/www.firstlapf1.com\/#\/schema\/person\/875f779e8ddc35d0fa99a117124b74d1","name":"firstlap_admin","image":{"@type":"ImageObject","inLanguage":"en-GB","@id":"https:\/\/www.firstlapf1.com\/#\/schema\/person\/image\/","url":"https:\/\/secure.gravatar.com\/avatar\/84be0310c4060e415ae8a26c2500f614a7a109a82dc35ca0486653ff5039956b?s=96&d=mm&r=g","contentUrl":"https:\/\/secure.gravatar.com\/avatar\/84be0310c4060e415ae8a26c2500f614a7a109a82dc35ca0486653ff5039956b?s=96&d=mm&r=g","caption":"firstlap_admin"},"sameAs":["https:\/\/www.firstlapf1.com"],"url":"https:\/\/www.firstlapf1.com\/en\/author\/firstlap_admin\/"}]}},"jetpack_featured_media_url":"https:\/\/www.firstlapf1.com\/wp-content\/uploads\/2025\/10\/20251014_110908.jpg","jetpack_sharing_enabled":true,"_links":{"self":[{"href":"https:\/\/www.firstlapf1.com\/en\/wp-json\/wp\/v2\/posts\/16453","targetHints":{"allow":["GET"]}}],"collection":[{"href":"https:\/\/www.firstlapf1.com\/en\/wp-json\/wp\/v2\/posts"}],"about":[{"href":"https:\/\/www.firstlapf1.com\/en\/wp-json\/wp\/v2\/types\/post"}],"author":[{"embeddable":true,"href":"https:\/\/www.firstlapf1.com\/en\/wp-json\/wp\/v2\/users\/1"}],"replies":[{"embeddable":true,"href":"https:\/\/www.firstlapf1.com\/en\/wp-json\/wp\/v2\/comments?post=16453"}],"version-history":[{"count":2,"href":"https:\/\/www.firstlapf1.com\/en\/wp-json\/wp\/v2\/posts\/16453\/revisions"}],"predecessor-version":[{"id":16618,"href":"https:\/\/www.firstlapf1.com\/en\/wp-json\/wp\/v2\/posts\/16453\/revisions\/16618"}],"wp:featuredmedia":[{"embeddable":true,"href":"https:\/\/www.firstlapf1.com\/en\/wp-json\/wp\/v2\/media\/16617"}],"wp:attachment":[{"href":"https:\/\/www.firstlapf1.com\/en\/wp-json\/wp\/v2\/media?parent=16453"}],"wp:term":[{"taxonomy":"category","embeddable":true,"href":"https:\/\/www.firstlapf1.com\/en\/wp-json\/wp\/v2\/categories?post=16453"},{"taxonomy":"post_tag","embeddable":true,"href":"https:\/\/www.firstlapf1.com\/en\/wp-json\/wp\/v2\/tags?post=16453"}],"curies":[{"name":"wp","href":"https:\/\/api.w.org\/{rel}","templated":true}]}}