{"id":15687,"date":"2025-10-14T08:31:23","date_gmt":"2025-10-14T08:31:23","guid":{"rendered":"https:\/\/www.firstlapf1.com\/?p=15687"},"modified":"2025-10-14T08:31:25","modified_gmt":"2025-10-14T08:31:25","slug":"oficial-diogo-moreira-debutara-en-motogp-con-lcr","status":"publish","type":"post","link":"https:\/\/www.firstlapf1.com\/en\/oficial-diogo-moreira-debutara-en-motogp-con-lcr\/","title":{"rendered":"OFICIAL: Diogo Moreira debutar\u00e1 en MotoGP con LCR"},"content":{"rendered":"<h2 class=\"wp-block-heading\">El piloto brasile\u00f1o Diogo Moreira sube a la categor\u00eda reina y se estrenar\u00e1 con LCR Honda la pr\u00f3xima temporada<\/h2>\n\n\n\n<p>El par\u00f3n de MotoGP lleg\u00f3 a su fin, y tras un doblete de carreras en Austria y Hungr\u00eda, la <a href=\"https:\/\/www.motogp.com\/en\" target=\"_blank\" rel=\"noreferrer noopener\">m\u00e1xima categor\u00eda del motociclismo<\/a> se enfrenta a una semana de descanso antes de encarar el pen\u00faltimo doblete europeo. Por tanto, es momento de mirar a los despachos y a los asientos que todav\u00eda quedan libres para la temporada 2026.<\/p>\n\n\n\n<p>Como ven\u00eda rumore\u00e1ndose, LCR se estar\u00eda planteando cortar con IDEMITSU, ya que la escasez de pilotos japoneses que interesen y la debacle de rendimiento de Chantra han hecho que el equipo sat\u00e9lite de Honda llegue a esta decisi\u00f3n. Los dos asientos ser\u00edan patrocinados por CASTROL como el equipo oficial, siendo Johann Zarco y Diogo Moreira los integrantes.<\/p>\n\n\n\n<h2 class=\"wp-block-heading has-normal-font-size\">Declaraciones<\/h2>\n\n\n\n<p>Diogo Moreira:<\/p>\n\n\n\n<p><strong>\u00bbUnirme a LCR Honda en MotoGP es un sue\u00f1o hecho realidad. Quiero agradecer a Honda por brindarme est\u00e1 oportunidad y confiar en m\u00ed. Tengo muchas ganas de luchar y lograr grandes resultados en la elite del motociclismo.\u00bb<\/strong><\/p>\n\n\n\n<p>Lucio Cecchinello, Director de LCR:<\/p>\n\n\n\n<p><strong>\u00bbNos complace anunciar la llegada de Diogo Moreira a LCR. Sin duda, Diogo tiene todo lo necesario para triunfar en MotoGP. Tiene un talento innegable y una velocidad incre\u00edble con cualquier moto. En nombre del equipo LCR, damos una c\u00e1lida bienvenida a Diogo y agradecemos la confianza de Honda en el proyecto de 2026.\u00bb<\/strong><\/p>\n\n\n\n<h2 class=\"wp-block-heading has-normal-font-size\">Trayectoria<\/h2>\n\n\n\n<p>Moreira inici\u00f3 su carrera deportiva en la Red Bull Rookies Cup hace 4 a\u00f1os cuando qued\u00f3 6\u00ba en la clasificaci\u00f3n general con 4 podios. Al a\u00f1o siguiente dio el salto a las categor\u00edas mundialistas, haciendo su debut en Moto3 de la mano de MT Helmets &#8211; MSI. En los dos a\u00f1os que estuvo en el primer escal\u00f3n hacia la cima, consigui\u00f3 1 victoria, 3 podios y 2 poles, repitiendo posici\u00f3n final (8\u00ba).<\/p>\n\n\n\n<p>El a\u00f1o pasado promocion\u00f3 a Moto2 con Italtrans, donde actualmente compite. 1 solo podio es lo que logr\u00f3 en 2024, sin embargo, este a\u00f1o es el primero donde tiene opciones de ganar un mundial. Teniendo en cuenta los resultados del \u00faltimo Gran Premio, el de Indonesia, son 3 victorias y 7 podios, que le ponen en segunda posici\u00f3n con 229 puntos, a 29 puntos del l\u00edder Manu Gonz\u00e1lez.<\/p>\n\n\n\n<p>Para 2026 subir\u00e1 a MotoGP con <a href=\"https:\/\/www.firstlapf1.com\/en\/category\/lcr\/\" target=\"_blank\" rel=\"noreferrer noopener\">LCR<\/a> y la vista puesta en 2027, donde se espera que debute en el equipo oficial Honda.<\/p>\n\n\n\n<figure class=\"wp-block-image size-large\"><img loading=\"lazy\" decoding=\"async\" width=\"1024\" height=\"683\" src=\"https:\/\/www.firstlapf1.com\/wp-content\/uploads\/2025\/09\/1000061899-1024x683.jpg\" alt=\"\" class=\"wp-image-16613\" srcset=\"https:\/\/www.firstlapf1.com\/wp-content\/uploads\/2025\/09\/1000061899-1024x683.jpg 1024w, https:\/\/www.firstlapf1.com\/wp-content\/uploads\/2025\/09\/1000061899-300x200.jpg 300w, https:\/\/www.firstlapf1.com\/wp-content\/uploads\/2025\/09\/1000061899-768x512.jpg 768w, https:\/\/www.firstlapf1.com\/wp-content\/uploads\/2025\/09\/1000061899-1536x1024.jpg 1536w, https:\/\/www.firstlapf1.com\/wp-content\/uploads\/2025\/09\/1000061899-2048x1366.jpg 2048w, https:\/\/www.firstlapf1.com\/wp-content\/uploads\/2025\/09\/1000061899-18x12.jpg 18w\" sizes=\"auto, (max-width: 1024px) 100vw, 1024px\" \/><figcaption class=\"wp-element-caption\">Fuente: LCR Team en X (fuente portada: MotoGP en X)<\/figcaption><\/figure>","protected":false},"excerpt":{"rendered":"<p>El piloto brasile\u00f1o Diogo Moreira sube a la categor\u00eda reina y se estrenar\u00e1 con LCR Honda la pr\u00f3xima temporada &hellip; <span class=\"more-button\"><a href=\"https:\/\/www.firstlapf1.com\/en\/oficial-diogo-moreira-debutara-en-motogp-con-lcr\/\" class=\"more-link\">Continue reading<span class=\"screen-reader-text\">OFICIAL: Diogo Moreira debutar\u00e1 en MotoGP con LCR<\/span><\/a><\/span><\/p>","protected":false},"author":2,"featured_media":16615,"comment_status":"closed","ping_status":"open","sticky":false,"template":"","format":"standard","meta":{"_jetpack_memberships_contains_paid_content":false,"footnotes":""},"categories":[111],"tags":[],"class_list":["post-15687","post","type-post","status-publish","format-standard","has-post-thumbnail","hentry","category-lcr"],"yoast_head":"<!-- This site is optimized with the Yoast SEO plugin v27.0 - https:\/\/yoast.com\/product\/yoast-seo-wordpress\/ -->\n<title>OFICIAL: Diogo Moreira debutar\u00e1 en MotoGP con LCR - Noticias F1 en espa\u00f1ol<\/title>\n<meta name=\"description\" content=\"El piloto brasile\u00f1o Diogo Moreira sube a la categor\u00eda reina y se estrenar\u00e1 con LCR Honda la pr\u00f3xima temporada\" \/>\n<meta name=\"robots\" content=\"index, follow, max-snippet:-1, max-image-preview:large, max-video-preview:-1\" \/>\n<link rel=\"canonical\" href=\"https:\/\/www.firstlapf1.com\/en\/oficial-diogo-moreira-debutara-en-motogp-con-lcr\/\" \/>\n<meta property=\"og:locale\" content=\"en_GB\" \/>\n<meta property=\"og:type\" content=\"article\" \/>\n<meta property=\"og:title\" content=\"OFICIAL: Diogo Moreira debutar\u00e1 en MotoGP con LCR - Noticias F1 en espa\u00f1ol\" \/>\n<meta property=\"og:description\" content=\"El piloto brasile\u00f1o Diogo Moreira sube a la categor\u00eda reina y se estrenar\u00e1 con LCR Honda la pr\u00f3xima temporada\" \/>\n<meta property=\"og:url\" content=\"https:\/\/www.firstlapf1.com\/en\/oficial-diogo-moreira-debutara-en-motogp-con-lcr\/\" \/>\n<meta property=\"og:site_name\" content=\"Noticias F1 en espa\u00f1ol\" \/>\n<meta property=\"article:published_time\" content=\"2025-10-14T08:31:23+00:00\" \/>\n<meta property=\"article:modified_time\" content=\"2025-10-14T08:31:25+00:00\" \/>\n<meta property=\"og:image\" content=\"https:\/\/www.firstlapf1.com\/wp-content\/uploads\/2025\/10\/20251014_102019.jpg\" \/>\n\t<meta property=\"og:image:width\" content=\"1080\" \/>\n\t<meta property=\"og:image:height\" content=\"1440\" \/>\n\t<meta property=\"og:image:type\" content=\"image\/jpeg\" \/>\n<meta name=\"author\" content=\"Miguel Lora-Paquet\" \/>\n<meta name=\"twitter:card\" content=\"summary_large_image\" \/>\n<meta name=\"twitter:label1\" content=\"Written by\" \/>\n\t<meta name=\"twitter:data1\" content=\"Miguel Lora-Paquet\" \/>\n\t<meta name=\"twitter:label2\" content=\"Estimated reading time\" \/>\n\t<meta name=\"twitter:data2\" content=\"3 minutes\" \/>\n<script type=\"application\/ld+json\" class=\"yoast-schema-graph\">{\"@context\":\"https:\/\/schema.org\",\"@graph\":[{\"@type\":\"Article\",\"@id\":\"https:\/\/www.firstlapf1.com\/oficial-diogo-moreira-debutara-en-motogp-con-lcr\/#article\",\"isPartOf\":{\"@id\":\"https:\/\/www.firstlapf1.com\/oficial-diogo-moreira-debutara-en-motogp-con-lcr\/\"},\"author\":{\"name\":\"Miguel Lora-Paquet\",\"@id\":\"https:\/\/www.firstlapf1.com\/#\/schema\/person\/9eca09873eecb6d7836bc1a0bbd78250\"},\"headline\":\"OFICIAL: Diogo Moreira debutar\u00e1 en MotoGP con LCR\",\"datePublished\":\"2025-10-14T08:31:23+00:00\",\"dateModified\":\"2025-10-14T08:31:25+00:00\",\"mainEntityOfPage\":{\"@id\":\"https:\/\/www.firstlapf1.com\/oficial-diogo-moreira-debutara-en-motogp-con-lcr\/\"},\"wordCount\":428,\"image\":{\"@id\":\"https:\/\/www.firstlapf1.com\/oficial-diogo-moreira-debutara-en-motogp-con-lcr\/#primaryimage\"},\"thumbnailUrl\":\"https:\/\/www.firstlapf1.com\/wp-content\/uploads\/2025\/10\/20251014_102019.jpg\",\"articleSection\":[\"CASTROL Honda LCR\"],\"inLanguage\":\"en-GB\"},{\"@type\":\"WebPage\",\"@id\":\"https:\/\/www.firstlapf1.com\/oficial-diogo-moreira-debutara-en-motogp-con-lcr\/\",\"url\":\"https:\/\/www.firstlapf1.com\/oficial-diogo-moreira-debutara-en-motogp-con-lcr\/\",\"name\":\"OFICIAL: Diogo Moreira debutar\u00e1 en MotoGP con LCR - Noticias F1 en espa\u00f1ol\",\"isPartOf\":{\"@id\":\"https:\/\/www.firstlapf1.com\/#website\"},\"primaryImageOfPage\":{\"@id\":\"https:\/\/www.firstlapf1.com\/oficial-diogo-moreira-debutara-en-motogp-con-lcr\/#primaryimage\"},\"image\":{\"@id\":\"https:\/\/www.firstlapf1.com\/oficial-diogo-moreira-debutara-en-motogp-con-lcr\/#primaryimage\"},\"thumbnailUrl\":\"https:\/\/www.firstlapf1.com\/wp-content\/uploads\/2025\/10\/20251014_102019.jpg\",\"datePublished\":\"2025-10-14T08:31:23+00:00\",\"dateModified\":\"2025-10-14T08:31:25+00:00\",\"author\":{\"@id\":\"https:\/\/www.firstlapf1.com\/#\/schema\/person\/9eca09873eecb6d7836bc1a0bbd78250\"},\"description\":\"El piloto brasile\u00f1o Diogo Moreira sube a la categor\u00eda reina y se estrenar\u00e1 con LCR Honda la pr\u00f3xima temporada\",\"inLanguage\":\"en-GB\",\"potentialAction\":[{\"@type\":\"ReadAction\",\"target\":[\"https:\/\/www.firstlapf1.com\/oficial-diogo-moreira-debutara-en-motogp-con-lcr\/\"]}]},{\"@type\":\"ImageObject\",\"inLanguage\":\"en-GB\",\"@id\":\"https:\/\/www.firstlapf1.com\/oficial-diogo-moreira-debutara-en-motogp-con-lcr\/#primaryimage\",\"url\":\"https:\/\/www.firstlapf1.com\/wp-content\/uploads\/2025\/10\/20251014_102019.jpg\",\"contentUrl\":\"https:\/\/www.firstlapf1.com\/wp-content\/uploads\/2025\/10\/20251014_102019.jpg\",\"width\":1080,\"height\":1440},{\"@type\":\"WebSite\",\"@id\":\"https:\/\/www.firstlapf1.com\/#website\",\"url\":\"https:\/\/www.firstlapf1.com\/\",\"name\":\"Noticias F1 en espa\u00f1ol\",\"description\":\"Noticias F1 en espa\u00f1ol\",\"potentialAction\":[{\"@type\":\"SearchAction\",\"target\":{\"@type\":\"EntryPoint\",\"urlTemplate\":\"https:\/\/www.firstlapf1.com\/?s={search_term_string}\"},\"query-input\":{\"@type\":\"PropertyValueSpecification\",\"valueRequired\":true,\"valueName\":\"search_term_string\"}}],\"inLanguage\":\"en-GB\"},{\"@type\":\"Person\",\"@id\":\"https:\/\/www.firstlapf1.com\/#\/schema\/person\/9eca09873eecb6d7836bc1a0bbd78250\",\"name\":\"Miguel Lora-Paquet\",\"image\":{\"@type\":\"ImageObject\",\"inLanguage\":\"en-GB\",\"@id\":\"https:\/\/www.firstlapf1.com\/#\/schema\/person\/image\/\",\"url\":\"https:\/\/www.firstlapf1.com\/wp-content\/uploads\/2022\/09\/7d393f41-126a-4a1e-bf1d-9d04e2ebc621.jpeg\",\"contentUrl\":\"https:\/\/www.firstlapf1.com\/wp-content\/uploads\/2022\/09\/7d393f41-126a-4a1e-bf1d-9d04e2ebc621.jpeg\",\"caption\":\"Miguel Lora-Paquet\"},\"url\":\"https:\/\/www.firstlapf1.com\/en\/author\/miguel\/\"}]}<\/script>\n<!-- \/ Yoast SEO plugin. -->","yoast_head_json":{"title":"OFICIAL: Diogo Moreira debutar\u00e1 en MotoGP con LCR - Noticias F1 en espa\u00f1ol","description":"El piloto brasile\u00f1o Diogo Moreira sube a la categor\u00eda reina y se estrenar\u00e1 con LCR Honda la pr\u00f3xima temporada","robots":{"index":"index","follow":"follow","max-snippet":"max-snippet:-1","max-image-preview":"max-image-preview:large","max-video-preview":"max-video-preview:-1"},"canonical":"https:\/\/www.firstlapf1.com\/en\/oficial-diogo-moreira-debutara-en-motogp-con-lcr\/","og_locale":"en_GB","og_type":"article","og_title":"OFICIAL: Diogo Moreira debutar\u00e1 en MotoGP con LCR - Noticias F1 en espa\u00f1ol","og_description":"El piloto brasile\u00f1o Diogo Moreira sube a la categor\u00eda reina y se estrenar\u00e1 con LCR Honda la pr\u00f3xima temporada","og_url":"https:\/\/www.firstlapf1.com\/en\/oficial-diogo-moreira-debutara-en-motogp-con-lcr\/","og_site_name":"Noticias F1 en espa\u00f1ol","article_published_time":"2025-10-14T08:31:23+00:00","article_modified_time":"2025-10-14T08:31:25+00:00","og_image":[{"width":1080,"height":1440,"url":"https:\/\/www.firstlapf1.com\/wp-content\/uploads\/2025\/10\/20251014_102019.jpg","type":"image\/jpeg"}],"author":"Miguel Lora-Paquet","twitter_card":"summary_large_image","twitter_misc":{"Written by":"Miguel Lora-Paquet","Estimated reading time":"3 minutes"},"schema":{"@context":"https:\/\/schema.org","@graph":[{"@type":"Article","@id":"https:\/\/www.firstlapf1.com\/oficial-diogo-moreira-debutara-en-motogp-con-lcr\/#article","isPartOf":{"@id":"https:\/\/www.firstlapf1.com\/oficial-diogo-moreira-debutara-en-motogp-con-lcr\/"},"author":{"name":"Miguel Lora-Paquet","@id":"https:\/\/www.firstlapf1.com\/#\/schema\/person\/9eca09873eecb6d7836bc1a0bbd78250"},"headline":"OFICIAL: Diogo Moreira debutar\u00e1 en MotoGP con LCR","datePublished":"2025-10-14T08:31:23+00:00","dateModified":"2025-10-14T08:31:25+00:00","mainEntityOfPage":{"@id":"https:\/\/www.firstlapf1.com\/oficial-diogo-moreira-debutara-en-motogp-con-lcr\/"},"wordCount":428,"image":{"@id":"https:\/\/www.firstlapf1.com\/oficial-diogo-moreira-debutara-en-motogp-con-lcr\/#primaryimage"},"thumbnailUrl":"https:\/\/www.firstlapf1.com\/wp-content\/uploads\/2025\/10\/20251014_102019.jpg","articleSection":["CASTROL Honda LCR"],"inLanguage":"en-GB"},{"@type":"WebPage","@id":"https:\/\/www.firstlapf1.com\/oficial-diogo-moreira-debutara-en-motogp-con-lcr\/","url":"https:\/\/www.firstlapf1.com\/oficial-diogo-moreira-debutara-en-motogp-con-lcr\/","name":"OFICIAL: Diogo Moreira debutar\u00e1 en MotoGP con LCR - Noticias F1 en espa\u00f1ol","isPartOf":{"@id":"https:\/\/www.firstlapf1.com\/#website"},"primaryImageOfPage":{"@id":"https:\/\/www.firstlapf1.com\/oficial-diogo-moreira-debutara-en-motogp-con-lcr\/#primaryimage"},"image":{"@id":"https:\/\/www.firstlapf1.com\/oficial-diogo-moreira-debutara-en-motogp-con-lcr\/#primaryimage"},"thumbnailUrl":"https:\/\/www.firstlapf1.com\/wp-content\/uploads\/2025\/10\/20251014_102019.jpg","datePublished":"2025-10-14T08:31:23+00:00","dateModified":"2025-10-14T08:31:25+00:00","author":{"@id":"https:\/\/www.firstlapf1.com\/#\/schema\/person\/9eca09873eecb6d7836bc1a0bbd78250"},"description":"El piloto brasile\u00f1o Diogo Moreira sube a la categor\u00eda reina y se estrenar\u00e1 con LCR Honda la pr\u00f3xima temporada","inLanguage":"en-GB","potentialAction":[{"@type":"ReadAction","target":["https:\/\/www.firstlapf1.com\/oficial-diogo-moreira-debutara-en-motogp-con-lcr\/"]}]},{"@type":"ImageObject","inLanguage":"en-GB","@id":"https:\/\/www.firstlapf1.com\/oficial-diogo-moreira-debutara-en-motogp-con-lcr\/#primaryimage","url":"https:\/\/www.firstlapf1.com\/wp-content\/uploads\/2025\/10\/20251014_102019.jpg","contentUrl":"https:\/\/www.firstlapf1.com\/wp-content\/uploads\/2025\/10\/20251014_102019.jpg","width":1080,"height":1440},{"@type":"WebSite","@id":"https:\/\/www.firstlapf1.com\/#website","url":"https:\/\/www.firstlapf1.com\/","name":"Noticias F1 en espa\u00f1ol","description":"Noticias F1 en espa\u00f1ol","potentialAction":[{"@type":"SearchAction","target":{"@type":"EntryPoint","urlTemplate":"https:\/\/www.firstlapf1.com\/?s={search_term_string}"},"query-input":{"@type":"PropertyValueSpecification","valueRequired":true,"valueName":"search_term_string"}}],"inLanguage":"en-GB"},{"@type":"Person","@id":"https:\/\/www.firstlapf1.com\/#\/schema\/person\/9eca09873eecb6d7836bc1a0bbd78250","name":"Miguel Lora-Paquet","image":{"@type":"ImageObject","inLanguage":"en-GB","@id":"https:\/\/www.firstlapf1.com\/#\/schema\/person\/image\/","url":"https:\/\/www.firstlapf1.com\/wp-content\/uploads\/2022\/09\/7d393f41-126a-4a1e-bf1d-9d04e2ebc621.jpeg","contentUrl":"https:\/\/www.firstlapf1.com\/wp-content\/uploads\/2022\/09\/7d393f41-126a-4a1e-bf1d-9d04e2ebc621.jpeg","caption":"Miguel Lora-Paquet"},"url":"https:\/\/www.firstlapf1.com\/en\/author\/miguel\/"}]}},"jetpack_featured_media_url":"https:\/\/www.firstlapf1.com\/wp-content\/uploads\/2025\/10\/20251014_102019.jpg","jetpack_sharing_enabled":true,"_links":{"self":[{"href":"https:\/\/www.firstlapf1.com\/en\/wp-json\/wp\/v2\/posts\/15687","targetHints":{"allow":["GET"]}}],"collection":[{"href":"https:\/\/www.firstlapf1.com\/en\/wp-json\/wp\/v2\/posts"}],"about":[{"href":"https:\/\/www.firstlapf1.com\/en\/wp-json\/wp\/v2\/types\/post"}],"author":[{"embeddable":true,"href":"https:\/\/www.firstlapf1.com\/en\/wp-json\/wp\/v2\/users\/2"}],"replies":[{"embeddable":true,"href":"https:\/\/www.firstlapf1.com\/en\/wp-json\/wp\/v2\/comments?post=15687"}],"version-history":[{"count":4,"href":"https:\/\/www.firstlapf1.com\/en\/wp-json\/wp\/v2\/posts\/15687\/revisions"}],"predecessor-version":[{"id":16614,"href":"https:\/\/www.firstlapf1.com\/en\/wp-json\/wp\/v2\/posts\/15687\/revisions\/16614"}],"wp:featuredmedia":[{"embeddable":true,"href":"https:\/\/www.firstlapf1.com\/en\/wp-json\/wp\/v2\/media\/16615"}],"wp:attachment":[{"href":"https:\/\/www.firstlapf1.com\/en\/wp-json\/wp\/v2\/media?parent=15687"}],"wp:term":[{"taxonomy":"category","embeddable":true,"href":"https:\/\/www.firstlapf1.com\/en\/wp-json\/wp\/v2\/categories?post=15687"},{"taxonomy":"post_tag","embeddable":true,"href":"https:\/\/www.firstlapf1.com\/en\/wp-json\/wp\/v2\/tags?post=15687"}],"curies":[{"name":"wp","href":"https:\/\/api.w.org\/{rel}","templated":true}]}}