{"id":14833,"date":"2025-06-14T21:45:19","date_gmt":"2025-06-14T21:45:19","guid":{"rendered":"https:\/\/www.firstlapf1.com\/?p=14833"},"modified":"2025-06-14T21:45:23","modified_gmt":"2025-06-14T21:45:23","slug":"resultados-clasificacion-russell-logra-su-segunda-pole-consecutiva-en-canada","status":"publish","type":"post","link":"https:\/\/www.firstlapf1.com\/en\/resultados-clasificacion-russell-logra-su-segunda-pole-consecutiva-en-canada\/","title":{"rendered":"Resultados Clasificaci\u00f3n: Russell logra su segunda pole consecutiva en Canad\u00e1"},"content":{"rendered":"<h2 class=\"wp-block-heading\">El brit\u00e1nico supera a Verstappen para apuntarse una sobresaliente pole en los resultados de la clasificaci\u00f3n; Piastri partir\u00e1 tercero<\/h2>\n\n\n\n<p>La F\u00f3rmula 1 regresa al continente americano para disputar la d\u00e9cima cita del <a href=\"https:\/\/www.formula1.com\/\" target=\"_blank\" rel=\"noreferrer noopener\">campeonato del mundo<\/a> en el trazado canadiense <a href=\"https:\/\/www.firstlapf1.com\/en\/category\/canada\/\" target=\"_blank\" rel=\"noreferrer noopener\">Gilles Villeneuve<\/a>. Un circuito hist\u00f3rico en el que los entrenamientos libres se los repartieron entre tres escuder\u00edas diferentes. Verstappen, Russell y Norris lideraron unas pr\u00e1cticas repletas de incidentes y banderas rojas. La clasificaci\u00f3n asomaba en el horizonte para dirimir la parrilla de ma\u00f1ana en los resultados de la clasificaci\u00f3n.<\/p>\n\n\n\n<h2 class=\"wp-block-heading has-normal-font-size\">Q1<\/h2>\n\n\n\n<p>Los primeros coches en hacer acto de presencia en Montreal lo har\u00edan con diferentes compuestos de neum\u00e1ticos, ya que Antonelli y los Alpine optaban por montar la goma media.<\/p>\n\n\n\n<p>El mejor tiempo en los primeros intentos lo establec\u00eda George Russell con un 1:12.5, seguido de cerca por su compa\u00f1ero de equipo y Lando Norris. Sin embargo, la evoluci\u00f3n de la pista hac\u00eda presagiar mejoras importantes de todos los pilotos. Alonso, tambi\u00e9n con el neum\u00e1tico amarillo, cerraba vuelta para colocarse en cuarta posici\u00f3n, mientras que Piastri se encaramaba a lo m\u00e1s alto de la tabla de tiempos.<\/p>\n\n\n\n<p>El cron\u00f3metro marcaba el ecuador de la primera sesi\u00f3n y los pilotos segu\u00edan pintando los parciales de verde y morado. Alonso segu\u00eda mejorando sus sensaciones con los medios y Verstappen se situaba en segundo lugar.<\/p>\n\n\n\n<p>A continuaci\u00f3n, a falta de cinco minutos, Albon perd\u00eda la cubierta motor de su Williams dejando piezas del monoplaza esparcidas en la recta de atr\u00e1s. La sesi\u00f3n se deten\u00eda con bandera roja durante un par de minutos.<\/p>\n\n\n\n<p>En cuanto el sem\u00e1foro se puso en verde, los McLaren volver\u00edan a comandar la tabla de tiempos de forma solvente, mientras que Tsunoda, en posici\u00f3n de peligro en los resultados de la clasificaci\u00f3n, lograba salvar la papeleta. El que no pudo hacerlo fue Sainz, quien se vio perjudicado por un Hadjar que impidi\u00f3 y arruin\u00f3 la vuelta del madrile\u00f1o.<\/p>\n\n\n\n<p>Pilotos eliminados: Bortoleto, Sainz, Stroll, Lawson y Gasly.<\/p>\n\n\n\n<figure class=\"wp-block-image size-large\"><img loading=\"lazy\" decoding=\"async\" width=\"1024\" height=\"576\" src=\"https:\/\/www.firstlapf1.com\/wp-content\/uploads\/2025\/06\/1000045361-1024x576.jpg\" alt=\"\" class=\"wp-image-14837\" srcset=\"https:\/\/www.firstlapf1.com\/wp-content\/uploads\/2025\/06\/1000045361-1024x576.jpg 1024w, https:\/\/www.firstlapf1.com\/wp-content\/uploads\/2025\/06\/1000045361-300x169.jpg 300w, https:\/\/www.firstlapf1.com\/wp-content\/uploads\/2025\/06\/1000045361-768x432.jpg 768w, https:\/\/www.firstlapf1.com\/wp-content\/uploads\/2025\/06\/1000045361-1536x864.jpg 1536w, https:\/\/www.firstlapf1.com\/wp-content\/uploads\/2025\/06\/1000045361-18x10.jpg 18w, https:\/\/www.firstlapf1.com\/wp-content\/uploads\/2025\/06\/1000045361-190x107.jpg 190w, https:\/\/www.firstlapf1.com\/wp-content\/uploads\/2025\/06\/1000045361.jpg 1920w\" sizes=\"auto, (max-width: 1024px) 100vw, 1024px\" \/><figcaption class=\"wp-element-caption\">Fuente: F1 en X<\/figcaption><\/figure>\n\n\n\n<h2 class=\"wp-block-heading has-normal-font-size\">Resultados clasificaci\u00f3n (Q2)<\/h2>\n\n\n\n<p>En el primer envite de estos quince minutos, Verstappen le ganaba la partida a los McLaren con un neum\u00e1tico medio, mientras que los papaya, con blandos, estaban al acecho. Los Ferrari les segu\u00edan por detr\u00e1s en cuarta y quinta posici\u00f3n, mientras que un entonado Alonso montaba el compuesto rojo por primera vez para ser sexto.<\/p>\n\n\n\n<p>La tabla de tiempos reflejaba un apunte a tener en cuenta, y es que Verstappen, que hab\u00eda sido el \u00fanico de los quince en apostar por el medio, hab\u00eda sido el m\u00e1s r\u00e1pido hasta ahora con un tiempo de 1:11.6.<\/p>\n\n\n\n<p>Esto hizo que varios pilotos se decantasen por calzarse los zapatos amarillos para la vuelta decisiva. Alonso, Colapinto y los Mercedes, entre ellos. El \u201863\u2019 escalaba al primer puesto y Alonso volv\u00eda a recuperar la sexta posici\u00f3n para colarse en Q3 por cuarta vez consecutiva.<\/p>\n\n\n\n<p>Pilotos eliminados: Tsunoda, Colapinto, H\u00fclkenberg, Bearman y Ocon.<\/p>\n\n\n\n<figure class=\"wp-block-image size-large\"><img loading=\"lazy\" decoding=\"async\" width=\"1024\" height=\"576\" src=\"https:\/\/www.firstlapf1.com\/wp-content\/uploads\/2025\/06\/1000045360-1024x576.jpg\" alt=\"\" class=\"wp-image-14838\" srcset=\"https:\/\/www.firstlapf1.com\/wp-content\/uploads\/2025\/06\/1000045360-1024x576.jpg 1024w, https:\/\/www.firstlapf1.com\/wp-content\/uploads\/2025\/06\/1000045360-300x169.jpg 300w, https:\/\/www.firstlapf1.com\/wp-content\/uploads\/2025\/06\/1000045360-768x432.jpg 768w, https:\/\/www.firstlapf1.com\/wp-content\/uploads\/2025\/06\/1000045360-1536x864.jpg 1536w, https:\/\/www.firstlapf1.com\/wp-content\/uploads\/2025\/06\/1000045360-18x10.jpg 18w, https:\/\/www.firstlapf1.com\/wp-content\/uploads\/2025\/06\/1000045360-190x107.jpg 190w, https:\/\/www.firstlapf1.com\/wp-content\/uploads\/2025\/06\/1000045360.jpg 1920w\" sizes=\"auto, (max-width: 1024px) 100vw, 1024px\" \/><figcaption class=\"wp-element-caption\">Fuente: F1 en X<\/figcaption><\/figure>\n\n\n\n<h2 class=\"wp-block-heading has-normal-font-size\">Q3<\/h2>\n\n\n\n<p>Los diez supervivientes se disputaban una pole que previsiblemente iba a estar en un pa\u00f1uelo. Los Mercedes jugar\u00edan a pie cambiado siendo los \u00fanicos en pista con neum\u00e1ticos medios.<\/p>\n\n\n\n<p>Los McLaren ser\u00edan los primeros en marcar una referencia. Piastri, gris durante todo el fin de semana, se sacaba de la manga un espectacular 1:11.2, mientras que Norris no pod\u00eda cerrar el tercer sector al pasarse de frenada en la \u00faltima chicane. Sin embargo, Max Verstappen sub\u00eda la apuesta del australiano batiendo al \u201881\u2019 por 25 mil\u00e9simas.<\/p>\n\n\n\n<p>Inmediatamente despu\u00e9s, los Mercedes se situaban en tercera y cuarta posici\u00f3n, mientras que los Ferrari estaban muy atr\u00e1s, sexto y octavo. Alonso, moment\u00e1neamente, era s\u00e9ptimo.<\/p>\n\n\n\n<p>En el push final, el asturiano volv\u00eda a recurrir al neum\u00e1tico medio que tan buenas sensaciones le hab\u00eda dado en las anteriores sesiones, para lograr una meritoria sexta posici\u00f3n.<\/p>\n\n\n\n<p>Mientras tanto, Leclerc se ve\u00eda afectado por el aire sucio de Hadjar, que quedaba por detr\u00e1s de Alonso. Al igual que Norris, que con un desastroso segundo sector, solo pod\u00eda ser s\u00e9ptimo.<\/p>\n\n\n\n<p>En la pelea por la pole, todo parec\u00eda estar entre Piastri y Verstappen, hasta que un sorprendente Russell lograba batir a ambos para hacerse con una pole descomunal sellada con un 1:10.8 en los resultados de la clasificaci\u00f3n. El brit\u00e1nico compartir\u00e1 primera fila con el tetracampe\u00f3n.<\/p>\n\n\n\n<figure class=\"wp-block-image size-large\"><img loading=\"lazy\" decoding=\"async\" width=\"1024\" height=\"683\" src=\"https:\/\/www.firstlapf1.com\/wp-content\/uploads\/2025\/06\/1000045365-1024x683.jpg\" alt=\"\" class=\"wp-image-14839\" srcset=\"https:\/\/www.firstlapf1.com\/wp-content\/uploads\/2025\/06\/1000045365-1024x683.jpg 1024w, https:\/\/www.firstlapf1.com\/wp-content\/uploads\/2025\/06\/1000045365-300x200.jpg 300w, https:\/\/www.firstlapf1.com\/wp-content\/uploads\/2025\/06\/1000045365-768x512.jpg 768w, https:\/\/www.firstlapf1.com\/wp-content\/uploads\/2025\/06\/1000045365-1536x1024.jpg 1536w, https:\/\/www.firstlapf1.com\/wp-content\/uploads\/2025\/06\/1000045365-18x12.jpg 18w, https:\/\/www.firstlapf1.com\/wp-content\/uploads\/2025\/06\/1000045365.jpg 2048w\" sizes=\"auto, (max-width: 1024px) 100vw, 1024px\" \/><figcaption class=\"wp-element-caption\">Fuente: F1 en X (fuente portada: F1 en X)<\/figcaption><\/figure>\n\n\n\n<h2 class=\"wp-block-heading has-normal-font-size\">Resultados finales<\/h2>\n\n\n\n<p>1. George Russell (1:10.899)<\/p>\n\n\n\n<p>2. Max Verstappen (+0.160)<\/p>\n\n\n\n<p>3. Oscar Piastri (+0.221)<\/p>\n\n\n\n<p>4. Andrea Kimi Antonelli (+0.492)<\/p>\n\n\n\n<p>5. Lewis Hamilton (+0.627)<\/p>\n\n\n\n<p>6. Fernando Alonso (+0.687)<\/p>\n\n\n\n<p>7. Lando Norris (+0.726)<\/p>\n\n\n\n<p>8. Charles Leclerc (+0.783)<\/p>\n\n\n\n<p>9. Isack Hadjar (+0.968)<\/p>\n\n\n\n<p>10. Alexander Albon (+1.008)<\/p>\n\n\n\n<p>11. Yuki Tsunoda<\/p>\n\n\n\n<p>12. Franco Colapinto<\/p>\n\n\n\n<p>13. Nico H\u00fclkenberg<\/p>\n\n\n\n<p>14. Oliver Bearman<\/p>\n\n\n\n<p>15. Esteban Ocon<\/p>\n\n\n\n<p>16. Gabriel Bortoleto<\/p>\n\n\n\n<p>17. Carlos Sainz<\/p>\n\n\n\n<p>18. Lance Stroll<\/p>\n\n\n\n<p>19. Liam Lawson<\/p>\n\n\n\n<p>20. Pierre Gasly<\/p>","protected":false},"excerpt":{"rendered":"<p>El brit\u00e1nico supera a Verstappen para apuntarse una sobresaliente pole en los resultados de la clasificaci\u00f3n; Piastri partir\u00e1 tercero &hellip; <span class=\"more-button\"><a href=\"https:\/\/www.firstlapf1.com\/en\/resultados-clasificacion-russell-logra-su-segunda-pole-consecutiva-en-canada\/\" class=\"more-link\">Continue reading<span class=\"screen-reader-text\">Resultados Clasificaci\u00f3n: Russell logra su segunda pole consecutiva en Canad\u00e1<\/span><\/a><\/span><\/p>","protected":false},"author":68,"featured_media":14841,"comment_status":"closed","ping_status":"open","sticky":false,"template":"","format":"standard","meta":{"_jetpack_memberships_contains_paid_content":false,"footnotes":""},"categories":[6,7,18,35],"tags":[],"class_list":["post-14833","post","type-post","status-publish","format-standard","has-post-thumbnail","hentry","category-circuitos","category-escuderias-f1","category-canada","category-mercedes-amg"],"yoast_head":"<!-- This site is optimized with the Yoast SEO plugin v27.0 - https:\/\/yoast.com\/product\/yoast-seo-wordpress\/ -->\n<title>Resultados Clasificaci\u00f3n: Russell logra su segunda pole consecutiva en Canad\u00e1 - Noticias F1 en espa\u00f1ol<\/title>\n<meta name=\"description\" content=\"El brit\u00e1nico supera a Verstappen para apuntarse una sobresaliente pole en los resultados de la clasificaci\u00f3n; Piastri partir\u00e1 tercero\" \/>\n<meta name=\"robots\" content=\"index, follow, max-snippet:-1, max-image-preview:large, max-video-preview:-1\" \/>\n<link rel=\"canonical\" href=\"https:\/\/www.firstlapf1.com\/en\/resultados-clasificacion-russell-logra-su-segunda-pole-consecutiva-en-canada\/\" \/>\n<meta property=\"og:locale\" content=\"en_GB\" \/>\n<meta property=\"og:type\" content=\"article\" \/>\n<meta property=\"og:title\" content=\"Resultados Clasificaci\u00f3n: Russell logra su segunda pole consecutiva en Canad\u00e1 - Noticias F1 en espa\u00f1ol\" \/>\n<meta property=\"og:description\" content=\"El brit\u00e1nico supera a Verstappen para apuntarse una sobresaliente pole en los resultados de la clasificaci\u00f3n; Piastri partir\u00e1 tercero\" \/>\n<meta property=\"og:url\" content=\"https:\/\/www.firstlapf1.com\/en\/resultados-clasificacion-russell-logra-su-segunda-pole-consecutiva-en-canada\/\" \/>\n<meta property=\"og:site_name\" content=\"Noticias F1 en espa\u00f1ol\" \/>\n<meta property=\"article:published_time\" content=\"2025-06-14T21:45:19+00:00\" \/>\n<meta property=\"article:modified_time\" content=\"2025-06-14T21:45:23+00:00\" \/>\n<meta property=\"og:image\" content=\"https:\/\/www.firstlapf1.com\/wp-content\/uploads\/2025\/06\/20250614_231154.jpg\" \/>\n\t<meta property=\"og:image:width\" content=\"1638\" \/>\n\t<meta property=\"og:image:height\" content=\"2048\" \/>\n\t<meta property=\"og:image:type\" content=\"image\/jpeg\" \/>\n<meta name=\"author\" content=\"Carlos Romero\" \/>\n<meta name=\"twitter:card\" content=\"summary_large_image\" \/>\n<meta name=\"twitter:label1\" content=\"Written by\" \/>\n\t<meta name=\"twitter:data1\" content=\"Carlos Romero\" \/>\n\t<meta name=\"twitter:label2\" content=\"Estimated reading time\" \/>\n\t<meta name=\"twitter:data2\" content=\"5 minutes\" \/>\n<script type=\"application\/ld+json\" class=\"yoast-schema-graph\">{\"@context\":\"https:\/\/schema.org\",\"@graph\":[{\"@type\":\"Article\",\"@id\":\"https:\/\/www.firstlapf1.com\/resultados-clasificacion-russell-logra-su-segunda-pole-consecutiva-en-canada\/#article\",\"isPartOf\":{\"@id\":\"https:\/\/www.firstlapf1.com\/resultados-clasificacion-russell-logra-su-segunda-pole-consecutiva-en-canada\/\"},\"author\":{\"name\":\"Carlos Romero\",\"@id\":\"https:\/\/www.firstlapf1.com\/#\/schema\/person\/4025a25d012df0a6c6b91c3e674ad56e\"},\"headline\":\"Resultados Clasificaci\u00f3n: Russell logra su segunda pole consecutiva en Canad\u00e1\",\"datePublished\":\"2025-06-14T21:45:19+00:00\",\"dateModified\":\"2025-06-14T21:45:23+00:00\",\"mainEntityOfPage\":{\"@id\":\"https:\/\/www.firstlapf1.com\/resultados-clasificacion-russell-logra-su-segunda-pole-consecutiva-en-canada\/\"},\"wordCount\":828,\"image\":{\"@id\":\"https:\/\/www.firstlapf1.com\/resultados-clasificacion-russell-logra-su-segunda-pole-consecutiva-en-canada\/#primaryimage\"},\"thumbnailUrl\":\"https:\/\/www.firstlapf1.com\/wp-content\/uploads\/2025\/06\/20250614_231154.jpg\",\"articleSection\":[\"Circuitos\",\"Escuder\u00edas\",\"GP Canad\u00e1 (Circuito Gilles Villeneuve)\",\"Mercedes-AMG PETRONAS Formula One Team\"],\"inLanguage\":\"en-GB\"},{\"@type\":\"WebPage\",\"@id\":\"https:\/\/www.firstlapf1.com\/resultados-clasificacion-russell-logra-su-segunda-pole-consecutiva-en-canada\/\",\"url\":\"https:\/\/www.firstlapf1.com\/resultados-clasificacion-russell-logra-su-segunda-pole-consecutiva-en-canada\/\",\"name\":\"Resultados Clasificaci\u00f3n: Russell logra su segunda pole consecutiva en Canad\u00e1 - Noticias F1 en espa\u00f1ol\",\"isPartOf\":{\"@id\":\"https:\/\/www.firstlapf1.com\/#website\"},\"primaryImageOfPage\":{\"@id\":\"https:\/\/www.firstlapf1.com\/resultados-clasificacion-russell-logra-su-segunda-pole-consecutiva-en-canada\/#primaryimage\"},\"image\":{\"@id\":\"https:\/\/www.firstlapf1.com\/resultados-clasificacion-russell-logra-su-segunda-pole-consecutiva-en-canada\/#primaryimage\"},\"thumbnailUrl\":\"https:\/\/www.firstlapf1.com\/wp-content\/uploads\/2025\/06\/20250614_231154.jpg\",\"datePublished\":\"2025-06-14T21:45:19+00:00\",\"dateModified\":\"2025-06-14T21:45:23+00:00\",\"author\":{\"@id\":\"https:\/\/www.firstlapf1.com\/#\/schema\/person\/4025a25d012df0a6c6b91c3e674ad56e\"},\"description\":\"El brit\u00e1nico supera a Verstappen para apuntarse una sobresaliente pole en los resultados de la clasificaci\u00f3n; Piastri partir\u00e1 tercero\",\"inLanguage\":\"en-GB\",\"potentialAction\":[{\"@type\":\"ReadAction\",\"target\":[\"https:\/\/www.firstlapf1.com\/resultados-clasificacion-russell-logra-su-segunda-pole-consecutiva-en-canada\/\"]}]},{\"@type\":\"ImageObject\",\"inLanguage\":\"en-GB\",\"@id\":\"https:\/\/www.firstlapf1.com\/resultados-clasificacion-russell-logra-su-segunda-pole-consecutiva-en-canada\/#primaryimage\",\"url\":\"https:\/\/www.firstlapf1.com\/wp-content\/uploads\/2025\/06\/20250614_231154.jpg\",\"contentUrl\":\"https:\/\/www.firstlapf1.com\/wp-content\/uploads\/2025\/06\/20250614_231154.jpg\",\"width\":1638,\"height\":2048},{\"@type\":\"WebSite\",\"@id\":\"https:\/\/www.firstlapf1.com\/#website\",\"url\":\"https:\/\/www.firstlapf1.com\/\",\"name\":\"Noticias F1 en espa\u00f1ol\",\"description\":\"Noticias F1 en espa\u00f1ol\",\"potentialAction\":[{\"@type\":\"SearchAction\",\"target\":{\"@type\":\"EntryPoint\",\"urlTemplate\":\"https:\/\/www.firstlapf1.com\/?s={search_term_string}\"},\"query-input\":{\"@type\":\"PropertyValueSpecification\",\"valueRequired\":true,\"valueName\":\"search_term_string\"}}],\"inLanguage\":\"en-GB\"},{\"@type\":\"Person\",\"@id\":\"https:\/\/www.firstlapf1.com\/#\/schema\/person\/4025a25d012df0a6c6b91c3e674ad56e\",\"name\":\"Carlos Romero\",\"image\":{\"@type\":\"ImageObject\",\"inLanguage\":\"en-GB\",\"@id\":\"https:\/\/www.firstlapf1.com\/#\/schema\/person\/image\/\",\"url\":\"https:\/\/secure.gravatar.com\/avatar\/8b884f92f5d9dbe19fee47e83238a7e3441c963fc4b7bb131a9e54dbb72ce95c?s=96&d=mm&r=g\",\"contentUrl\":\"https:\/\/secure.gravatar.com\/avatar\/8b884f92f5d9dbe19fee47e83238a7e3441c963fc4b7bb131a9e54dbb72ce95c?s=96&d=mm&r=g\",\"caption\":\"Carlos Romero\"},\"sameAs\":[\"http:\/\/www.firstlapf1.com\/\"],\"url\":\"https:\/\/www.firstlapf1.com\/en\/author\/carrom\/\"}]}<\/script>\n<!-- \/ Yoast SEO plugin. -->","yoast_head_json":{"title":"Resultados Clasificaci\u00f3n: Russell logra su segunda pole consecutiva en Canad\u00e1 - Noticias F1 en espa\u00f1ol","description":"El brit\u00e1nico supera a Verstappen para apuntarse una sobresaliente pole en los resultados de la clasificaci\u00f3n; Piastri partir\u00e1 tercero","robots":{"index":"index","follow":"follow","max-snippet":"max-snippet:-1","max-image-preview":"max-image-preview:large","max-video-preview":"max-video-preview:-1"},"canonical":"https:\/\/www.firstlapf1.com\/en\/resultados-clasificacion-russell-logra-su-segunda-pole-consecutiva-en-canada\/","og_locale":"en_GB","og_type":"article","og_title":"Resultados Clasificaci\u00f3n: Russell logra su segunda pole consecutiva en Canad\u00e1 - Noticias F1 en espa\u00f1ol","og_description":"El brit\u00e1nico supera a Verstappen para apuntarse una sobresaliente pole en los resultados de la clasificaci\u00f3n; Piastri partir\u00e1 tercero","og_url":"https:\/\/www.firstlapf1.com\/en\/resultados-clasificacion-russell-logra-su-segunda-pole-consecutiva-en-canada\/","og_site_name":"Noticias F1 en espa\u00f1ol","article_published_time":"2025-06-14T21:45:19+00:00","article_modified_time":"2025-06-14T21:45:23+00:00","og_image":[{"width":1638,"height":2048,"url":"https:\/\/www.firstlapf1.com\/wp-content\/uploads\/2025\/06\/20250614_231154.jpg","type":"image\/jpeg"}],"author":"Carlos Romero","twitter_card":"summary_large_image","twitter_misc":{"Written by":"Carlos Romero","Estimated reading time":"5 minutes"},"schema":{"@context":"https:\/\/schema.org","@graph":[{"@type":"Article","@id":"https:\/\/www.firstlapf1.com\/resultados-clasificacion-russell-logra-su-segunda-pole-consecutiva-en-canada\/#article","isPartOf":{"@id":"https:\/\/www.firstlapf1.com\/resultados-clasificacion-russell-logra-su-segunda-pole-consecutiva-en-canada\/"},"author":{"name":"Carlos Romero","@id":"https:\/\/www.firstlapf1.com\/#\/schema\/person\/4025a25d012df0a6c6b91c3e674ad56e"},"headline":"Resultados Clasificaci\u00f3n: Russell logra su segunda pole consecutiva en Canad\u00e1","datePublished":"2025-06-14T21:45:19+00:00","dateModified":"2025-06-14T21:45:23+00:00","mainEntityOfPage":{"@id":"https:\/\/www.firstlapf1.com\/resultados-clasificacion-russell-logra-su-segunda-pole-consecutiva-en-canada\/"},"wordCount":828,"image":{"@id":"https:\/\/www.firstlapf1.com\/resultados-clasificacion-russell-logra-su-segunda-pole-consecutiva-en-canada\/#primaryimage"},"thumbnailUrl":"https:\/\/www.firstlapf1.com\/wp-content\/uploads\/2025\/06\/20250614_231154.jpg","articleSection":["Circuitos","Escuder\u00edas","GP Canad\u00e1 (Circuito Gilles Villeneuve)","Mercedes-AMG PETRONAS Formula One Team"],"inLanguage":"en-GB"},{"@type":"WebPage","@id":"https:\/\/www.firstlapf1.com\/resultados-clasificacion-russell-logra-su-segunda-pole-consecutiva-en-canada\/","url":"https:\/\/www.firstlapf1.com\/resultados-clasificacion-russell-logra-su-segunda-pole-consecutiva-en-canada\/","name":"Resultados Clasificaci\u00f3n: Russell logra su segunda pole consecutiva en Canad\u00e1 - Noticias F1 en espa\u00f1ol","isPartOf":{"@id":"https:\/\/www.firstlapf1.com\/#website"},"primaryImageOfPage":{"@id":"https:\/\/www.firstlapf1.com\/resultados-clasificacion-russell-logra-su-segunda-pole-consecutiva-en-canada\/#primaryimage"},"image":{"@id":"https:\/\/www.firstlapf1.com\/resultados-clasificacion-russell-logra-su-segunda-pole-consecutiva-en-canada\/#primaryimage"},"thumbnailUrl":"https:\/\/www.firstlapf1.com\/wp-content\/uploads\/2025\/06\/20250614_231154.jpg","datePublished":"2025-06-14T21:45:19+00:00","dateModified":"2025-06-14T21:45:23+00:00","author":{"@id":"https:\/\/www.firstlapf1.com\/#\/schema\/person\/4025a25d012df0a6c6b91c3e674ad56e"},"description":"El brit\u00e1nico supera a Verstappen para apuntarse una sobresaliente pole en los resultados de la clasificaci\u00f3n; Piastri partir\u00e1 tercero","inLanguage":"en-GB","potentialAction":[{"@type":"ReadAction","target":["https:\/\/www.firstlapf1.com\/resultados-clasificacion-russell-logra-su-segunda-pole-consecutiva-en-canada\/"]}]},{"@type":"ImageObject","inLanguage":"en-GB","@id":"https:\/\/www.firstlapf1.com\/resultados-clasificacion-russell-logra-su-segunda-pole-consecutiva-en-canada\/#primaryimage","url":"https:\/\/www.firstlapf1.com\/wp-content\/uploads\/2025\/06\/20250614_231154.jpg","contentUrl":"https:\/\/www.firstlapf1.com\/wp-content\/uploads\/2025\/06\/20250614_231154.jpg","width":1638,"height":2048},{"@type":"WebSite","@id":"https:\/\/www.firstlapf1.com\/#website","url":"https:\/\/www.firstlapf1.com\/","name":"Noticias F1 en espa\u00f1ol","description":"Noticias F1 en espa\u00f1ol","potentialAction":[{"@type":"SearchAction","target":{"@type":"EntryPoint","urlTemplate":"https:\/\/www.firstlapf1.com\/?s={search_term_string}"},"query-input":{"@type":"PropertyValueSpecification","valueRequired":true,"valueName":"search_term_string"}}],"inLanguage":"en-GB"},{"@type":"Person","@id":"https:\/\/www.firstlapf1.com\/#\/schema\/person\/4025a25d012df0a6c6b91c3e674ad56e","name":"Carlos Romero","image":{"@type":"ImageObject","inLanguage":"en-GB","@id":"https:\/\/www.firstlapf1.com\/#\/schema\/person\/image\/","url":"https:\/\/secure.gravatar.com\/avatar\/8b884f92f5d9dbe19fee47e83238a7e3441c963fc4b7bb131a9e54dbb72ce95c?s=96&d=mm&r=g","contentUrl":"https:\/\/secure.gravatar.com\/avatar\/8b884f92f5d9dbe19fee47e83238a7e3441c963fc4b7bb131a9e54dbb72ce95c?s=96&d=mm&r=g","caption":"Carlos Romero"},"sameAs":["http:\/\/www.firstlapf1.com\/"],"url":"https:\/\/www.firstlapf1.com\/en\/author\/carrom\/"}]}},"jetpack_featured_media_url":"https:\/\/www.firstlapf1.com\/wp-content\/uploads\/2025\/06\/20250614_231154.jpg","jetpack_sharing_enabled":true,"_links":{"self":[{"href":"https:\/\/www.firstlapf1.com\/en\/wp-json\/wp\/v2\/posts\/14833","targetHints":{"allow":["GET"]}}],"collection":[{"href":"https:\/\/www.firstlapf1.com\/en\/wp-json\/wp\/v2\/posts"}],"about":[{"href":"https:\/\/www.firstlapf1.com\/en\/wp-json\/wp\/v2\/types\/post"}],"author":[{"embeddable":true,"href":"https:\/\/www.firstlapf1.com\/en\/wp-json\/wp\/v2\/users\/68"}],"replies":[{"embeddable":true,"href":"https:\/\/www.firstlapf1.com\/en\/wp-json\/wp\/v2\/comments?post=14833"}],"version-history":[{"count":3,"href":"https:\/\/www.firstlapf1.com\/en\/wp-json\/wp\/v2\/posts\/14833\/revisions"}],"predecessor-version":[{"id":14842,"href":"https:\/\/www.firstlapf1.com\/en\/wp-json\/wp\/v2\/posts\/14833\/revisions\/14842"}],"wp:featuredmedia":[{"embeddable":true,"href":"https:\/\/www.firstlapf1.com\/en\/wp-json\/wp\/v2\/media\/14841"}],"wp:attachment":[{"href":"https:\/\/www.firstlapf1.com\/en\/wp-json\/wp\/v2\/media?parent=14833"}],"wp:term":[{"taxonomy":"category","embeddable":true,"href":"https:\/\/www.firstlapf1.com\/en\/wp-json\/wp\/v2\/categories?post=14833"},{"taxonomy":"post_tag","embeddable":true,"href":"https:\/\/www.firstlapf1.com\/en\/wp-json\/wp\/v2\/tags?post=14833"}],"curies":[{"name":"wp","href":"https:\/\/api.w.org\/{rel}","templated":true}]}}