{"id":14130,"date":"2025-05-01T18:50:00","date_gmt":"2025-05-01T18:50:00","guid":{"rendered":"https:\/\/www.firstlapf1.com\/?p=14130"},"modified":"2025-05-01T18:50:02","modified_gmt":"2025-05-01T18:50:02","slug":"horario-y-donde-ver-el-gp-de-miami-3","status":"publish","type":"post","link":"https:\/\/www.firstlapf1.com\/en\/horario-y-donde-ver-el-gp-de-miami-3\/","title":{"rendered":"Horario y d\u00f3nde ver el GP de Miami"},"content":{"rendered":"<h2 class=\"wp-block-heading\">La F1 aterriza en el 305 para disputar la 6\u00ba carrera de la temporada, por lo que veamos el horario de las sesiones del GP de Miami<\/h2>\n\n\n\n<p>La m\u00e1xima categor\u00eda del automovilismo llega a <a href=\"https:\/\/www.firstlapf1.com\/en\/category\/miami\/\" target=\"_blank\" rel=\"noreferrer noopener\">Florida<\/a> y lo hace en un momento dulce para McLaren. 4\/5 victorias posibles y con un Piastri opositando a ser el l\u00edder del equipo. Llega a Miami como l\u00edder del Mundial y no es para menos, pues el australiano ha vencido 3 veces, 2 de ellas de forma consecutiva, en Bar\u00e9in y en Arabia Saud\u00ed. Al otro lado del box est\u00e1 Lando Norris, quien espera volver a sentirse c\u00f3modo tras su accidente en Jeddah que le lastr\u00f3 las opciones de victoria. En 2024, el brit\u00e1nico venci\u00f3 por primera vez en este mismo circuito.<\/p>\n\n\n\n<p>En cuanto a Red Bull, todo sigue igual. Max Verstappen maximizar\u00e1 sus opciones, en un trazado en el que ha ganado 2 de 3 ediciones. El tetracampe\u00f3n del mundo logr\u00f3 el podio en Arabia, mientras que Yuki Tsunoda seguir\u00e1 buscando el truco al RB21, tras su DNF hace 2 semanas.<\/p>\n\n\n\n<p>Ferrari y Mercedes continuar\u00e1n en su b\u00fasqueda de atacar a McLaren. Si bien es cierto que los de Brackley han comenzado mejor, los de Maranello alcanzaron el podio por primera vez en 2025 en Jeddah, por lo que ambos llegan con ganas de continuar el buen inicio, especialmente Mercedes. Ferrari, con una apariencia renovada, intentar\u00e1 estar en el top 5.<\/p>\n\n\n\n<figure class=\"wp-block-image size-large\"><img loading=\"lazy\" decoding=\"async\" width=\"819\" height=\"1024\" src=\"https:\/\/www.firstlapf1.com\/wp-content\/uploads\/2025\/05\/1000038479-819x1024.jpg\" alt=\"\" class=\"wp-image-14135\" srcset=\"https:\/\/www.firstlapf1.com\/wp-content\/uploads\/2025\/05\/1000038479-819x1024.jpg 819w, https:\/\/www.firstlapf1.com\/wp-content\/uploads\/2025\/05\/1000038479-240x300.jpg 240w, https:\/\/www.firstlapf1.com\/wp-content\/uploads\/2025\/05\/1000038479-768x960.jpg 768w, https:\/\/www.firstlapf1.com\/wp-content\/uploads\/2025\/05\/1000038479-10x12.jpg 10w, https:\/\/www.firstlapf1.com\/wp-content\/uploads\/2025\/05\/1000038479.jpg 1080w\" sizes=\"auto, (max-width: 819px) 100vw, 819px\" \/><figcaption class=\"wp-element-caption\">Fuente: Atlassian Williams Racing en X<\/figcaption><\/figure>\n\n\n\n<h2 class=\"wp-block-heading\">Horario del <a href=\"https:\/\/www.formula1.com\/\" target=\"_blank\" rel=\"noreferrer noopener\">GP de Miami<\/a><\/h2>\n\n\n\n<h2 class=\"wp-block-heading has-normal-font-size\">F1 (Espa\u00f1a)<\/h2>\n\n\n\n<p>Viernes 2\/5<\/p>\n\n\n\n<ul class=\"wp-block-list\">\n<li>Libres 1 (18:30-19:30)<\/li>\n\n\n\n<li>Sprint Shootout (22:30)<\/li>\n<\/ul>\n\n\n\n<p>S\u00e1bado 3\/5<\/p>\n\n\n\n<ul class=\"wp-block-list\">\n<li>Sprint (18:00)<\/li>\n\n\n\n<li>Clasificaci\u00f3n (22:00)<\/li>\n<\/ul>\n\n\n\n<p>Domingo 4\/5<\/p>\n\n\n\n<ul class=\"wp-block-list\">\n<li>Carrera (22:00)<\/li>\n<\/ul>\n\n\n\n<h2 class=\"wp-block-heading has-normal-font-size\">F1 (Reino Unido)<\/h2>\n\n\n\n<p>Viernes 2\/5<\/p>\n\n\n\n<ul class=\"wp-block-list\">\n<li>Libres 1 (17:30-18:30)<\/li>\n\n\n\n<li>Sprint Shootout (21:30)<\/li>\n<\/ul>\n\n\n\n<p>S\u00e1bado 3\/5<\/p>\n\n\n\n<ul class=\"wp-block-list\">\n<li>Carrera al Sprint (17:00)<\/li>\n\n\n\n<li>Clasificaci\u00f3n (21:00)<\/li>\n<\/ul>\n\n\n\n<p>Domingo 4\/5<\/p>\n\n\n\n<ul class=\"wp-block-list\">\n<li>Carrera (21:00)<\/li>\n<\/ul>\n\n\n\n<h2 class=\"wp-block-heading has-normal-font-size\">F1 (M\u00e9xico)<\/h2>\n\n\n\n<p>Viernes 2\/5<\/p>\n\n\n\n<ul class=\"wp-block-list\">\n<li>Libres 1 (10:30-11:30)<\/li>\n\n\n\n<li>Sprint Shootout (14:30)<\/li>\n<\/ul>\n\n\n\n<p>S\u00e1bado 3\/5<\/p>\n\n\n\n<ul class=\"wp-block-list\">\n<li>Carrera al Sprint (10:00)<\/li>\n\n\n\n<li>Clasificaci\u00f3n (14:00)<\/li>\n<\/ul>\n\n\n\n<p>Domingo 4\/5<\/p>\n\n\n\n<ul class=\"wp-block-list\">\n<li>Carrera (14:00)<\/li>\n<\/ul>\n\n\n\n<h2 class=\"wp-block-heading has-normal-font-size\">F1 (Argentina y Brasil)<\/h2>\n\n\n\n<p>Viernes 2\/5<\/p>\n\n\n\n<ul class=\"wp-block-list\">\n<li>Libres 1 (13:30-14:30)<\/li>\n\n\n\n<li>Sprint Shootout (17:30)<\/li>\n<\/ul>\n\n\n\n<p>S\u00e1bado 3\/5<\/p>\n\n\n\n<ul class=\"wp-block-list\">\n<li>Carrera al Sprint (13:00)<\/li>\n\n\n\n<li>Clasificaci\u00f3n (17:00)<\/li>\n<\/ul>\n\n\n\n<p>Domingo 4\/5<\/p>\n\n\n\n<ul class=\"wp-block-list\">\n<li>Carrera (17:00)<\/li>\n<\/ul>\n\n\n\n<p>Adem\u00e1s de la F1, la F1 Academy compartir\u00e1 trazado con la m\u00e1xima categor\u00eda con motivo de la 3\u00ba ronda del campeonato.<\/p>\n\n\n\n<h2 class=\"wp-block-heading has-normal-font-size\">Horario F1 Academy GP Miami (Espa\u00f1a)<\/h2>\n\n\n\n<p>Viernes 2\/5<\/p>\n\n\n\n<ul class=\"wp-block-list\">\n<li>Libres 1 (16:05-16:45)<\/li>\n\n\n\n<li>Libres 2 (21:20-22:00)<\/li>\n<\/ul>\n\n\n\n<p>S\u00e1bado 3\/5<\/p>\n\n\n\n<ul class=\"wp-block-list\">\n<li>Clasificaci\u00f3n (16:25-16:55)<\/li>\n\n\n\n<li>Carrera 1 (20:55-21:25)<\/li>\n<\/ul>\n\n\n\n<p>Domingo 4\/5<\/p>\n\n\n\n<ul class=\"wp-block-list\">\n<li>Carrera 2 (19:05-19:35)<\/li>\n<\/ul>\n\n\n\n<h2 class=\"wp-block-heading has-normal-font-size\">F1 Academy (Reino Unido)<\/h2>\n\n\n\n<p>Viernes 2\/5<\/p>\n\n\n\n<ul class=\"wp-block-list\">\n<li>Libres 1 (15:05-15:45)<\/li>\n\n\n\n<li>Libres 2 (20:20-21:00)<\/li>\n<\/ul>\n\n\n\n<p>S\u00e1bado 3\/5<\/p>\n\n\n\n<ul class=\"wp-block-list\">\n<li>Clasificaci\u00f3n (15:25-15:55)<\/li>\n\n\n\n<li>Carrera 1 (19:55-20:25)<\/li>\n<\/ul>\n\n\n\n<p>Domingo 4\/5<\/p>\n\n\n\n<ul class=\"wp-block-list\">\n<li>Carrera 2 (18:05-18:35)<\/li>\n<\/ul>\n\n\n\n<h2 class=\"wp-block-heading has-normal-font-size\">F1 Academy (M\u00e9xico)<\/h2>\n\n\n\n<p>Viernes 2\/5<\/p>\n\n\n\n<ul class=\"wp-block-list\">\n<li>Libres 1 (8:05-8:45)<\/li>\n\n\n\n<li>Libres 2 (13:20-14:00)<\/li>\n<\/ul>\n\n\n\n<p>S\u00e1bado. 3\/5<\/p>\n\n\n\n<ul class=\"wp-block-list\">\n<li>Clasificaci\u00f3n (8:25-8:55)<\/li>\n\n\n\n<li>Carrera 1 (12:55-13:25)<\/li>\n<\/ul>\n\n\n\n<p>Domingo 4\/5<\/p>\n\n\n\n<ul class=\"wp-block-list\">\n<li>Carrera 2 (11:05-11:35)<\/li>\n<\/ul>\n\n\n\n<h2 class=\"wp-block-heading has-normal-font-size\">F1 Academy (Argentina y Brasil)<\/h2>\n\n\n\n<p>Viernes 2\/5<\/p>\n\n\n\n<ul class=\"wp-block-list\">\n<li>Libres 1 (11:05-11:45)<\/li>\n\n\n\n<li>Libres 2 (16:20-17:00)<\/li>\n<\/ul>\n\n\n\n<p>S\u00e1bado 3\/5<\/p>\n\n\n\n<ul class=\"wp-block-list\">\n<li>Clasificaci\u00f3n (11:25-11:55)<\/li>\n\n\n\n<li>Carrera 1 (15:45-16:25)<\/li>\n<\/ul>\n\n\n\n<p>Domingo 4\/5<\/p>\n\n\n\n<ul class=\"wp-block-list\">\n<li>Carrera 2 (14:05-14:35)<\/li>\n<\/ul>\n\n\n\n<h2 class=\"wp-block-heading\">\u00bfD\u00f3nde ver el GP de Miami?<\/h2>\n\n\n\n<p>Espa\u00f1a: DAZN F1<\/p>\n\n\n\n<p>Reino Unido: Sky Sports F1<\/p>\n\n\n\n<p>M\u00e9xico: FOX Sports<\/p>\n\n\n\n<p>Brasil: Bandsports<\/p>\n\n\n\n<p>Argentina: Fox Sports Argentina<\/p>\n\n\n\n<figure class=\"wp-block-image size-large\"><img loading=\"lazy\" decoding=\"async\" width=\"820\" height=\"1024\" src=\"https:\/\/www.firstlapf1.com\/wp-content\/uploads\/2025\/05\/1000038480-820x1024.jpg\" alt=\"\" class=\"wp-image-14132\" srcset=\"https:\/\/www.firstlapf1.com\/wp-content\/uploads\/2025\/05\/1000038480-820x1024.jpg 820w, https:\/\/www.firstlapf1.com\/wp-content\/uploads\/2025\/05\/1000038480-240x300.jpg 240w, https:\/\/www.firstlapf1.com\/wp-content\/uploads\/2025\/05\/1000038480-768x960.jpg 768w, https:\/\/www.firstlapf1.com\/wp-content\/uploads\/2025\/05\/1000038480-1229x1536.jpg 1229w, https:\/\/www.firstlapf1.com\/wp-content\/uploads\/2025\/05\/1000038480-10x12.jpg 10w, https:\/\/www.firstlapf1.com\/wp-content\/uploads\/2025\/05\/1000038480.jpg 1639w\" sizes=\"auto, (max-width: 820px) 100vw, 820px\" \/><figcaption class=\"wp-element-caption\">Fuente: BWT Alpine F1 Team en X (fuente portada: Aston Martin Aramco F1 Team en X)<\/figcaption><\/figure>","protected":false},"excerpt":{"rendered":"<p>La F1 aterriza en el 305 para disputar la 6\u00ba carrera de la temporada, por lo que veamos el horario de las sesiones &hellip; <span class=\"more-button\"><a href=\"https:\/\/www.firstlapf1.com\/en\/horario-y-donde-ver-el-gp-de-miami-3\/\" class=\"more-link\">Continue reading<span class=\"screen-reader-text\">Horario y d\u00f3nde ver el GP de Miami<\/span><\/a><\/span><\/p>","protected":false},"author":2,"featured_media":14136,"comment_status":"closed","ping_status":"open","sticky":false,"template":"","format":"standard","meta":{"_jetpack_memberships_contains_paid_content":false,"footnotes":""},"categories":[8,29],"tags":[],"class_list":["post-14130","post","type-post","status-publish","format-standard","has-post-thumbnail","hentry","category-f1-academy","category-miami"],"yoast_head":"<!-- This site is optimized with the Yoast SEO plugin v27.0 - https:\/\/yoast.com\/product\/yoast-seo-wordpress\/ -->\n<title>Horario y d\u00f3nde ver el GP de Miami - Noticias F1 en espa\u00f1ol<\/title>\n<meta name=\"description\" content=\"La F1 aterriza en el 305 para disputar la 6\u00ba carrera de la temporada, por lo que veamos el horario de las sesiones del GP de Miami\" \/>\n<meta name=\"robots\" content=\"index, follow, max-snippet:-1, max-image-preview:large, max-video-preview:-1\" \/>\n<link rel=\"canonical\" href=\"https:\/\/www.firstlapf1.com\/en\/horario-y-donde-ver-el-gp-de-miami-3\/\" \/>\n<meta property=\"og:locale\" content=\"en_GB\" \/>\n<meta property=\"og:type\" content=\"article\" \/>\n<meta property=\"og:title\" content=\"Horario y d\u00f3nde ver el GP de Miami - Noticias F1 en espa\u00f1ol\" \/>\n<meta property=\"og:description\" content=\"La F1 aterriza en el 305 para disputar la 6\u00ba carrera de la temporada, por lo que veamos el horario de las sesiones del GP de Miami\" \/>\n<meta property=\"og:url\" content=\"https:\/\/www.firstlapf1.com\/en\/horario-y-donde-ver-el-gp-de-miami-3\/\" \/>\n<meta property=\"og:site_name\" content=\"Noticias F1 en espa\u00f1ol\" \/>\n<meta property=\"article:published_time\" content=\"2025-05-01T18:50:00+00:00\" \/>\n<meta property=\"article:modified_time\" content=\"2025-05-01T18:50:02+00:00\" \/>\n<meta property=\"og:image\" content=\"https:\/\/www.firstlapf1.com\/wp-content\/uploads\/2025\/05\/20250501_204604.jpg\" \/>\n\t<meta property=\"og:image:width\" content=\"1638\" \/>\n\t<meta property=\"og:image:height\" content=\"2048\" \/>\n\t<meta property=\"og:image:type\" content=\"image\/jpeg\" \/>\n<meta name=\"author\" content=\"Miguel Lora-Paquet\" \/>\n<meta name=\"twitter:card\" content=\"summary_large_image\" \/>\n<meta name=\"twitter:label1\" content=\"Written by\" \/>\n\t<meta name=\"twitter:data1\" content=\"Miguel Lora-Paquet\" \/>\n\t<meta name=\"twitter:label2\" content=\"Estimated reading time\" \/>\n\t<meta name=\"twitter:data2\" content=\"3 minutes\" \/>\n<script type=\"application\/ld+json\" class=\"yoast-schema-graph\">{\"@context\":\"https:\/\/schema.org\",\"@graph\":[{\"@type\":\"Article\",\"@id\":\"https:\/\/www.firstlapf1.com\/horario-y-donde-ver-el-gp-de-miami-3\/#article\",\"isPartOf\":{\"@id\":\"https:\/\/www.firstlapf1.com\/horario-y-donde-ver-el-gp-de-miami-3\/\"},\"author\":{\"name\":\"Miguel Lora-Paquet\",\"@id\":\"https:\/\/www.firstlapf1.com\/#\/schema\/person\/9eca09873eecb6d7836bc1a0bbd78250\"},\"headline\":\"Horario y d\u00f3nde ver el GP de Miami\",\"datePublished\":\"2025-05-01T18:50:00+00:00\",\"dateModified\":\"2025-05-01T18:50:02+00:00\",\"mainEntityOfPage\":{\"@id\":\"https:\/\/www.firstlapf1.com\/horario-y-donde-ver-el-gp-de-miami-3\/\"},\"wordCount\":468,\"image\":{\"@id\":\"https:\/\/www.firstlapf1.com\/horario-y-donde-ver-el-gp-de-miami-3\/#primaryimage\"},\"thumbnailUrl\":\"https:\/\/www.firstlapf1.com\/wp-content\/uploads\/2025\/05\/20250501_204604.jpg\",\"articleSection\":[\"F1 Academy\",\"GP Miami (Aut\u00f3dromo Internacional de Miami)\"],\"inLanguage\":\"en-GB\"},{\"@type\":\"WebPage\",\"@id\":\"https:\/\/www.firstlapf1.com\/horario-y-donde-ver-el-gp-de-miami-3\/\",\"url\":\"https:\/\/www.firstlapf1.com\/horario-y-donde-ver-el-gp-de-miami-3\/\",\"name\":\"Horario y d\u00f3nde ver el GP de Miami - Noticias F1 en espa\u00f1ol\",\"isPartOf\":{\"@id\":\"https:\/\/www.firstlapf1.com\/#website\"},\"primaryImageOfPage\":{\"@id\":\"https:\/\/www.firstlapf1.com\/horario-y-donde-ver-el-gp-de-miami-3\/#primaryimage\"},\"image\":{\"@id\":\"https:\/\/www.firstlapf1.com\/horario-y-donde-ver-el-gp-de-miami-3\/#primaryimage\"},\"thumbnailUrl\":\"https:\/\/www.firstlapf1.com\/wp-content\/uploads\/2025\/05\/20250501_204604.jpg\",\"datePublished\":\"2025-05-01T18:50:00+00:00\",\"dateModified\":\"2025-05-01T18:50:02+00:00\",\"author\":{\"@id\":\"https:\/\/www.firstlapf1.com\/#\/schema\/person\/9eca09873eecb6d7836bc1a0bbd78250\"},\"description\":\"La F1 aterriza en el 305 para disputar la 6\u00ba carrera de la temporada, por lo que veamos el horario de las sesiones del GP de Miami\",\"inLanguage\":\"en-GB\",\"potentialAction\":[{\"@type\":\"ReadAction\",\"target\":[\"https:\/\/www.firstlapf1.com\/horario-y-donde-ver-el-gp-de-miami-3\/\"]}]},{\"@type\":\"ImageObject\",\"inLanguage\":\"en-GB\",\"@id\":\"https:\/\/www.firstlapf1.com\/horario-y-donde-ver-el-gp-de-miami-3\/#primaryimage\",\"url\":\"https:\/\/www.firstlapf1.com\/wp-content\/uploads\/2025\/05\/20250501_204604.jpg\",\"contentUrl\":\"https:\/\/www.firstlapf1.com\/wp-content\/uploads\/2025\/05\/20250501_204604.jpg\",\"width\":1638,\"height\":2048},{\"@type\":\"WebSite\",\"@id\":\"https:\/\/www.firstlapf1.com\/#website\",\"url\":\"https:\/\/www.firstlapf1.com\/\",\"name\":\"Noticias F1 en espa\u00f1ol\",\"description\":\"Noticias F1 en espa\u00f1ol\",\"potentialAction\":[{\"@type\":\"SearchAction\",\"target\":{\"@type\":\"EntryPoint\",\"urlTemplate\":\"https:\/\/www.firstlapf1.com\/?s={search_term_string}\"},\"query-input\":{\"@type\":\"PropertyValueSpecification\",\"valueRequired\":true,\"valueName\":\"search_term_string\"}}],\"inLanguage\":\"en-GB\"},{\"@type\":\"Person\",\"@id\":\"https:\/\/www.firstlapf1.com\/#\/schema\/person\/9eca09873eecb6d7836bc1a0bbd78250\",\"name\":\"Miguel Lora-Paquet\",\"image\":{\"@type\":\"ImageObject\",\"inLanguage\":\"en-GB\",\"@id\":\"https:\/\/www.firstlapf1.com\/#\/schema\/person\/image\/\",\"url\":\"https:\/\/www.firstlapf1.com\/wp-content\/uploads\/2022\/09\/7d393f41-126a-4a1e-bf1d-9d04e2ebc621.jpeg\",\"contentUrl\":\"https:\/\/www.firstlapf1.com\/wp-content\/uploads\/2022\/09\/7d393f41-126a-4a1e-bf1d-9d04e2ebc621.jpeg\",\"caption\":\"Miguel Lora-Paquet\"},\"url\":\"https:\/\/www.firstlapf1.com\/en\/author\/miguel\/\"}]}<\/script>\n<!-- \/ Yoast SEO plugin. -->","yoast_head_json":{"title":"Horario y d\u00f3nde ver el GP de Miami - Noticias F1 en espa\u00f1ol","description":"La F1 aterriza en el 305 para disputar la 6\u00ba carrera de la temporada, por lo que veamos el horario de las sesiones del GP de Miami","robots":{"index":"index","follow":"follow","max-snippet":"max-snippet:-1","max-image-preview":"max-image-preview:large","max-video-preview":"max-video-preview:-1"},"canonical":"https:\/\/www.firstlapf1.com\/en\/horario-y-donde-ver-el-gp-de-miami-3\/","og_locale":"en_GB","og_type":"article","og_title":"Horario y d\u00f3nde ver el GP de Miami - Noticias F1 en espa\u00f1ol","og_description":"La F1 aterriza en el 305 para disputar la 6\u00ba carrera de la temporada, por lo que veamos el horario de las sesiones del GP de Miami","og_url":"https:\/\/www.firstlapf1.com\/en\/horario-y-donde-ver-el-gp-de-miami-3\/","og_site_name":"Noticias F1 en espa\u00f1ol","article_published_time":"2025-05-01T18:50:00+00:00","article_modified_time":"2025-05-01T18:50:02+00:00","og_image":[{"width":1638,"height":2048,"url":"https:\/\/www.firstlapf1.com\/wp-content\/uploads\/2025\/05\/20250501_204604.jpg","type":"image\/jpeg"}],"author":"Miguel Lora-Paquet","twitter_card":"summary_large_image","twitter_misc":{"Written by":"Miguel Lora-Paquet","Estimated reading time":"3 minutes"},"schema":{"@context":"https:\/\/schema.org","@graph":[{"@type":"Article","@id":"https:\/\/www.firstlapf1.com\/horario-y-donde-ver-el-gp-de-miami-3\/#article","isPartOf":{"@id":"https:\/\/www.firstlapf1.com\/horario-y-donde-ver-el-gp-de-miami-3\/"},"author":{"name":"Miguel Lora-Paquet","@id":"https:\/\/www.firstlapf1.com\/#\/schema\/person\/9eca09873eecb6d7836bc1a0bbd78250"},"headline":"Horario y d\u00f3nde ver el GP de Miami","datePublished":"2025-05-01T18:50:00+00:00","dateModified":"2025-05-01T18:50:02+00:00","mainEntityOfPage":{"@id":"https:\/\/www.firstlapf1.com\/horario-y-donde-ver-el-gp-de-miami-3\/"},"wordCount":468,"image":{"@id":"https:\/\/www.firstlapf1.com\/horario-y-donde-ver-el-gp-de-miami-3\/#primaryimage"},"thumbnailUrl":"https:\/\/www.firstlapf1.com\/wp-content\/uploads\/2025\/05\/20250501_204604.jpg","articleSection":["F1 Academy","GP Miami (Aut\u00f3dromo Internacional de Miami)"],"inLanguage":"en-GB"},{"@type":"WebPage","@id":"https:\/\/www.firstlapf1.com\/horario-y-donde-ver-el-gp-de-miami-3\/","url":"https:\/\/www.firstlapf1.com\/horario-y-donde-ver-el-gp-de-miami-3\/","name":"Horario y d\u00f3nde ver el GP de Miami - Noticias F1 en espa\u00f1ol","isPartOf":{"@id":"https:\/\/www.firstlapf1.com\/#website"},"primaryImageOfPage":{"@id":"https:\/\/www.firstlapf1.com\/horario-y-donde-ver-el-gp-de-miami-3\/#primaryimage"},"image":{"@id":"https:\/\/www.firstlapf1.com\/horario-y-donde-ver-el-gp-de-miami-3\/#primaryimage"},"thumbnailUrl":"https:\/\/www.firstlapf1.com\/wp-content\/uploads\/2025\/05\/20250501_204604.jpg","datePublished":"2025-05-01T18:50:00+00:00","dateModified":"2025-05-01T18:50:02+00:00","author":{"@id":"https:\/\/www.firstlapf1.com\/#\/schema\/person\/9eca09873eecb6d7836bc1a0bbd78250"},"description":"La F1 aterriza en el 305 para disputar la 6\u00ba carrera de la temporada, por lo que veamos el horario de las sesiones del GP de Miami","inLanguage":"en-GB","potentialAction":[{"@type":"ReadAction","target":["https:\/\/www.firstlapf1.com\/horario-y-donde-ver-el-gp-de-miami-3\/"]}]},{"@type":"ImageObject","inLanguage":"en-GB","@id":"https:\/\/www.firstlapf1.com\/horario-y-donde-ver-el-gp-de-miami-3\/#primaryimage","url":"https:\/\/www.firstlapf1.com\/wp-content\/uploads\/2025\/05\/20250501_204604.jpg","contentUrl":"https:\/\/www.firstlapf1.com\/wp-content\/uploads\/2025\/05\/20250501_204604.jpg","width":1638,"height":2048},{"@type":"WebSite","@id":"https:\/\/www.firstlapf1.com\/#website","url":"https:\/\/www.firstlapf1.com\/","name":"Noticias F1 en espa\u00f1ol","description":"Noticias F1 en espa\u00f1ol","potentialAction":[{"@type":"SearchAction","target":{"@type":"EntryPoint","urlTemplate":"https:\/\/www.firstlapf1.com\/?s={search_term_string}"},"query-input":{"@type":"PropertyValueSpecification","valueRequired":true,"valueName":"search_term_string"}}],"inLanguage":"en-GB"},{"@type":"Person","@id":"https:\/\/www.firstlapf1.com\/#\/schema\/person\/9eca09873eecb6d7836bc1a0bbd78250","name":"Miguel Lora-Paquet","image":{"@type":"ImageObject","inLanguage":"en-GB","@id":"https:\/\/www.firstlapf1.com\/#\/schema\/person\/image\/","url":"https:\/\/www.firstlapf1.com\/wp-content\/uploads\/2022\/09\/7d393f41-126a-4a1e-bf1d-9d04e2ebc621.jpeg","contentUrl":"https:\/\/www.firstlapf1.com\/wp-content\/uploads\/2022\/09\/7d393f41-126a-4a1e-bf1d-9d04e2ebc621.jpeg","caption":"Miguel Lora-Paquet"},"url":"https:\/\/www.firstlapf1.com\/en\/author\/miguel\/"}]}},"jetpack_featured_media_url":"https:\/\/www.firstlapf1.com\/wp-content\/uploads\/2025\/05\/20250501_204604.jpg","jetpack_sharing_enabled":true,"_links":{"self":[{"href":"https:\/\/www.firstlapf1.com\/en\/wp-json\/wp\/v2\/posts\/14130","targetHints":{"allow":["GET"]}}],"collection":[{"href":"https:\/\/www.firstlapf1.com\/en\/wp-json\/wp\/v2\/posts"}],"about":[{"href":"https:\/\/www.firstlapf1.com\/en\/wp-json\/wp\/v2\/types\/post"}],"author":[{"embeddable":true,"href":"https:\/\/www.firstlapf1.com\/en\/wp-json\/wp\/v2\/users\/2"}],"replies":[{"embeddable":true,"href":"https:\/\/www.firstlapf1.com\/en\/wp-json\/wp\/v2\/comments?post=14130"}],"version-history":[{"count":3,"href":"https:\/\/www.firstlapf1.com\/en\/wp-json\/wp\/v2\/posts\/14130\/revisions"}],"predecessor-version":[{"id":14138,"href":"https:\/\/www.firstlapf1.com\/en\/wp-json\/wp\/v2\/posts\/14130\/revisions\/14138"}],"wp:featuredmedia":[{"embeddable":true,"href":"https:\/\/www.firstlapf1.com\/en\/wp-json\/wp\/v2\/media\/14136"}],"wp:attachment":[{"href":"https:\/\/www.firstlapf1.com\/en\/wp-json\/wp\/v2\/media?parent=14130"}],"wp:term":[{"taxonomy":"category","embeddable":true,"href":"https:\/\/www.firstlapf1.com\/en\/wp-json\/wp\/v2\/categories?post=14130"},{"taxonomy":"post_tag","embeddable":true,"href":"https:\/\/www.firstlapf1.com\/en\/wp-json\/wp\/v2\/tags?post=14130"}],"curies":[{"name":"wp","href":"https:\/\/api.w.org\/{rel}","templated":true}]}}