{"id":13596,"date":"2025-03-28T07:42:32","date_gmt":"2025-03-28T07:42:32","guid":{"rendered":"https:\/\/www.firstlapf1.com\/?p=13596"},"modified":"2025-03-28T07:42:35","modified_gmt":"2025-03-28T07:42:35","slug":"oficial-augusto-fernandez-regresa-a-motogp-con-pramac","status":"publish","type":"post","link":"https:\/\/www.firstlapf1.com\/en\/oficial-augusto-fernandez-regresa-a-motogp-con-pramac\/","title":{"rendered":"OFICIAL: Augusto Fern\u00e1ndez regresa a MotoGP con Pramac"},"content":{"rendered":"<h2 class=\"wp-block-heading\">El piloto espa\u00f1ol Augusto Fern\u00e1ndez se subir\u00e1 al equipo Pramac Yamaha para sustituir al lesionado Miguel Oliveira<\/h2>\n\n\n\n<p>El pasado <a href=\"https:\/\/www.motogp.com\/en\" target=\"_blank\" rel=\"noreferrer noopener\">G<\/a><a href=\"https:\/\/www.motogp.com\/en\">P de Argentina<\/a> nos dej\u00f3 un accidente entre Ferm\u00edn Aldeguer y Miguel Oliveira, que acab\u00f3 con una penalizaci\u00f3n de long lap para el espa\u00f1ol y con el portugu\u00e9s en el centro m\u00e9dico. Tras unas primeras pruebas, descartaron que Oliveira tuviera algo fracturado, sin embargo s\u00ed confirmaron que ten\u00eda contusiones en la zona esternoclavicular. Por este motivo, los servicios m\u00e9dicos de la m\u00e1xima categor\u00eda de motociclismo decidieron que Oliveira no disputase el <a href=\"https:\/\/www.firstlapf1.com\/en\/category\/americas\/\" target=\"_blank\" rel=\"noreferrer noopener\">GP de las Am\u00e9ricas.<\/a><\/p>\n\n\n\n<p>Ante este contratiempo, Pramac ha recurrido al piloto probador de Yamaha, Augusto Fern\u00e1ndez, que vuelve a la categor\u00eda reina tras quedarse sin asiento para la presente temporada.<\/p>\n\n\n\n<h2 class=\"wp-block-heading has-normal-font-size\">Declaraciones<\/h2>\n\n\n\n<p>Gino Borsoi, Director Deportivo de Pramac:<\/p>\n\n\n\n<p><strong>\u00bbSiento mucho la lesi\u00f3n de Miguel, sobre todo en un momento donde estaba entendiendo mejor a la moto y al equipo. La suerte no le ha acompa\u00f1ado en estos \u00faltimos a\u00f1os pero estoy seguro que volver\u00e1 tan fuerte y motivado como siempre. Lo m\u00e1s importante es que reciba los tratamientos adecuados para que se recupere lo antes posible. En cuanto a Augusto, \u00a1bienvenido al equipo! Conf\u00edo en hacer un gran trabajo juntos.\u00bb<\/strong><\/p>\n\n\n\n<p>Miguel Oliveira, piloto de Pramac:<\/p>\n\n\n\n<p><strong>\u00bbQuiero agradecer al equipo y a los m\u00e9dicos que me atendieron. Al llegar a casa, me somet\u00ed a resonancias magn\u00e9ticas y encontraron una luxaci\u00f3n esternoclavicular con rotura de ligamentos. El momento de mi regreso es impredecible, depender\u00e1 de la respuesta de mi cuerpo. Estoy trabajando para volver lo antes posible y hacerlo al 100%.\u00bb<\/strong><\/p>\n\n\n\n<p>Augusto Fern\u00e1ndez, piloto probador de Yamaha:<\/p>\n\n\n\n<p><strong>\u00bbQuiero desearle una pronta recuperaci\u00f3n a Miguel, espero que pueda volver pronto. Tambi\u00e9n agradecer a Pramac y Yamaha por la oportunidad. Austin es una pista incre\u00edble y estoy deseando que empiece el fin de semana para pilotar de nuevo la M1.\u00bb<\/strong><\/p>\n\n\n\n<figure class=\"wp-block-image size-large\"><img loading=\"lazy\" decoding=\"async\" width=\"1024\" height=\"585\" src=\"https:\/\/www.firstlapf1.com\/wp-content\/uploads\/2025\/03\/1000033373-1024x585.jpg\" alt=\"\" class=\"wp-image-13607\" srcset=\"https:\/\/www.firstlapf1.com\/wp-content\/uploads\/2025\/03\/1000033373-1024x585.jpg 1024w, https:\/\/www.firstlapf1.com\/wp-content\/uploads\/2025\/03\/1000033373-300x171.jpg 300w, https:\/\/www.firstlapf1.com\/wp-content\/uploads\/2025\/03\/1000033373-768x439.jpg 768w, https:\/\/www.firstlapf1.com\/wp-content\/uploads\/2025\/03\/1000033373-1536x878.jpg 1536w, https:\/\/www.firstlapf1.com\/wp-content\/uploads\/2025\/03\/1000033373-18x10.jpg 18w, https:\/\/www.firstlapf1.com\/wp-content\/uploads\/2025\/03\/1000033373.jpg 2048w\" sizes=\"auto, (max-width: 1024px) 100vw, 1024px\" \/><figcaption class=\"wp-element-caption\">Fuente: Monster Energy Yamaha MotoGP en X (fuente portada: MotoGP en X)<\/figcaption><\/figure>","protected":false},"excerpt":{"rendered":"<p>El piloto espa\u00f1ol Augusto Fern\u00e1ndez se subir\u00e1 al equipo Pramac Yamaha para sustituir al lesionado Miguel Oliveira &hellip; <span class=\"more-button\"><a href=\"https:\/\/www.firstlapf1.com\/en\/oficial-augusto-fernandez-regresa-a-motogp-con-pramac\/\" class=\"more-link\">Continue reading<span class=\"screen-reader-text\">OFICIAL: Augusto Fern\u00e1ndez regresa a MotoGP con Pramac<\/span><\/a><\/span><\/p>","protected":false},"author":2,"featured_media":13608,"comment_status":"closed","ping_status":"open","sticky":false,"template":"","format":"standard","meta":{"_jetpack_memberships_contains_paid_content":false,"footnotes":""},"categories":[116,102],"tags":[],"class_list":["post-13596","post","type-post","status-publish","format-standard","has-post-thumbnail","hentry","category-americas","category-pramac"],"yoast_head":"<!-- This site is optimized with the Yoast SEO plugin v27.0 - https:\/\/yoast.com\/product\/yoast-seo-wordpress\/ -->\n<title>OFICIAL: Augusto Fern\u00e1ndez regresa a MotoGP con Pramac - Noticias F1 en espa\u00f1ol<\/title>\n<meta name=\"description\" content=\"El piloto espa\u00f1ol Augusto Fern\u00e1ndez se subir\u00e1 al equipo Pramac Yamaha para sustituir al lesionado Miguel Oliveira\" \/>\n<meta name=\"robots\" content=\"index, follow, max-snippet:-1, max-image-preview:large, max-video-preview:-1\" \/>\n<link rel=\"canonical\" href=\"https:\/\/www.firstlapf1.com\/en\/oficial-augusto-fernandez-regresa-a-motogp-con-pramac\/\" \/>\n<meta property=\"og:locale\" content=\"en_GB\" \/>\n<meta property=\"og:type\" content=\"article\" \/>\n<meta property=\"og:title\" content=\"OFICIAL: Augusto Fern\u00e1ndez regresa a MotoGP con Pramac - Noticias F1 en espa\u00f1ol\" \/>\n<meta property=\"og:description\" content=\"El piloto espa\u00f1ol Augusto Fern\u00e1ndez se subir\u00e1 al equipo Pramac Yamaha para sustituir al lesionado Miguel Oliveira\" \/>\n<meta property=\"og:url\" content=\"https:\/\/www.firstlapf1.com\/en\/oficial-augusto-fernandez-regresa-a-motogp-con-pramac\/\" \/>\n<meta property=\"og:site_name\" content=\"Noticias F1 en espa\u00f1ol\" \/>\n<meta property=\"article:published_time\" content=\"2025-03-28T07:42:32+00:00\" \/>\n<meta property=\"article:modified_time\" content=\"2025-03-28T07:42:35+00:00\" \/>\n<meta property=\"og:image\" content=\"https:\/\/www.firstlapf1.com\/wp-content\/uploads\/2025\/03\/20250328_084054.jpg\" \/>\n\t<meta property=\"og:image:width\" content=\"1080\" \/>\n\t<meta property=\"og:image:height\" content=\"1350\" \/>\n\t<meta property=\"og:image:type\" content=\"image\/jpeg\" \/>\n<meta name=\"author\" content=\"Miguel Lora-Paquet\" \/>\n<meta name=\"twitter:card\" content=\"summary_large_image\" \/>\n<meta name=\"twitter:label1\" content=\"Written by\" \/>\n\t<meta name=\"twitter:data1\" content=\"Miguel Lora-Paquet\" \/>\n\t<meta name=\"twitter:label2\" content=\"Estimated reading time\" \/>\n\t<meta name=\"twitter:data2\" content=\"2 minutes\" \/>\n<script type=\"application\/ld+json\" class=\"yoast-schema-graph\">{\"@context\":\"https:\/\/schema.org\",\"@graph\":[{\"@type\":\"Article\",\"@id\":\"https:\/\/www.firstlapf1.com\/oficial-augusto-fernandez-regresa-a-motogp-con-pramac\/#article\",\"isPartOf\":{\"@id\":\"https:\/\/www.firstlapf1.com\/oficial-augusto-fernandez-regresa-a-motogp-con-pramac\/\"},\"author\":{\"name\":\"Miguel Lora-Paquet\",\"@id\":\"https:\/\/www.firstlapf1.com\/#\/schema\/person\/9eca09873eecb6d7836bc1a0bbd78250\"},\"headline\":\"OFICIAL: Augusto Fern\u00e1ndez regresa a MotoGP con Pramac\",\"datePublished\":\"2025-03-28T07:42:32+00:00\",\"dateModified\":\"2025-03-28T07:42:35+00:00\",\"mainEntityOfPage\":{\"@id\":\"https:\/\/www.firstlapf1.com\/oficial-augusto-fernandez-regresa-a-motogp-con-pramac\/\"},\"wordCount\":356,\"image\":{\"@id\":\"https:\/\/www.firstlapf1.com\/oficial-augusto-fernandez-regresa-a-motogp-con-pramac\/#primaryimage\"},\"thumbnailUrl\":\"https:\/\/www.firstlapf1.com\/wp-content\/uploads\/2025\/03\/20250328_084054.jpg\",\"articleSection\":[\"GP EEUU (COTA, MGP)\",\"Prima Pramac Yamaha MotoGP\"],\"inLanguage\":\"en-GB\"},{\"@type\":\"WebPage\",\"@id\":\"https:\/\/www.firstlapf1.com\/oficial-augusto-fernandez-regresa-a-motogp-con-pramac\/\",\"url\":\"https:\/\/www.firstlapf1.com\/oficial-augusto-fernandez-regresa-a-motogp-con-pramac\/\",\"name\":\"OFICIAL: Augusto Fern\u00e1ndez regresa a MotoGP con Pramac - Noticias F1 en espa\u00f1ol\",\"isPartOf\":{\"@id\":\"https:\/\/www.firstlapf1.com\/#website\"},\"primaryImageOfPage\":{\"@id\":\"https:\/\/www.firstlapf1.com\/oficial-augusto-fernandez-regresa-a-motogp-con-pramac\/#primaryimage\"},\"image\":{\"@id\":\"https:\/\/www.firstlapf1.com\/oficial-augusto-fernandez-regresa-a-motogp-con-pramac\/#primaryimage\"},\"thumbnailUrl\":\"https:\/\/www.firstlapf1.com\/wp-content\/uploads\/2025\/03\/20250328_084054.jpg\",\"datePublished\":\"2025-03-28T07:42:32+00:00\",\"dateModified\":\"2025-03-28T07:42:35+00:00\",\"author\":{\"@id\":\"https:\/\/www.firstlapf1.com\/#\/schema\/person\/9eca09873eecb6d7836bc1a0bbd78250\"},\"description\":\"El piloto espa\u00f1ol Augusto Fern\u00e1ndez se subir\u00e1 al equipo Pramac Yamaha para sustituir al lesionado Miguel Oliveira\",\"inLanguage\":\"en-GB\",\"potentialAction\":[{\"@type\":\"ReadAction\",\"target\":[\"https:\/\/www.firstlapf1.com\/oficial-augusto-fernandez-regresa-a-motogp-con-pramac\/\"]}]},{\"@type\":\"ImageObject\",\"inLanguage\":\"en-GB\",\"@id\":\"https:\/\/www.firstlapf1.com\/oficial-augusto-fernandez-regresa-a-motogp-con-pramac\/#primaryimage\",\"url\":\"https:\/\/www.firstlapf1.com\/wp-content\/uploads\/2025\/03\/20250328_084054.jpg\",\"contentUrl\":\"https:\/\/www.firstlapf1.com\/wp-content\/uploads\/2025\/03\/20250328_084054.jpg\",\"width\":1080,\"height\":1350},{\"@type\":\"WebSite\",\"@id\":\"https:\/\/www.firstlapf1.com\/#website\",\"url\":\"https:\/\/www.firstlapf1.com\/\",\"name\":\"Noticias F1 en espa\u00f1ol\",\"description\":\"Noticias F1 en espa\u00f1ol\",\"potentialAction\":[{\"@type\":\"SearchAction\",\"target\":{\"@type\":\"EntryPoint\",\"urlTemplate\":\"https:\/\/www.firstlapf1.com\/?s={search_term_string}\"},\"query-input\":{\"@type\":\"PropertyValueSpecification\",\"valueRequired\":true,\"valueName\":\"search_term_string\"}}],\"inLanguage\":\"en-GB\"},{\"@type\":\"Person\",\"@id\":\"https:\/\/www.firstlapf1.com\/#\/schema\/person\/9eca09873eecb6d7836bc1a0bbd78250\",\"name\":\"Miguel Lora-Paquet\",\"image\":{\"@type\":\"ImageObject\",\"inLanguage\":\"en-GB\",\"@id\":\"https:\/\/www.firstlapf1.com\/#\/schema\/person\/image\/\",\"url\":\"https:\/\/www.firstlapf1.com\/wp-content\/uploads\/2022\/09\/7d393f41-126a-4a1e-bf1d-9d04e2ebc621.jpeg\",\"contentUrl\":\"https:\/\/www.firstlapf1.com\/wp-content\/uploads\/2022\/09\/7d393f41-126a-4a1e-bf1d-9d04e2ebc621.jpeg\",\"caption\":\"Miguel Lora-Paquet\"},\"url\":\"https:\/\/www.firstlapf1.com\/en\/author\/miguel\/\"}]}<\/script>\n<!-- \/ Yoast SEO plugin. -->","yoast_head_json":{"title":"OFICIAL: Augusto Fern\u00e1ndez regresa a MotoGP con Pramac - Noticias F1 en espa\u00f1ol","description":"El piloto espa\u00f1ol Augusto Fern\u00e1ndez se subir\u00e1 al equipo Pramac Yamaha para sustituir al lesionado Miguel Oliveira","robots":{"index":"index","follow":"follow","max-snippet":"max-snippet:-1","max-image-preview":"max-image-preview:large","max-video-preview":"max-video-preview:-1"},"canonical":"https:\/\/www.firstlapf1.com\/en\/oficial-augusto-fernandez-regresa-a-motogp-con-pramac\/","og_locale":"en_GB","og_type":"article","og_title":"OFICIAL: Augusto Fern\u00e1ndez regresa a MotoGP con Pramac - Noticias F1 en espa\u00f1ol","og_description":"El piloto espa\u00f1ol Augusto Fern\u00e1ndez se subir\u00e1 al equipo Pramac Yamaha para sustituir al lesionado Miguel Oliveira","og_url":"https:\/\/www.firstlapf1.com\/en\/oficial-augusto-fernandez-regresa-a-motogp-con-pramac\/","og_site_name":"Noticias F1 en espa\u00f1ol","article_published_time":"2025-03-28T07:42:32+00:00","article_modified_time":"2025-03-28T07:42:35+00:00","og_image":[{"width":1080,"height":1350,"url":"https:\/\/www.firstlapf1.com\/wp-content\/uploads\/2025\/03\/20250328_084054.jpg","type":"image\/jpeg"}],"author":"Miguel Lora-Paquet","twitter_card":"summary_large_image","twitter_misc":{"Written by":"Miguel Lora-Paquet","Estimated reading time":"2 minutes"},"schema":{"@context":"https:\/\/schema.org","@graph":[{"@type":"Article","@id":"https:\/\/www.firstlapf1.com\/oficial-augusto-fernandez-regresa-a-motogp-con-pramac\/#article","isPartOf":{"@id":"https:\/\/www.firstlapf1.com\/oficial-augusto-fernandez-regresa-a-motogp-con-pramac\/"},"author":{"name":"Miguel Lora-Paquet","@id":"https:\/\/www.firstlapf1.com\/#\/schema\/person\/9eca09873eecb6d7836bc1a0bbd78250"},"headline":"OFICIAL: Augusto Fern\u00e1ndez regresa a MotoGP con Pramac","datePublished":"2025-03-28T07:42:32+00:00","dateModified":"2025-03-28T07:42:35+00:00","mainEntityOfPage":{"@id":"https:\/\/www.firstlapf1.com\/oficial-augusto-fernandez-regresa-a-motogp-con-pramac\/"},"wordCount":356,"image":{"@id":"https:\/\/www.firstlapf1.com\/oficial-augusto-fernandez-regresa-a-motogp-con-pramac\/#primaryimage"},"thumbnailUrl":"https:\/\/www.firstlapf1.com\/wp-content\/uploads\/2025\/03\/20250328_084054.jpg","articleSection":["GP EEUU (COTA, MGP)","Prima Pramac Yamaha MotoGP"],"inLanguage":"en-GB"},{"@type":"WebPage","@id":"https:\/\/www.firstlapf1.com\/oficial-augusto-fernandez-regresa-a-motogp-con-pramac\/","url":"https:\/\/www.firstlapf1.com\/oficial-augusto-fernandez-regresa-a-motogp-con-pramac\/","name":"OFICIAL: Augusto Fern\u00e1ndez regresa a MotoGP con Pramac - Noticias F1 en espa\u00f1ol","isPartOf":{"@id":"https:\/\/www.firstlapf1.com\/#website"},"primaryImageOfPage":{"@id":"https:\/\/www.firstlapf1.com\/oficial-augusto-fernandez-regresa-a-motogp-con-pramac\/#primaryimage"},"image":{"@id":"https:\/\/www.firstlapf1.com\/oficial-augusto-fernandez-regresa-a-motogp-con-pramac\/#primaryimage"},"thumbnailUrl":"https:\/\/www.firstlapf1.com\/wp-content\/uploads\/2025\/03\/20250328_084054.jpg","datePublished":"2025-03-28T07:42:32+00:00","dateModified":"2025-03-28T07:42:35+00:00","author":{"@id":"https:\/\/www.firstlapf1.com\/#\/schema\/person\/9eca09873eecb6d7836bc1a0bbd78250"},"description":"El piloto espa\u00f1ol Augusto Fern\u00e1ndez se subir\u00e1 al equipo Pramac Yamaha para sustituir al lesionado Miguel Oliveira","inLanguage":"en-GB","potentialAction":[{"@type":"ReadAction","target":["https:\/\/www.firstlapf1.com\/oficial-augusto-fernandez-regresa-a-motogp-con-pramac\/"]}]},{"@type":"ImageObject","inLanguage":"en-GB","@id":"https:\/\/www.firstlapf1.com\/oficial-augusto-fernandez-regresa-a-motogp-con-pramac\/#primaryimage","url":"https:\/\/www.firstlapf1.com\/wp-content\/uploads\/2025\/03\/20250328_084054.jpg","contentUrl":"https:\/\/www.firstlapf1.com\/wp-content\/uploads\/2025\/03\/20250328_084054.jpg","width":1080,"height":1350},{"@type":"WebSite","@id":"https:\/\/www.firstlapf1.com\/#website","url":"https:\/\/www.firstlapf1.com\/","name":"Noticias F1 en espa\u00f1ol","description":"Noticias F1 en espa\u00f1ol","potentialAction":[{"@type":"SearchAction","target":{"@type":"EntryPoint","urlTemplate":"https:\/\/www.firstlapf1.com\/?s={search_term_string}"},"query-input":{"@type":"PropertyValueSpecification","valueRequired":true,"valueName":"search_term_string"}}],"inLanguage":"en-GB"},{"@type":"Person","@id":"https:\/\/www.firstlapf1.com\/#\/schema\/person\/9eca09873eecb6d7836bc1a0bbd78250","name":"Miguel Lora-Paquet","image":{"@type":"ImageObject","inLanguage":"en-GB","@id":"https:\/\/www.firstlapf1.com\/#\/schema\/person\/image\/","url":"https:\/\/www.firstlapf1.com\/wp-content\/uploads\/2022\/09\/7d393f41-126a-4a1e-bf1d-9d04e2ebc621.jpeg","contentUrl":"https:\/\/www.firstlapf1.com\/wp-content\/uploads\/2022\/09\/7d393f41-126a-4a1e-bf1d-9d04e2ebc621.jpeg","caption":"Miguel Lora-Paquet"},"url":"https:\/\/www.firstlapf1.com\/en\/author\/miguel\/"}]}},"jetpack_featured_media_url":"https:\/\/www.firstlapf1.com\/wp-content\/uploads\/2025\/03\/20250328_084054.jpg","jetpack_sharing_enabled":true,"_links":{"self":[{"href":"https:\/\/www.firstlapf1.com\/en\/wp-json\/wp\/v2\/posts\/13596","targetHints":{"allow":["GET"]}}],"collection":[{"href":"https:\/\/www.firstlapf1.com\/en\/wp-json\/wp\/v2\/posts"}],"about":[{"href":"https:\/\/www.firstlapf1.com\/en\/wp-json\/wp\/v2\/types\/post"}],"author":[{"embeddable":true,"href":"https:\/\/www.firstlapf1.com\/en\/wp-json\/wp\/v2\/users\/2"}],"replies":[{"embeddable":true,"href":"https:\/\/www.firstlapf1.com\/en\/wp-json\/wp\/v2\/comments?post=13596"}],"version-history":[{"count":2,"href":"https:\/\/www.firstlapf1.com\/en\/wp-json\/wp\/v2\/posts\/13596\/revisions"}],"predecessor-version":[{"id":13609,"href":"https:\/\/www.firstlapf1.com\/en\/wp-json\/wp\/v2\/posts\/13596\/revisions\/13609"}],"wp:featuredmedia":[{"embeddable":true,"href":"https:\/\/www.firstlapf1.com\/en\/wp-json\/wp\/v2\/media\/13608"}],"wp:attachment":[{"href":"https:\/\/www.firstlapf1.com\/en\/wp-json\/wp\/v2\/media?parent=13596"}],"wp:term":[{"taxonomy":"category","embeddable":true,"href":"https:\/\/www.firstlapf1.com\/en\/wp-json\/wp\/v2\/categories?post=13596"},{"taxonomy":"post_tag","embeddable":true,"href":"https:\/\/www.firstlapf1.com\/en\/wp-json\/wp\/v2\/tags?post=13596"}],"curies":[{"name":"wp","href":"https:\/\/api.w.org\/{rel}","templated":true}]}}