{"id":12689,"date":"2025-01-31T08:26:47","date_gmt":"2025-01-31T08:26:47","guid":{"rendered":"https:\/\/www.firstlapf1.com\/?p=12689"},"modified":"2025-01-31T08:26:53","modified_gmt":"2025-01-31T08:26:53","slug":"analisis-los-objetivos-de-las-escuderias-de-motogp-para-2025-parte-1","status":"publish","type":"post","link":"https:\/\/www.firstlapf1.com\/en\/analisis-los-objetivos-de-las-escuderias-de-motogp-para-2025-parte-1\/","title":{"rendered":"An\u00e1lisis: Los objetivos de las escuder\u00edas de MotoGP para 2025 (Parte 1)"},"content":{"rendered":"<h2 class=\"wp-block-heading\">Nos acercamos a la pretemporada, por lo que en FirstLap F1 repasaremos los objetivos de las escuder\u00edas de MotoGP para 2025<\/h2>\n\n\n\n<p>Con la presentaci\u00f3n de la nueva montura del equipo de <a href=\"https:\/\/www.firstlapf1.com\/en\/category\/ducati\/\" target=\"_blank\" rel=\"noreferrer noopener\">Borno Panigale<\/a>, queda clara una cosa, y es que, Ducati seguir\u00e1 siendo un a\u00f1o m\u00e1s una de las escuder\u00edas de MotoGP a batir esta <a href=\"https:\/\/www.motogp.com\/en\" target=\"_blank\" rel=\"noreferrer noopener\">temporada<\/a>.<br>Las Ducati GP25 parten con una clara ventaja sobre el resto de marcas y, si eso le sumas la dupla que han juntado este a\u00f1o con Marc y Pecco, sobre el papel no hay dudas que el mundial va a ser cosa de dos. Lo que tenemos claro que estos dos grandes pilotos nos van a brindar un a\u00f1o de batallas incre\u00edbles e inolvidables.<\/p>\n\n\n\n<h2 class=\"wp-block-heading has-normal-font-size\">VR46<\/h2>\n\n\n\n<p>Por otro lado tenemos los equipos sat\u00e9lite, donde hay mucha expectaci\u00f3n por saber si continuar\u00e1 la \u00abCopa Ducati\u00bb o, si por el contrario, equipos como Aprilia, KTM o Yamaha podr\u00e1n batir carrera tras carrera a Gresini y VR46.<br>Poniendo el foco en este \u00faltimo equipo, no hay que olvidar que el VR46 contar\u00e1 con una \u00abpata negra\u00bb, es decir, con una montura id\u00e9ntica a la del equipo oficial que la llevar\u00e1 Fabio Di Giannantonio. Por su parte, Morbidelli contar\u00e1 con sat\u00e9lite del 24 para su compa\u00f1ero Morbidelli. M\u00e1xima presi\u00f3n para un Fabio, el cual no puede fallar y debe ser un asiduo en los puestos de cabeza todos los fines de semana.<\/p>\n\n\n\n<figure class=\"wp-block-image size-large\"><img loading=\"lazy\" decoding=\"async\" width=\"1024\" height=\"683\" src=\"https:\/\/www.firstlapf1.com\/wp-content\/uploads\/2025\/01\/1000026973-1024x683.jpg\" alt=\"\" class=\"wp-image-12709\" srcset=\"https:\/\/www.firstlapf1.com\/wp-content\/uploads\/2025\/01\/1000026973-1024x683.jpg 1024w, https:\/\/www.firstlapf1.com\/wp-content\/uploads\/2025\/01\/1000026973-300x200.jpg 300w, https:\/\/www.firstlapf1.com\/wp-content\/uploads\/2025\/01\/1000026973-768x512.jpg 768w, https:\/\/www.firstlapf1.com\/wp-content\/uploads\/2025\/01\/1000026973-1536x1024.jpg 1536w, https:\/\/www.firstlapf1.com\/wp-content\/uploads\/2025\/01\/1000026973-2048x1366.jpg 2048w, https:\/\/www.firstlapf1.com\/wp-content\/uploads\/2025\/01\/1000026973-18x12.jpg 18w\" sizes=\"auto, (max-width: 1024px) 100vw, 1024px\" \/><\/figure>\n\n\n\n<h2 class=\"wp-block-heading has-normal-font-size\">Gresini<\/h2>\n\n\n\n<p>Por \u00faltimo tenemos al equipo Gresini, que mantiene a un Alex M\u00e1rquez que mandaba un aviso a navegantes en el test post temporada donde comentaba que la Ducati 24 era una moto muy f\u00e1cil de pilotar y que estaba muy ilusionado de cara a este campeonato. Qui\u00e9n sabe si en el futuro, si hace un buen campeonato, puede aspirar a una \u00abpata negra\u00bb. Su compa\u00f1ero de box ser\u00e1 un rookie que ha dejado muchos destellos de calidad en Moto2 y categor\u00edas inferiores: Ferm\u00edn Aldeguer. Veremos si est\u00e1 a la altura de las expectativas este joven piloto.<\/p>\n\n\n\n<p>Por lo cual, una cosa parece clara, la diferencia entre la Ducati 25 y la 24 existe pero no parece tanta como el a\u00f1o anterior, por lo que los dem\u00e1s equipos deber\u00e1n trabajar muy duro este invierno para poder hacerle sombra a estos 3 equipos. Y, sobre todo, si quieren aspirar a cosas mayores deben saber que tienen dos referencias muy claras en el mundial, Marc M\u00e1rquez y Pecco Bagnaia.<\/p>\n\n\n\n<figure class=\"wp-block-image size-large\"><img loading=\"lazy\" decoding=\"async\" width=\"1024\" height=\"683\" src=\"https:\/\/www.firstlapf1.com\/wp-content\/uploads\/2025\/01\/1000026972-1024x683.jpg\" alt=\"\" class=\"wp-image-12710\" srcset=\"https:\/\/www.firstlapf1.com\/wp-content\/uploads\/2025\/01\/1000026972-1024x683.jpg 1024w, https:\/\/www.firstlapf1.com\/wp-content\/uploads\/2025\/01\/1000026972-300x200.jpg 300w, https:\/\/www.firstlapf1.com\/wp-content\/uploads\/2025\/01\/1000026972-768x512.jpg 768w, https:\/\/www.firstlapf1.com\/wp-content\/uploads\/2025\/01\/1000026972-1536x1025.jpg 1536w, https:\/\/www.firstlapf1.com\/wp-content\/uploads\/2025\/01\/1000026972-2048x1367.jpg 2048w, https:\/\/www.firstlapf1.com\/wp-content\/uploads\/2025\/01\/1000026972-18x12.jpg 18w\" sizes=\"auto, (max-width: 1024px) 100vw, 1024px\" \/><\/figure>","protected":false},"excerpt":{"rendered":"<p>Nos acercamos a la pretemporada, por lo que en FirstLap F1 repasaremos los objetivos de las escuder\u00edas de MotoGP para 2025 &hellip; <span class=\"more-button\"><a href=\"https:\/\/www.firstlapf1.com\/en\/analisis-los-objetivos-de-las-escuderias-de-motogp-para-2025-parte-1\/\" class=\"more-link\">Continue reading<span class=\"screen-reader-text\">An\u00e1lisis: Los objetivos de las escuder\u00edas de MotoGP para 2025 (Parte 1)<\/span><\/a><\/span><\/p>","protected":false},"author":61,"featured_media":12711,"comment_status":"closed","ping_status":"open","sticky":false,"template":"","format":"standard","meta":{"_jetpack_memberships_contains_paid_content":false,"footnotes":""},"categories":[107,103,101,104],"tags":[],"class_list":["post-12689","post","type-post","status-publish","format-standard","has-post-thumbnail","hentry","category-gresini","category-ducati","category-motogp","category-vr46"],"yoast_head":"<!-- This site is optimized with the Yoast SEO plugin v27.0 - https:\/\/yoast.com\/product\/yoast-seo-wordpress\/ -->\n<title>An\u00e1lisis: Los objetivos de las escuder\u00edas de MotoGP para 2025 (Parte 1) - Noticias F1 en espa\u00f1ol<\/title>\n<meta name=\"description\" content=\"Nos acercamos a la pretemporada, por lo que en FirstLap F1 repasaremos los objetivos de las escuder\u00edas de MotoGP para 2025\" \/>\n<meta name=\"robots\" content=\"index, follow, max-snippet:-1, max-image-preview:large, max-video-preview:-1\" \/>\n<link rel=\"canonical\" href=\"https:\/\/www.firstlapf1.com\/en\/analisis-los-objetivos-de-las-escuderias-de-motogp-para-2025-parte-1\/\" \/>\n<meta property=\"og:locale\" content=\"en_GB\" \/>\n<meta property=\"og:type\" content=\"article\" \/>\n<meta property=\"og:title\" content=\"An\u00e1lisis: Los objetivos de las escuder\u00edas de MotoGP para 2025 (Parte 1) - Noticias F1 en espa\u00f1ol\" \/>\n<meta property=\"og:description\" content=\"Nos acercamos a la pretemporada, por lo que en FirstLap F1 repasaremos los objetivos de las escuder\u00edas de MotoGP para 2025\" \/>\n<meta property=\"og:url\" content=\"https:\/\/www.firstlapf1.com\/en\/analisis-los-objetivos-de-las-escuderias-de-motogp-para-2025-parte-1\/\" \/>\n<meta property=\"og:site_name\" content=\"Noticias F1 en espa\u00f1ol\" \/>\n<meta property=\"article:published_time\" content=\"2025-01-31T08:26:47+00:00\" \/>\n<meta property=\"article:modified_time\" content=\"2025-01-31T08:26:53+00:00\" \/>\n<meta property=\"og:image\" content=\"https:\/\/www.firstlapf1.com\/wp-content\/uploads\/2025\/01\/20250130_093609-scaled.jpg\" \/>\n\t<meta property=\"og:image:width\" content=\"2560\" \/>\n\t<meta property=\"og:image:height\" content=\"1706\" \/>\n\t<meta property=\"og:image:type\" content=\"image\/jpeg\" \/>\n<meta name=\"author\" content=\"Dani Civera\" \/>\n<meta name=\"twitter:card\" content=\"summary_large_image\" \/>\n<meta name=\"twitter:label1\" content=\"Written by\" \/>\n\t<meta name=\"twitter:data1\" content=\"Dani Civera\" \/>\n\t<meta name=\"twitter:label2\" content=\"Estimated reading time\" \/>\n\t<meta name=\"twitter:data2\" content=\"3 minutes\" \/>\n<script type=\"application\/ld+json\" class=\"yoast-schema-graph\">{\"@context\":\"https:\/\/schema.org\",\"@graph\":[{\"@type\":\"Article\",\"@id\":\"https:\/\/www.firstlapf1.com\/analisis-los-objetivos-de-las-escuderias-de-motogp-para-2025-parte-1\/#article\",\"isPartOf\":{\"@id\":\"https:\/\/www.firstlapf1.com\/analisis-los-objetivos-de-las-escuderias-de-motogp-para-2025-parte-1\/\"},\"author\":{\"name\":\"Dani Civera\",\"@id\":\"https:\/\/www.firstlapf1.com\/#\/schema\/person\/442679fea0465f45a1be307d037843ff\"},\"headline\":\"An\u00e1lisis: Los objetivos de las escuder\u00edas de MotoGP para 2025 (Parte 1)\",\"datePublished\":\"2025-01-31T08:26:47+00:00\",\"dateModified\":\"2025-01-31T08:26:53+00:00\",\"mainEntityOfPage\":{\"@id\":\"https:\/\/www.firstlapf1.com\/analisis-los-objetivos-de-las-escuderias-de-motogp-para-2025-parte-1\/\"},\"wordCount\":432,\"image\":{\"@id\":\"https:\/\/www.firstlapf1.com\/analisis-los-objetivos-de-las-escuderias-de-motogp-para-2025-parte-1\/#primaryimage\"},\"thumbnailUrl\":\"https:\/\/www.firstlapf1.com\/wp-content\/uploads\/2025\/01\/20250130_093609-scaled.jpg\",\"articleSection\":[\"BK8 Gresini Racing MotoGP\",\"Ducati Lenovo Team\",\"Escuder\u00edas MotoGP\",\"Pertamina Enduro VR46 Racing Team\"],\"inLanguage\":\"en-GB\"},{\"@type\":\"WebPage\",\"@id\":\"https:\/\/www.firstlapf1.com\/analisis-los-objetivos-de-las-escuderias-de-motogp-para-2025-parte-1\/\",\"url\":\"https:\/\/www.firstlapf1.com\/analisis-los-objetivos-de-las-escuderias-de-motogp-para-2025-parte-1\/\",\"name\":\"An\u00e1lisis: Los objetivos de las escuder\u00edas de MotoGP para 2025 (Parte 1) - Noticias F1 en espa\u00f1ol\",\"isPartOf\":{\"@id\":\"https:\/\/www.firstlapf1.com\/#website\"},\"primaryImageOfPage\":{\"@id\":\"https:\/\/www.firstlapf1.com\/analisis-los-objetivos-de-las-escuderias-de-motogp-para-2025-parte-1\/#primaryimage\"},\"image\":{\"@id\":\"https:\/\/www.firstlapf1.com\/analisis-los-objetivos-de-las-escuderias-de-motogp-para-2025-parte-1\/#primaryimage\"},\"thumbnailUrl\":\"https:\/\/www.firstlapf1.com\/wp-content\/uploads\/2025\/01\/20250130_093609-scaled.jpg\",\"datePublished\":\"2025-01-31T08:26:47+00:00\",\"dateModified\":\"2025-01-31T08:26:53+00:00\",\"author\":{\"@id\":\"https:\/\/www.firstlapf1.com\/#\/schema\/person\/442679fea0465f45a1be307d037843ff\"},\"description\":\"Nos acercamos a la pretemporada, por lo que en FirstLap F1 repasaremos los objetivos de las escuder\u00edas de MotoGP para 2025\",\"inLanguage\":\"en-GB\",\"potentialAction\":[{\"@type\":\"ReadAction\",\"target\":[\"https:\/\/www.firstlapf1.com\/analisis-los-objetivos-de-las-escuderias-de-motogp-para-2025-parte-1\/\"]}]},{\"@type\":\"ImageObject\",\"inLanguage\":\"en-GB\",\"@id\":\"https:\/\/www.firstlapf1.com\/analisis-los-objetivos-de-las-escuderias-de-motogp-para-2025-parte-1\/#primaryimage\",\"url\":\"https:\/\/www.firstlapf1.com\/wp-content\/uploads\/2025\/01\/20250130_093609-scaled.jpg\",\"contentUrl\":\"https:\/\/www.firstlapf1.com\/wp-content\/uploads\/2025\/01\/20250130_093609-scaled.jpg\",\"width\":2560,\"height\":1706},{\"@type\":\"WebSite\",\"@id\":\"https:\/\/www.firstlapf1.com\/#website\",\"url\":\"https:\/\/www.firstlapf1.com\/\",\"name\":\"Noticias F1 en espa\u00f1ol\",\"description\":\"Noticias F1 en espa\u00f1ol\",\"potentialAction\":[{\"@type\":\"SearchAction\",\"target\":{\"@type\":\"EntryPoint\",\"urlTemplate\":\"https:\/\/www.firstlapf1.com\/?s={search_term_string}\"},\"query-input\":{\"@type\":\"PropertyValueSpecification\",\"valueRequired\":true,\"valueName\":\"search_term_string\"}}],\"inLanguage\":\"en-GB\"},{\"@type\":\"Person\",\"@id\":\"https:\/\/www.firstlapf1.com\/#\/schema\/person\/442679fea0465f45a1be307d037843ff\",\"name\":\"Dani Civera\",\"image\":{\"@type\":\"ImageObject\",\"inLanguage\":\"en-GB\",\"@id\":\"https:\/\/www.firstlapf1.com\/#\/schema\/person\/image\/\",\"url\":\"https:\/\/secure.gravatar.com\/avatar\/899c5e4895d87e411656faaf396bd4f7b4862db6f2b9334c3517b0053e179d52?s=96&d=mm&r=g\",\"contentUrl\":\"https:\/\/secure.gravatar.com\/avatar\/899c5e4895d87e411656faaf396bd4f7b4862db6f2b9334c3517b0053e179d52?s=96&d=mm&r=g\",\"caption\":\"Dani Civera\"},\"sameAs\":[\"http:\/\/www.firstlapf1.com\/\"],\"url\":\"https:\/\/www.firstlapf1.com\/en\/author\/danciv\/\"}]}<\/script>\n<!-- \/ Yoast SEO plugin. -->","yoast_head_json":{"title":"An\u00e1lisis: Los objetivos de las escuder\u00edas de MotoGP para 2025 (Parte 1) - Noticias F1 en espa\u00f1ol","description":"Nos acercamos a la pretemporada, por lo que en FirstLap F1 repasaremos los objetivos de las escuder\u00edas de MotoGP para 2025","robots":{"index":"index","follow":"follow","max-snippet":"max-snippet:-1","max-image-preview":"max-image-preview:large","max-video-preview":"max-video-preview:-1"},"canonical":"https:\/\/www.firstlapf1.com\/en\/analisis-los-objetivos-de-las-escuderias-de-motogp-para-2025-parte-1\/","og_locale":"en_GB","og_type":"article","og_title":"An\u00e1lisis: Los objetivos de las escuder\u00edas de MotoGP para 2025 (Parte 1) - Noticias F1 en espa\u00f1ol","og_description":"Nos acercamos a la pretemporada, por lo que en FirstLap F1 repasaremos los objetivos de las escuder\u00edas de MotoGP para 2025","og_url":"https:\/\/www.firstlapf1.com\/en\/analisis-los-objetivos-de-las-escuderias-de-motogp-para-2025-parte-1\/","og_site_name":"Noticias F1 en espa\u00f1ol","article_published_time":"2025-01-31T08:26:47+00:00","article_modified_time":"2025-01-31T08:26:53+00:00","og_image":[{"width":2560,"height":1706,"url":"https:\/\/www.firstlapf1.com\/wp-content\/uploads\/2025\/01\/20250130_093609-scaled.jpg","type":"image\/jpeg"}],"author":"Dani Civera","twitter_card":"summary_large_image","twitter_misc":{"Written by":"Dani Civera","Estimated reading time":"3 minutes"},"schema":{"@context":"https:\/\/schema.org","@graph":[{"@type":"Article","@id":"https:\/\/www.firstlapf1.com\/analisis-los-objetivos-de-las-escuderias-de-motogp-para-2025-parte-1\/#article","isPartOf":{"@id":"https:\/\/www.firstlapf1.com\/analisis-los-objetivos-de-las-escuderias-de-motogp-para-2025-parte-1\/"},"author":{"name":"Dani Civera","@id":"https:\/\/www.firstlapf1.com\/#\/schema\/person\/442679fea0465f45a1be307d037843ff"},"headline":"An\u00e1lisis: Los objetivos de las escuder\u00edas de MotoGP para 2025 (Parte 1)","datePublished":"2025-01-31T08:26:47+00:00","dateModified":"2025-01-31T08:26:53+00:00","mainEntityOfPage":{"@id":"https:\/\/www.firstlapf1.com\/analisis-los-objetivos-de-las-escuderias-de-motogp-para-2025-parte-1\/"},"wordCount":432,"image":{"@id":"https:\/\/www.firstlapf1.com\/analisis-los-objetivos-de-las-escuderias-de-motogp-para-2025-parte-1\/#primaryimage"},"thumbnailUrl":"https:\/\/www.firstlapf1.com\/wp-content\/uploads\/2025\/01\/20250130_093609-scaled.jpg","articleSection":["BK8 Gresini Racing MotoGP","Ducati Lenovo Team","Escuder\u00edas MotoGP","Pertamina Enduro VR46 Racing Team"],"inLanguage":"en-GB"},{"@type":"WebPage","@id":"https:\/\/www.firstlapf1.com\/analisis-los-objetivos-de-las-escuderias-de-motogp-para-2025-parte-1\/","url":"https:\/\/www.firstlapf1.com\/analisis-los-objetivos-de-las-escuderias-de-motogp-para-2025-parte-1\/","name":"An\u00e1lisis: Los objetivos de las escuder\u00edas de MotoGP para 2025 (Parte 1) - Noticias F1 en espa\u00f1ol","isPartOf":{"@id":"https:\/\/www.firstlapf1.com\/#website"},"primaryImageOfPage":{"@id":"https:\/\/www.firstlapf1.com\/analisis-los-objetivos-de-las-escuderias-de-motogp-para-2025-parte-1\/#primaryimage"},"image":{"@id":"https:\/\/www.firstlapf1.com\/analisis-los-objetivos-de-las-escuderias-de-motogp-para-2025-parte-1\/#primaryimage"},"thumbnailUrl":"https:\/\/www.firstlapf1.com\/wp-content\/uploads\/2025\/01\/20250130_093609-scaled.jpg","datePublished":"2025-01-31T08:26:47+00:00","dateModified":"2025-01-31T08:26:53+00:00","author":{"@id":"https:\/\/www.firstlapf1.com\/#\/schema\/person\/442679fea0465f45a1be307d037843ff"},"description":"Nos acercamos a la pretemporada, por lo que en FirstLap F1 repasaremos los objetivos de las escuder\u00edas de MotoGP para 2025","inLanguage":"en-GB","potentialAction":[{"@type":"ReadAction","target":["https:\/\/www.firstlapf1.com\/analisis-los-objetivos-de-las-escuderias-de-motogp-para-2025-parte-1\/"]}]},{"@type":"ImageObject","inLanguage":"en-GB","@id":"https:\/\/www.firstlapf1.com\/analisis-los-objetivos-de-las-escuderias-de-motogp-para-2025-parte-1\/#primaryimage","url":"https:\/\/www.firstlapf1.com\/wp-content\/uploads\/2025\/01\/20250130_093609-scaled.jpg","contentUrl":"https:\/\/www.firstlapf1.com\/wp-content\/uploads\/2025\/01\/20250130_093609-scaled.jpg","width":2560,"height":1706},{"@type":"WebSite","@id":"https:\/\/www.firstlapf1.com\/#website","url":"https:\/\/www.firstlapf1.com\/","name":"Noticias F1 en espa\u00f1ol","description":"Noticias F1 en espa\u00f1ol","potentialAction":[{"@type":"SearchAction","target":{"@type":"EntryPoint","urlTemplate":"https:\/\/www.firstlapf1.com\/?s={search_term_string}"},"query-input":{"@type":"PropertyValueSpecification","valueRequired":true,"valueName":"search_term_string"}}],"inLanguage":"en-GB"},{"@type":"Person","@id":"https:\/\/www.firstlapf1.com\/#\/schema\/person\/442679fea0465f45a1be307d037843ff","name":"Dani Civera","image":{"@type":"ImageObject","inLanguage":"en-GB","@id":"https:\/\/www.firstlapf1.com\/#\/schema\/person\/image\/","url":"https:\/\/secure.gravatar.com\/avatar\/899c5e4895d87e411656faaf396bd4f7b4862db6f2b9334c3517b0053e179d52?s=96&d=mm&r=g","contentUrl":"https:\/\/secure.gravatar.com\/avatar\/899c5e4895d87e411656faaf396bd4f7b4862db6f2b9334c3517b0053e179d52?s=96&d=mm&r=g","caption":"Dani Civera"},"sameAs":["http:\/\/www.firstlapf1.com\/"],"url":"https:\/\/www.firstlapf1.com\/en\/author\/danciv\/"}]}},"jetpack_featured_media_url":"https:\/\/www.firstlapf1.com\/wp-content\/uploads\/2025\/01\/20250130_093609-scaled.jpg","jetpack_sharing_enabled":true,"_links":{"self":[{"href":"https:\/\/www.firstlapf1.com\/en\/wp-json\/wp\/v2\/posts\/12689","targetHints":{"allow":["GET"]}}],"collection":[{"href":"https:\/\/www.firstlapf1.com\/en\/wp-json\/wp\/v2\/posts"}],"about":[{"href":"https:\/\/www.firstlapf1.com\/en\/wp-json\/wp\/v2\/types\/post"}],"author":[{"embeddable":true,"href":"https:\/\/www.firstlapf1.com\/en\/wp-json\/wp\/v2\/users\/61"}],"replies":[{"embeddable":true,"href":"https:\/\/www.firstlapf1.com\/en\/wp-json\/wp\/v2\/comments?post=12689"}],"version-history":[{"count":3,"href":"https:\/\/www.firstlapf1.com\/en\/wp-json\/wp\/v2\/posts\/12689\/revisions"}],"predecessor-version":[{"id":12712,"href":"https:\/\/www.firstlapf1.com\/en\/wp-json\/wp\/v2\/posts\/12689\/revisions\/12712"}],"wp:featuredmedia":[{"embeddable":true,"href":"https:\/\/www.firstlapf1.com\/en\/wp-json\/wp\/v2\/media\/12711"}],"wp:attachment":[{"href":"https:\/\/www.firstlapf1.com\/en\/wp-json\/wp\/v2\/media?parent=12689"}],"wp:term":[{"taxonomy":"category","embeddable":true,"href":"https:\/\/www.firstlapf1.com\/en\/wp-json\/wp\/v2\/categories?post=12689"},{"taxonomy":"post_tag","embeddable":true,"href":"https:\/\/www.firstlapf1.com\/en\/wp-json\/wp\/v2\/tags?post=12689"}],"curies":[{"name":"wp","href":"https:\/\/api.w.org\/{rel}","templated":true}]}}