{"id":10579,"date":"2024-09-20T18:56:53","date_gmt":"2024-09-20T18:56:53","guid":{"rendered":"https:\/\/www.firstlapf1.com\/?p=10579"},"modified":"2024-09-20T18:56:56","modified_gmt":"2024-09-20T18:56:56","slug":"resultados-practica-bagnaia-es-el-favorito","status":"publish","type":"post","link":"https:\/\/www.firstlapf1.com\/en\/resultados-practica-bagnaia-es-el-favorito\/","title":{"rendered":"Resultados Pr\u00e1ctica: Bagnaia es el favorito"},"content":{"rendered":"<h2 class=\"wp-block-heading\">Bagnaia es l\u00edder de los resultados de la pr\u00e1ctica de Emilia Roma\u00f1a en una sesi\u00f3n con varias banderas amarillas y accidentes<\/h2>\n\n\n\n<p>El sol luc\u00eda espl\u00e9ndido listo para conocer los resultados de la pr\u00e1ctica en Emilia Roma\u00f1a. Uno de los pilotos en poner la moto sobre el asfalto italiano fue Marc M\u00e1rquez, l\u00edder de los libres 1 de esta ma\u00f1ana. Poco a poco salieron el resto de los pilotos y una bandera amarilla de Jack Miller pero sin mucho que destacar ya que no sufri\u00f3 ning\u00fan tipo de da\u00f1o tanto el piloto como la moto.<\/p>\n\n\n\n<p>A medida que iban pasando por l\u00ednea de meta y cerraban los tiempos se fueron organizando. Jorge Martin estuvo muy fuerte durante gran parte de la sesi\u00f3n. Pedro Acosta provoc\u00f3 la segunda bandera amarilla pero, al igual que la otra, sin problemas y pudiendo continuar con la sesi\u00f3n del viernes.<\/p>\n\n\n\n<p>Con 20 minutos ya corridos llegaba la tercera bandera amarilla debido a que Miguel Oliveira se cay\u00f3. Este corri\u00f3 peor suerte ya que no pudo continuar y tuvo que llegar hasta el box para poder cambiar de moto y poder seguir con la sesi\u00f3n para obtener buenos resultados en la pr\u00e1ctica de <a href=\"https:\/\/www.firstlapf1.com\/en\/horario-y-donde-ver-el-gp-de-emilia-romana\/\" target=\"_blank\" rel=\"noreferrer noopener\">Emilia Roma\u00f1a.<\/a><\/p>\n\n\n\n<h2 class=\"wp-block-heading has-normal-font-size\">Banderas amarillas con accidentes fuertes<\/h2>\n\n\n\n<p>Poco tard\u00f3 la bandera amarilla de Alex M\u00e1rquez en aparecer que ca\u00eda directo a la grava y, como consecuencia de este suceso cambi\u00f3 la moto, al igual que Oliveira junto con el mono y sali\u00f3 a pista para continuar con la sesi\u00f3n.<\/p>\n\n\n\n<p>A 10 minutos del final, la mayor\u00eda de pilotos se encontraban dentro de los boxes listos para salir a la pista y probar los \u00faltimos detalles para poner la moto al punto y perfecta para las sesiones de los pr\u00f3ximos d\u00edas adem\u00e1s de conseguir una plaza privilegiada en la Q1. <\/p>\n\n\n\n<p>Muchos se pasaron de frenada pero Jorge y Di Giannantonio. Este \u00faltimo s\u00ed que sufr\u00eda un accidente fort\u00edsimo que le hac\u00eda abandonar ya que, en las im\u00e1genes, parec\u00eda haberse hecho alg\u00fan tipo de da\u00f1o en la mu\u00f1eco o en el brazo. Bastianini tambi\u00e9n se cay\u00f3 pero pudo levantarse por su propio pie y llevar la moto a una zona segura y quitarla as\u00ed de en medio de la pista. <a href=\"https:\/\/en.wikipedia.org\/wiki\/Fabio_Di_Giannantonio\" target=\"_blank\" rel=\"noreferrer noopener\">Fabio Di Gianantonio<\/a> pasar\u00e1 por el centro m\u00e9dico para comprobar que el accidente de los resultados de la pr\u00e1ctica en Emilia Roma\u00f1a sean positivos y aseguren el bienestar del piloto.<\/p>\n\n\n\n<p>Finalmente la sesi\u00f3n terminaba con la primera posici\u00f3n de Bagnaia y el resto de los clasificados para la Q1:  Martin, M\u00e1rquez, Bastianini, Quartararo, Morbidelli, Bezzechi, Vi\u00f1ales Acosta y Espargar\u00f3.<\/p>\n\n\n\n<figure class=\"wp-block-image size-large\"><img loading=\"lazy\" decoding=\"async\" width=\"1024\" height=\"468\" src=\"https:\/\/www.firstlapf1.com\/wp-content\/uploads\/2024\/09\/resultados-de-la-practica-de-Emilia-Romana-1-1024x468.jpg\" alt=\"\" class=\"wp-image-10583\" srcset=\"https:\/\/www.firstlapf1.com\/wp-content\/uploads\/2024\/09\/resultados-de-la-practica-de-Emilia-Romana-1-1024x468.jpg 1024w, https:\/\/www.firstlapf1.com\/wp-content\/uploads\/2024\/09\/resultados-de-la-practica-de-Emilia-Romana-1-300x137.jpg 300w, https:\/\/www.firstlapf1.com\/wp-content\/uploads\/2024\/09\/resultados-de-la-practica-de-Emilia-Romana-1-768x351.jpg 768w, https:\/\/www.firstlapf1.com\/wp-content\/uploads\/2024\/09\/resultados-de-la-practica-de-Emilia-Romana-1-18x8.jpg 18w, https:\/\/www.firstlapf1.com\/wp-content\/uploads\/2024\/09\/resultados-de-la-practica-de-Emilia-Romana-1.jpg 1079w\" sizes=\"auto, (max-width: 1024px) 100vw, 1024px\" \/><\/figure>","protected":false},"excerpt":{"rendered":"<p>Bagnaia es l\u00edder de los resultados de la pr\u00e1ctica de Emilia Roma\u00f1a en una sesi\u00f3n con varias banderas amarillas y accidentes &hellip; <span class=\"more-button\"><a href=\"https:\/\/www.firstlapf1.com\/en\/resultados-practica-bagnaia-es-el-favorito\/\" class=\"more-link\">Continue reading<span class=\"screen-reader-text\">Resultados Pr\u00e1ctica: Bagnaia es el favorito<\/span><\/a><\/span><\/p>","protected":false},"author":36,"featured_media":10582,"comment_status":"closed","ping_status":"open","sticky":false,"template":"","format":"standard","meta":{"_jetpack_memberships_contains_paid_content":false,"footnotes":""},"categories":[113,103,101,126],"tags":[],"class_list":["post-10579","post","type-post","status-publish","format-standard","has-post-thumbnail","hentry","category-circuitos-motogp","category-ducati","category-motogp","category-san-marino"],"yoast_head":"<!-- This site is optimized with the Yoast SEO plugin v27.0 - https:\/\/yoast.com\/product\/yoast-seo-wordpress\/ -->\n<title>Resultados pr\u00e1ctica: Bagnaia es el favorito<\/title>\n<meta name=\"description\" content=\"Bagnaia es l\u00edder de los resultados de la pr\u00e1ctica de Emilia Roma\u00f1a en una sesi\u00f3n con varias banderas amarillas y accidentes\" \/>\n<meta name=\"robots\" content=\"index, follow, max-snippet:-1, max-image-preview:large, max-video-preview:-1\" \/>\n<link rel=\"canonical\" href=\"https:\/\/www.firstlapf1.com\/en\/resultados-practica-bagnaia-es-el-favorito\/\" \/>\n<meta property=\"og:locale\" content=\"en_GB\" \/>\n<meta property=\"og:type\" content=\"article\" \/>\n<meta property=\"og:title\" content=\"Resultados pr\u00e1ctica: Bagnaia es el favorito\" \/>\n<meta property=\"og:description\" content=\"Bagnaia es l\u00edder de los resultados de la pr\u00e1ctica de Emilia Roma\u00f1a en una sesi\u00f3n con varias banderas amarillas y accidentes\" \/>\n<meta property=\"og:url\" content=\"https:\/\/www.firstlapf1.com\/en\/resultados-practica-bagnaia-es-el-favorito\/\" \/>\n<meta property=\"og:site_name\" content=\"Noticias F1 en espa\u00f1ol\" \/>\n<meta property=\"article:published_time\" content=\"2024-09-20T18:56:53+00:00\" \/>\n<meta property=\"article:modified_time\" content=\"2024-09-20T18:56:56+00:00\" \/>\n<meta property=\"og:image\" content=\"https:\/\/www.firstlapf1.com\/wp-content\/uploads\/2024\/09\/resultados-de-la-practica-de-Emilia-Romana.jpg\" \/>\n\t<meta property=\"og:image:width\" content=\"1920\" \/>\n\t<meta property=\"og:image:height\" content=\"1080\" \/>\n\t<meta property=\"og:image:type\" content=\"image\/jpeg\" \/>\n<meta name=\"author\" content=\"Pilar Lora-Paquet\" \/>\n<meta name=\"twitter:card\" content=\"summary_large_image\" \/>\n<meta name=\"twitter:label1\" content=\"Written by\" \/>\n\t<meta name=\"twitter:data1\" content=\"Pilar Lora-Paquet\" \/>\n\t<meta name=\"twitter:label2\" content=\"Estimated reading time\" \/>\n\t<meta name=\"twitter:data2\" content=\"3 minutes\" \/>\n<script type=\"application\/ld+json\" class=\"yoast-schema-graph\">{\"@context\":\"https:\/\/schema.org\",\"@graph\":[{\"@type\":\"Article\",\"@id\":\"https:\/\/www.firstlapf1.com\/resultados-practica-bagnaia-es-el-favorito\/#article\",\"isPartOf\":{\"@id\":\"https:\/\/www.firstlapf1.com\/resultados-practica-bagnaia-es-el-favorito\/\"},\"author\":{\"name\":\"Pilar Lora-Paquet\",\"@id\":\"https:\/\/www.firstlapf1.com\/#\/schema\/person\/d27dc1f78b39797d415074821cf43373\"},\"headline\":\"Resultados Pr\u00e1ctica: Bagnaia es el favorito\",\"datePublished\":\"2024-09-20T18:56:53+00:00\",\"dateModified\":\"2024-09-20T18:56:56+00:00\",\"mainEntityOfPage\":{\"@id\":\"https:\/\/www.firstlapf1.com\/resultados-practica-bagnaia-es-el-favorito\/\"},\"wordCount\":469,\"image\":{\"@id\":\"https:\/\/www.firstlapf1.com\/resultados-practica-bagnaia-es-el-favorito\/#primaryimage\"},\"thumbnailUrl\":\"https:\/\/www.firstlapf1.com\/wp-content\/uploads\/2024\/09\/resultados-de-la-practica-de-Emilia-Romana.jpg\",\"articleSection\":[\"Circuitos MotoGP\",\"Ducati Lenovo Team\",\"Escuder\u00edas MotoGP\",\"GP San Marino (Misano World Circuit Marco Simoncelli)\"],\"inLanguage\":\"en-GB\"},{\"@type\":\"WebPage\",\"@id\":\"https:\/\/www.firstlapf1.com\/resultados-practica-bagnaia-es-el-favorito\/\",\"url\":\"https:\/\/www.firstlapf1.com\/resultados-practica-bagnaia-es-el-favorito\/\",\"name\":\"Resultados pr\u00e1ctica: Bagnaia es el favorito\",\"isPartOf\":{\"@id\":\"https:\/\/www.firstlapf1.com\/#website\"},\"primaryImageOfPage\":{\"@id\":\"https:\/\/www.firstlapf1.com\/resultados-practica-bagnaia-es-el-favorito\/#primaryimage\"},\"image\":{\"@id\":\"https:\/\/www.firstlapf1.com\/resultados-practica-bagnaia-es-el-favorito\/#primaryimage\"},\"thumbnailUrl\":\"https:\/\/www.firstlapf1.com\/wp-content\/uploads\/2024\/09\/resultados-de-la-practica-de-Emilia-Romana.jpg\",\"datePublished\":\"2024-09-20T18:56:53+00:00\",\"dateModified\":\"2024-09-20T18:56:56+00:00\",\"author\":{\"@id\":\"https:\/\/www.firstlapf1.com\/#\/schema\/person\/d27dc1f78b39797d415074821cf43373\"},\"description\":\"Bagnaia es l\u00edder de los resultados de la pr\u00e1ctica de Emilia Roma\u00f1a en una sesi\u00f3n con varias banderas amarillas y accidentes\",\"inLanguage\":\"en-GB\",\"potentialAction\":[{\"@type\":\"ReadAction\",\"target\":[\"https:\/\/www.firstlapf1.com\/resultados-practica-bagnaia-es-el-favorito\/\"]}]},{\"@type\":\"ImageObject\",\"inLanguage\":\"en-GB\",\"@id\":\"https:\/\/www.firstlapf1.com\/resultados-practica-bagnaia-es-el-favorito\/#primaryimage\",\"url\":\"https:\/\/www.firstlapf1.com\/wp-content\/uploads\/2024\/09\/resultados-de-la-practica-de-Emilia-Romana.jpg\",\"contentUrl\":\"https:\/\/www.firstlapf1.com\/wp-content\/uploads\/2024\/09\/resultados-de-la-practica-de-Emilia-Romana.jpg\",\"width\":1920,\"height\":1080},{\"@type\":\"WebSite\",\"@id\":\"https:\/\/www.firstlapf1.com\/#website\",\"url\":\"https:\/\/www.firstlapf1.com\/\",\"name\":\"Noticias F1 en espa\u00f1ol\",\"description\":\"Noticias F1 en espa\u00f1ol\",\"potentialAction\":[{\"@type\":\"SearchAction\",\"target\":{\"@type\":\"EntryPoint\",\"urlTemplate\":\"https:\/\/www.firstlapf1.com\/?s={search_term_string}\"},\"query-input\":{\"@type\":\"PropertyValueSpecification\",\"valueRequired\":true,\"valueName\":\"search_term_string\"}}],\"inLanguage\":\"en-GB\"},{\"@type\":\"Person\",\"@id\":\"https:\/\/www.firstlapf1.com\/#\/schema\/person\/d27dc1f78b39797d415074821cf43373\",\"name\":\"Pilar Lora-Paquet\",\"image\":{\"@type\":\"ImageObject\",\"inLanguage\":\"en-GB\",\"@id\":\"https:\/\/www.firstlapf1.com\/#\/schema\/person\/image\/\",\"url\":\"https:\/\/secure.gravatar.com\/avatar\/8387d351dae5a517ebe4af4c40d081973b3dc88bcb2265dcc2979ef0e2803131?s=96&d=mm&r=g\",\"contentUrl\":\"https:\/\/secure.gravatar.com\/avatar\/8387d351dae5a517ebe4af4c40d081973b3dc88bcb2265dcc2979ef0e2803131?s=96&d=mm&r=g\",\"caption\":\"Pilar Lora-Paquet\"},\"sameAs\":[\"http:\/\/www.firstlapf1.com\/\"],\"url\":\"https:\/\/www.firstlapf1.com\/en\/author\/plorapaquet\/\"}]}<\/script>\n<!-- \/ Yoast SEO plugin. -->","yoast_head_json":{"title":"Resultados pr\u00e1ctica: Bagnaia es el favorito","description":"Bagnaia es l\u00edder de los resultados de la pr\u00e1ctica de Emilia Roma\u00f1a en una sesi\u00f3n con varias banderas amarillas y accidentes","robots":{"index":"index","follow":"follow","max-snippet":"max-snippet:-1","max-image-preview":"max-image-preview:large","max-video-preview":"max-video-preview:-1"},"canonical":"https:\/\/www.firstlapf1.com\/en\/resultados-practica-bagnaia-es-el-favorito\/","og_locale":"en_GB","og_type":"article","og_title":"Resultados pr\u00e1ctica: Bagnaia es el favorito","og_description":"Bagnaia es l\u00edder de los resultados de la pr\u00e1ctica de Emilia Roma\u00f1a en una sesi\u00f3n con varias banderas amarillas y accidentes","og_url":"https:\/\/www.firstlapf1.com\/en\/resultados-practica-bagnaia-es-el-favorito\/","og_site_name":"Noticias F1 en espa\u00f1ol","article_published_time":"2024-09-20T18:56:53+00:00","article_modified_time":"2024-09-20T18:56:56+00:00","og_image":[{"width":1920,"height":1080,"url":"https:\/\/www.firstlapf1.com\/wp-content\/uploads\/2024\/09\/resultados-de-la-practica-de-Emilia-Romana.jpg","type":"image\/jpeg"}],"author":"Pilar Lora-Paquet","twitter_card":"summary_large_image","twitter_misc":{"Written by":"Pilar Lora-Paquet","Estimated reading time":"3 minutes"},"schema":{"@context":"https:\/\/schema.org","@graph":[{"@type":"Article","@id":"https:\/\/www.firstlapf1.com\/resultados-practica-bagnaia-es-el-favorito\/#article","isPartOf":{"@id":"https:\/\/www.firstlapf1.com\/resultados-practica-bagnaia-es-el-favorito\/"},"author":{"name":"Pilar Lora-Paquet","@id":"https:\/\/www.firstlapf1.com\/#\/schema\/person\/d27dc1f78b39797d415074821cf43373"},"headline":"Resultados Pr\u00e1ctica: Bagnaia es el favorito","datePublished":"2024-09-20T18:56:53+00:00","dateModified":"2024-09-20T18:56:56+00:00","mainEntityOfPage":{"@id":"https:\/\/www.firstlapf1.com\/resultados-practica-bagnaia-es-el-favorito\/"},"wordCount":469,"image":{"@id":"https:\/\/www.firstlapf1.com\/resultados-practica-bagnaia-es-el-favorito\/#primaryimage"},"thumbnailUrl":"https:\/\/www.firstlapf1.com\/wp-content\/uploads\/2024\/09\/resultados-de-la-practica-de-Emilia-Romana.jpg","articleSection":["Circuitos MotoGP","Ducati Lenovo Team","Escuder\u00edas MotoGP","GP San Marino (Misano World Circuit Marco Simoncelli)"],"inLanguage":"en-GB"},{"@type":"WebPage","@id":"https:\/\/www.firstlapf1.com\/resultados-practica-bagnaia-es-el-favorito\/","url":"https:\/\/www.firstlapf1.com\/resultados-practica-bagnaia-es-el-favorito\/","name":"Resultados pr\u00e1ctica: Bagnaia es el favorito","isPartOf":{"@id":"https:\/\/www.firstlapf1.com\/#website"},"primaryImageOfPage":{"@id":"https:\/\/www.firstlapf1.com\/resultados-practica-bagnaia-es-el-favorito\/#primaryimage"},"image":{"@id":"https:\/\/www.firstlapf1.com\/resultados-practica-bagnaia-es-el-favorito\/#primaryimage"},"thumbnailUrl":"https:\/\/www.firstlapf1.com\/wp-content\/uploads\/2024\/09\/resultados-de-la-practica-de-Emilia-Romana.jpg","datePublished":"2024-09-20T18:56:53+00:00","dateModified":"2024-09-20T18:56:56+00:00","author":{"@id":"https:\/\/www.firstlapf1.com\/#\/schema\/person\/d27dc1f78b39797d415074821cf43373"},"description":"Bagnaia es l\u00edder de los resultados de la pr\u00e1ctica de Emilia Roma\u00f1a en una sesi\u00f3n con varias banderas amarillas y accidentes","inLanguage":"en-GB","potentialAction":[{"@type":"ReadAction","target":["https:\/\/www.firstlapf1.com\/resultados-practica-bagnaia-es-el-favorito\/"]}]},{"@type":"ImageObject","inLanguage":"en-GB","@id":"https:\/\/www.firstlapf1.com\/resultados-practica-bagnaia-es-el-favorito\/#primaryimage","url":"https:\/\/www.firstlapf1.com\/wp-content\/uploads\/2024\/09\/resultados-de-la-practica-de-Emilia-Romana.jpg","contentUrl":"https:\/\/www.firstlapf1.com\/wp-content\/uploads\/2024\/09\/resultados-de-la-practica-de-Emilia-Romana.jpg","width":1920,"height":1080},{"@type":"WebSite","@id":"https:\/\/www.firstlapf1.com\/#website","url":"https:\/\/www.firstlapf1.com\/","name":"Noticias F1 en espa\u00f1ol","description":"Noticias F1 en espa\u00f1ol","potentialAction":[{"@type":"SearchAction","target":{"@type":"EntryPoint","urlTemplate":"https:\/\/www.firstlapf1.com\/?s={search_term_string}"},"query-input":{"@type":"PropertyValueSpecification","valueRequired":true,"valueName":"search_term_string"}}],"inLanguage":"en-GB"},{"@type":"Person","@id":"https:\/\/www.firstlapf1.com\/#\/schema\/person\/d27dc1f78b39797d415074821cf43373","name":"Pilar Lora-Paquet","image":{"@type":"ImageObject","inLanguage":"en-GB","@id":"https:\/\/www.firstlapf1.com\/#\/schema\/person\/image\/","url":"https:\/\/secure.gravatar.com\/avatar\/8387d351dae5a517ebe4af4c40d081973b3dc88bcb2265dcc2979ef0e2803131?s=96&d=mm&r=g","contentUrl":"https:\/\/secure.gravatar.com\/avatar\/8387d351dae5a517ebe4af4c40d081973b3dc88bcb2265dcc2979ef0e2803131?s=96&d=mm&r=g","caption":"Pilar Lora-Paquet"},"sameAs":["http:\/\/www.firstlapf1.com\/"],"url":"https:\/\/www.firstlapf1.com\/en\/author\/plorapaquet\/"}]}},"jetpack_featured_media_url":"https:\/\/www.firstlapf1.com\/wp-content\/uploads\/2024\/09\/resultados-de-la-practica-de-Emilia-Romana.jpg","jetpack_sharing_enabled":true,"_links":{"self":[{"href":"https:\/\/www.firstlapf1.com\/en\/wp-json\/wp\/v2\/posts\/10579","targetHints":{"allow":["GET"]}}],"collection":[{"href":"https:\/\/www.firstlapf1.com\/en\/wp-json\/wp\/v2\/posts"}],"about":[{"href":"https:\/\/www.firstlapf1.com\/en\/wp-json\/wp\/v2\/types\/post"}],"author":[{"embeddable":true,"href":"https:\/\/www.firstlapf1.com\/en\/wp-json\/wp\/v2\/users\/36"}],"replies":[{"embeddable":true,"href":"https:\/\/www.firstlapf1.com\/en\/wp-json\/wp\/v2\/comments?post=10579"}],"version-history":[{"count":2,"href":"https:\/\/www.firstlapf1.com\/en\/wp-json\/wp\/v2\/posts\/10579\/revisions"}],"predecessor-version":[{"id":10588,"href":"https:\/\/www.firstlapf1.com\/en\/wp-json\/wp\/v2\/posts\/10579\/revisions\/10588"}],"wp:featuredmedia":[{"embeddable":true,"href":"https:\/\/www.firstlapf1.com\/en\/wp-json\/wp\/v2\/media\/10582"}],"wp:attachment":[{"href":"https:\/\/www.firstlapf1.com\/en\/wp-json\/wp\/v2\/media?parent=10579"}],"wp:term":[{"taxonomy":"category","embeddable":true,"href":"https:\/\/www.firstlapf1.com\/en\/wp-json\/wp\/v2\/categories?post=10579"},{"taxonomy":"post_tag","embeddable":true,"href":"https:\/\/www.firstlapf1.com\/en\/wp-json\/wp\/v2\/tags?post=10579"}],"curies":[{"name":"wp","href":"https:\/\/api.w.org\/{rel}","templated":true}]}}